{"id":93951,"date":"2011-12-21T00:13:01","date_gmt":"2011-12-21T00:13:01","guid":{"rendered":"http:\/\/www.fuldaer-nachrichten.de\/?p=93951"},"modified":"2011-12-21T10:30:11","modified_gmt":"2011-12-21T10:30:11","slug":"edle-briefmarken-zum-jahresstart-2012-wohlfahrtsmarkensatz-zeigt-edelsteine","status":"publish","type":"post","link":"https:\/\/www.fuldaernachrichten.de\/?p=93951","title":{"rendered":"Edle Briefmarken zum Jahresstart 2012: Wohlfahrtsmarkensatz zeigt Edelsteine"},"content":{"rendered":"<p><strong><a href=\"http:\/\/www.fuldaer-nachrichten.de\/wp-content\/uploads\/2011\/12\/111220_Briefmarken.jpg\"><img decoding=\"async\" class=\"alignleft size-thumbnail wp-image-93952\" title=\"111220_Briefmarken\" src=\"http:\/\/www.fuldaer-nachrichten.de\/wp-content\/uploads\/2011\/12\/111220_Briefmarken-265x55.jpg\" alt=\"\" width=\"265\" height=\"55\" srcset=\"https:\/\/www.fuldaernachrichten.de\/wp-content\/uploads\/2011\/12\/111220_Briefmarken-265x55.jpg 265w, https:\/\/www.fuldaernachrichten.de\/wp-content\/uploads\/2011\/12\/111220_Briefmarken.jpg 592w\" sizes=\"(max-width: 265px) 100vw, 265px\" \/><\/a>Fulda, Freiburg.<\/strong> Rubin, Saphir und Smaragd genie\u00dfen ohne jeden Zweifel den h\u00f6chsten Bekanntheitsgrad im Bereich der Farbedelsteine und geh\u00f6ren neben dem Diamant zu den wertvollsten Edelsteinen \u00fcberhaupt. Ab dem Erstausgabetag 2. Januar 2012 kann man diese drei markanten Edelsteine in opulenter Gr\u00f6\u00dfe zumindest als Briefmarken in Besitz nehmen und damit die eigene Post verzieren: Die Serie besteht diesmal aus drei Werten. Den roten Rubin gibt es als 55 Cent-Briefmarke f\u00fcr normales Briefporto mit einem Zuschlag von 25 Cent. Neu ist der 90 Cent-Wert f\u00fcr Kompaktbriefe mit einem Zuschlag von 40 Cent. Die Marke zeigt den gr\u00fcnen Smaragd. Der blaue Saphir ziert die 145er Marke f\u00fcr Gro\u00dfbriefe, der Zuschlag f\u00fcr den guten Zweck betr\u00e4gt hier 55 Cent.\u00c2\u00a0<!--more--><\/p>\n<p>Ab dem Erstausgabetag erh\u00e4lt man die Wohlfahrtsmarken bei der Post und auch bei der \u00f6rtlichen Caritas: einzeln, als 10er-Markenheftchen und als Pockets mit f\u00fcnf Exemplaren. Dar\u00fcber hinaus gibt es einen 55er Markenwert auch selbstklebend in der 100-St\u00fcck-Markenbox. Der neben dem Portowert erhobene Zuschlag kommt unmittelbar der Arbeit der Caritas und der anderen Wohlfahrtsverb\u00e4nde zu Gute. Ausgegeben werden die Wohlfahrtsmarken zum Beispiel beim Caritasverband f\u00fcr die Di\u00f6zese Fulda e. V., Wilhelmstra\u00dfe 2, 36037 Fulda, Tel. 0661\/2428-121, Fax 0661\/2428-112. Weitere Verkaufsstellen sind die Regional-Caritasverb\u00e4nde (Adressen unter <a href=\"http:\/\/www.caritas-fulda.de\/\">www.caritas-fulda.de<\/a>, Caritas vor Ort anklicken) und die \u00f6rtlichen Pfarrgemeinden.<\/p>\n","protected":false},"excerpt":{"rendered":"<div class=\"tmnf_excerpt\"><p>Fulda, Freiburg. Rubin, Saphir und Smaragd genie\u00dfen ohne jeden Zweifel den h\u00f6chsten Bekanntheitsgrad im Bereich der Farbedelsteine und geh\u00f6ren neben dem Diamant zu den wertvollsten Edelsteinen \u00fcberhaupt. Ab dem Erstausgabetag 2. Januar 2012 kann man diese drei markanten Edelsteine in opulenter Gr\u00f6\u00dfe zumindest als Briefmarken in Besitz nehmen und damit die eigene Post verzieren: Die &hellip;<\/p>\n<\/div>","protected":false},"author":1,"featured_media":0,"comment_status":"closed","ping_status":"closed","sticky":false,"template":"","format":"standard","meta":{"footnotes":""},"categories":[1],"tags":[],"class_list":["post-93951","post","type-post","status-publish","format-standard","hentry","category-startseite"],"_links":{"self":[{"href":"https:\/\/www.fuldaernachrichten.de\/index.php?rest_route=\/wp\/v2\/posts\/93951","targetHints":{"allow":["GET"]}}],"collection":[{"href":"https:\/\/www.fuldaernachrichten.de\/index.php?rest_route=\/wp\/v2\/posts"}],"about":[{"href":"https:\/\/www.fuldaernachrichten.de\/index.php?rest_route=\/wp\/v2\/types\/post"}],"author":[{"embeddable":true,"href":"https:\/\/www.fuldaernachrichten.de\/index.php?rest_route=\/wp\/v2\/users\/1"}],"replies":[{"embeddable":true,"href":"https:\/\/www.fuldaernachrichten.de\/index.php?rest_route=%2Fwp%2Fv2%2Fcomments&post=93951"}],"version-history":[{"count":0,"href":"https:\/\/www.fuldaernachrichten.de\/index.php?rest_route=\/wp\/v2\/posts\/93951\/revisions"}],"wp:attachment":[{"href":"https:\/\/www.fuldaernachrichten.de\/index.php?rest_route=%2Fwp%2Fv2%2Fmedia&parent=93951"}],"wp:term":[{"taxonomy":"category","embeddable":true,"href":"https:\/\/www.fuldaernachrichten.de\/index.php?rest_route=%2Fwp%2Fv2%2Fcategories&post=93951"},{"taxonomy":"post_tag","embeddable":true,"href":"https:\/\/www.fuldaernachrichten.de\/index.php?rest_route=%2Fwp%2Fv2%2Ftags&post=93951"}],"curies":[{"name":"wp","href":"https:\/\/api.w.org\/{rel}","templated":true}]}}