{"id":93950,"date":"2011-12-21T00:08:45","date_gmt":"2011-12-21T00:08:45","guid":{"rendered":"http:\/\/www.fuldaer-nachrichten.de\/?p=93950"},"modified":"2011-12-21T10:40:57","modified_gmt":"2011-12-21T10:40:57","slug":"49-weihnachtskonzert-der-bahn-im-antoniusheim-sorgte-fur-vorweihnachtliche-stimmung","status":"publish","type":"post","link":"https:\/\/www.fuldaernachrichten.de\/?p=93950","title":{"rendered":"49. Weihnachtskonzert der Bahn im Antoniusheim sorgte f\u00fcr vorweihnachtliche Stimmung"},"content":{"rendered":"<p><strong><a href=\"http:\/\/www.fuldaer-nachrichten.de\/wp-content\/uploads\/2011\/12\/111220_Antoniusheim_0121.jpg\"><img fetchpriority=\"high\" decoding=\"async\" class=\"alignnone size-full wp-image-93956\" title=\"111220_Antoniusheim_012\" src=\"http:\/\/www.fuldaer-nachrichten.de\/wp-content\/uploads\/2011\/12\/111220_Antoniusheim_0121.jpg\" alt=\"\" width=\"592\" height=\"392\" srcset=\"https:\/\/www.fuldaernachrichten.de\/wp-content\/uploads\/2011\/12\/111220_Antoniusheim_0121.jpg 592w, https:\/\/www.fuldaernachrichten.de\/wp-content\/uploads\/2011\/12\/111220_Antoniusheim_0121-265x175.jpg 265w\" sizes=\"(max-width: 592px) 100vw, 592px\" \/><\/a><\/strong><\/p>\n<p><strong>Fulda.<\/strong> Am Montag fand bereits zum 49. Mal das traditionelle Weihnachtskonzert des Werkchors des Ausbesserungswerkes Fulda und des Eisenbahnorchesters Fulda statt. Zahlreiche Besucher waren in die Turnhalle des Antoniusheims gekommen, um dem Programm zu lauschen. \u201eDie Bahn ist wie in jedem Jahr p\u00fcnktlich im Antoniusheim und kommt mit dem Chor, dem Orchester und den Geschenken auch nicht mit leeren H\u00e4nden\u201c, sagte Stefan M\u00f6ller, der Vorsitzende des Bahn-Sozialwerks. Der stellvertretende Werkleiter, Erhard H\u00e4user, \u00fcberbrachte die besten W\u00fcnsche seitens der Werksleitung und bedankte sich f\u00fcr das ehrenamtliche Engagement der Musiker und S\u00e4nger. Rainer Sippel, Gesch\u00e4ftsf\u00fchrer des Antoniusheims, dankte allen Beteiligten. \u201eWir freuen uns, dass sie uns mit weihnachtlichen Kl\u00e4ngen auf die Festtage einstimmen\u201c.<\/p>\n<p><strong>Fotos (25):<\/strong> Marzena Traber<!--more--><\/p>\n<p><a title=\"Foto: Marzena Traber\" href=\"http:\/\/www.fuldaer-nachrichten.de\/wp-content\/uploads\/2011\/12\/111220_Antoniusheim_014.jpg\" rel=\"lightbox[roadtrip]\" target=\"_blank\"><img decoding=\"async\" src=\"http:\/\/www.fuldaer-nachrichten.de\/wp-content\/uploads\/2011\/12\/111220_Antoniusheim_014.thumbnail.jpg\" alt=\"111220_Antoniusheim_014.jpg\" width=\"265\" \/><\/a> <a title=\"Foto: Marzena Traber\" href=\"http:\/\/www.fuldaer-nachrichten.de\/wp-content\/uploads\/2011\/12\/111220_Antoniusheim_016.jpg\" rel=\"lightbox[roadtrip]\" target=\"_blank\"><img decoding=\"async\" src=\"http:\/\/www.fuldaer-nachrichten.de\/wp-content\/uploads\/2011\/12\/111220_Antoniusheim_016.thumbnail.jpg\" alt=\"111220_Antoniusheim_016.jpg\" width=\"265\" \/><\/a><\/p>\n<p><a title=\"Foto: Marzena Traber\" href=\"http:\/\/www.fuldaer-nachrichten.de\/wp-content\/uploads\/2011\/12\/111220_Antoniusheim_009.jpg\" rel=\"lightbox[roadtrip]\" target=\"_blank\"><img decoding=\"async\" src=\"http:\/\/www.fuldaer-nachrichten.de\/wp-content\/uploads\/2011\/12\/111220_Antoniusheim_009.thumbnail.jpg\" alt=\"111220_Antoniusheim_009.jpg\" width=\"265\" \/><\/a>\u00c2\u00a0<a title=\"Foto: Marzena Traber\" href=\"http:\/\/www.fuldaer-nachrichten.de\/wp-content\/uploads\/2011\/12\/111220_Antoniusheim_012.jpg\" rel=\"lightbox[roadtrip]\" target=\"_blank\"><img decoding=\"async\" src=\"http:\/\/www.fuldaer-nachrichten.de\/wp-content\/uploads\/2011\/12\/111220_Antoniusheim_012.thumbnail.jpg\" alt=\"111220_Antoniusheim_012.jpg\" width=\"265\" \/><\/a><\/p>\n<p>Die Musiker, unter Leitung von August Leitsch, spielten s\u00e4mtliche Melodien, die in der Vorweihnachtszeit nicht fehlen d\u00fcrfen. Mit \u00c2\u00abVom Himmel hoch\u00c2\u00bb und \u00c2\u00abLeise rieselt der Schnee\u00c2\u00bb stimmte das Orchester die Besucher ein. Im Anschluss erfreute der Chor mit ihrer Dirigentin, Petra Hegmann, mit Liedern wie \u00c2\u00abLasst uns lauschen heilige Engel\u00c2\u00bb und \u00c2\u00abWir freuen uns \u2013 es ist Advent\u00c2\u00bb die Besucher. Auch die traditionelle Soloeinlage von Jodelk\u00fcnstler Rainer Gernet mit dem \u201eAndachtsjodler\u201c sorgte f\u00fcr gro\u00dfe Begeisterung.<\/p>\n<p><a title=\"Foto: Marzena Traber\" href=\"http:\/\/www.fuldaer-nachrichten.de\/wp-content\/uploads\/2011\/12\/111220_Antoniusheim_005.jpg\" rel=\"lightbox[roadtrip]\" target=\"_blank\"><img decoding=\"async\" src=\"http:\/\/www.fuldaer-nachrichten.de\/wp-content\/uploads\/2011\/12\/111220_Antoniusheim_005.thumbnail.jpg\" alt=\"111220_Antoniusheim_005.jpg\" width=\"265\" \/><\/a> <a title=\"Foto: Marzena Traber\" href=\"http:\/\/www.fuldaer-nachrichten.de\/wp-content\/uploads\/2011\/12\/111220_Antoniusheim_006.jpg\" rel=\"lightbox[roadtrip]\" target=\"_blank\"><img decoding=\"async\" src=\"http:\/\/www.fuldaer-nachrichten.de\/wp-content\/uploads\/2011\/12\/111220_Antoniusheim_006.thumbnail.jpg\" alt=\"111220_Antoniusheim_006.jpg\" width=\"265\" \/><\/a><\/p>\n<p><a title=\"Foto: Marzena Traber\" href=\"http:\/\/www.fuldaer-nachrichten.de\/wp-content\/uploads\/2011\/12\/111220_Antoniusheim_019.jpg\" rel=\"lightbox[roadtrip]\" target=\"_blank\"><img decoding=\"async\" src=\"http:\/\/www.fuldaer-nachrichten.de\/wp-content\/uploads\/2011\/12\/111220_Antoniusheim_019.thumbnail.jpg\" alt=\"111220_Antoniusheim_019.jpg\" width=\"265\" \/><\/a> <a title=\"Foto: Marzena Traber\" href=\"http:\/\/www.fuldaer-nachrichten.de\/wp-content\/uploads\/2011\/12\/111220_Antoniusheim_015.jpg\" rel=\"lightbox[roadtrip]\" target=\"_blank\"><img decoding=\"async\" src=\"http:\/\/www.fuldaer-nachrichten.de\/wp-content\/uploads\/2011\/12\/111220_Antoniusheim_015.thumbnail.jpg\" alt=\"111220_Antoniusheim_015.jpg\" width=\"265\" \/><\/a><\/p>\n<p>Zum Abschluss spielte das Ensemble \u00c2\u00abStille Nacht\u00c2\u00bb und den \u00c2\u00abFestmarsch Tochter Zion\u00c2\u00bb bei dem Chor und Zuh\u00f6rer gemeinsam einstimmten. Zum Abschluss bedankte sich Toni Goldbach vom Antoniusheim gemeinsam mit der Vorsitzenden des Heimbeirates, Erika Mechler, bei den \u201eEisenbahnern\u201c f\u00fcr ihr langj\u00e4hriges Engagement. \u201eDass dieses Konzert nun zum 49. mal stattfinden konnte, sei eine mehr als bemerkenswerte Leistung, die im Antoniusheim zum festen Bestandteil in der Adventszeit geh\u00f6re.\u201c Mit den besten W\u00fcnschen f\u00fcr das bevorstehende Weihnachtsfest, das Neue Jahr und in Vorfreude auf das Jubil\u00e4umskonzert im Dezember 2012 endete nach gut eineinhalb Stunden das Konzert und die Besucher gingen mit vorweihnachtlicher Stimmung nach Hause.<\/p>\n<p><a title=\"Foto: Marzena Traber\" href=\"http:\/\/www.fuldaer-nachrichten.de\/wp-content\/uploads\/2011\/12\/111220_Antoniusheim_001.jpg\" rel=\"lightbox[roadtrip]\" target=\"_blank\"><img decoding=\"async\" src=\"http:\/\/www.fuldaer-nachrichten.de\/wp-content\/uploads\/2011\/12\/111220_Antoniusheim_001.thumbnail.jpg\" alt=\"111220_Antoniusheim_001.jpg\" width=\"265\" \/><\/a> <a title=\"Foto: Marzena Traber\" href=\"http:\/\/www.fuldaer-nachrichten.de\/wp-content\/uploads\/2011\/12\/111220_Antoniusheim_002.jpg\" rel=\"lightbox[roadtrip]\" target=\"_blank\"><img decoding=\"async\" src=\"http:\/\/www.fuldaer-nachrichten.de\/wp-content\/uploads\/2011\/12\/111220_Antoniusheim_002.thumbnail.jpg\" alt=\"111220_Antoniusheim_002.jpg\" width=\"265\" \/><\/a><\/p>\n<p><a title=\"Foto: Marzena Traber\" href=\"http:\/\/www.fuldaer-nachrichten.de\/wp-content\/uploads\/2011\/12\/111220_Antoniusheim_007.jpg\" rel=\"lightbox[roadtrip]\" target=\"_blank\"><img decoding=\"async\" src=\"http:\/\/www.fuldaer-nachrichten.de\/wp-content\/uploads\/2011\/12\/111220_Antoniusheim_007.thumbnail.jpg\" alt=\"111220_Antoniusheim_007.jpg\" width=\"265\" \/><\/a> <a title=\"Foto: Marzena Traber\" href=\"http:\/\/www.fuldaer-nachrichten.de\/wp-content\/uploads\/2011\/12\/111220_Antoniusheim_008.jpg\" rel=\"lightbox[roadtrip]\" target=\"_blank\"><img decoding=\"async\" src=\"http:\/\/www.fuldaer-nachrichten.de\/wp-content\/uploads\/2011\/12\/111220_Antoniusheim_008.thumbnail.jpg\" alt=\"111220_Antoniusheim_008.jpg\" width=\"265\" \/><\/a><\/p>\n<p><a title=\"Foto: Marzena Traber\" href=\"http:\/\/www.fuldaer-nachrichten.de\/wp-content\/uploads\/2011\/12\/111220_Antoniusheim_011.jpg\" rel=\"lightbox[roadtrip]\" target=\"_blank\"><img decoding=\"async\" src=\"http:\/\/www.fuldaer-nachrichten.de\/wp-content\/uploads\/2011\/12\/111220_Antoniusheim_011.thumbnail.jpg\" alt=\"111220_Antoniusheim_011.jpg\" width=\"265\" \/><\/a> <a title=\"Foto: Marzena Traber\" href=\"http:\/\/www.fuldaer-nachrichten.de\/wp-content\/uploads\/2011\/12\/111220_Antoniusheim_010.jpg\" rel=\"lightbox[roadtrip]\" target=\"_blank\"><img decoding=\"async\" src=\"http:\/\/www.fuldaer-nachrichten.de\/wp-content\/uploads\/2011\/12\/111220_Antoniusheim_010.thumbnail.jpg\" alt=\"111220_Antoniusheim_010.jpg\" width=\"265\" \/><\/a><\/p>\n<p><a title=\"Foto: Marzena Traber\" href=\"http:\/\/www.fuldaer-nachrichten.de\/wp-content\/uploads\/2011\/12\/111220_Antoniusheim_018.jpg\" rel=\"lightbox[roadtrip]\" target=\"_blank\"><img decoding=\"async\" src=\"http:\/\/www.fuldaer-nachrichten.de\/wp-content\/uploads\/2011\/12\/111220_Antoniusheim_018.thumbnail.jpg\" alt=\"111220_Antoniusheim_018.jpg\" width=\"265\" \/><\/a> <a title=\"Foto: Marzena Traber\" href=\"http:\/\/www.fuldaer-nachrichten.de\/wp-content\/uploads\/2011\/12\/111220_Antoniusheim_013.jpg\" rel=\"lightbox[roadtrip]\" target=\"_blank\"><img decoding=\"async\" src=\"http:\/\/www.fuldaer-nachrichten.de\/wp-content\/uploads\/2011\/12\/111220_Antoniusheim_013.thumbnail.jpg\" alt=\"111220_Antoniusheim_013.jpg\" width=\"265\" \/><\/a><\/p>\n<p><a title=\"Foto: Marzena Traber\" href=\"http:\/\/www.fuldaer-nachrichten.de\/wp-content\/uploads\/2011\/12\/111220_Antoniusheim_020.jpg\" rel=\"lightbox[roadtrip]\" target=\"_blank\"><img decoding=\"async\" src=\"http:\/\/www.fuldaer-nachrichten.de\/wp-content\/uploads\/2011\/12\/111220_Antoniusheim_020.thumbnail.jpg\" alt=\"111220_Antoniusheim_020.jpg\" width=\"265\" \/><\/a> <a title=\"Foto: Marzena Traber\" href=\"http:\/\/www.fuldaer-nachrichten.de\/wp-content\/uploads\/2011\/12\/111220_Antoniusheim_017.jpg\" rel=\"lightbox[roadtrip]\" target=\"_blank\"><img decoding=\"async\" src=\"http:\/\/www.fuldaer-nachrichten.de\/wp-content\/uploads\/2011\/12\/111220_Antoniusheim_017.thumbnail.jpg\" alt=\"111220_Antoniusheim_017.jpg\" width=\"265\" \/><\/a><\/p>\n<p><a title=\"Foto: Marzena Traber\" href=\"http:\/\/www.fuldaer-nachrichten.de\/wp-content\/uploads\/2011\/12\/111220_Antoniusheim_021.jpg\" rel=\"lightbox[roadtrip]\" target=\"_blank\"><img decoding=\"async\" src=\"http:\/\/www.fuldaer-nachrichten.de\/wp-content\/uploads\/2011\/12\/111220_Antoniusheim_021.thumbnail.jpg\" alt=\"111220_Antoniusheim_021.jpg\" width=\"265\" \/><\/a> <a title=\"Foto: Marzena Traber\" href=\"http:\/\/www.fuldaer-nachrichten.de\/wp-content\/uploads\/2011\/12\/111220_Antoniusheim_022.jpg\" rel=\"lightbox[roadtrip]\" target=\"_blank\"><img decoding=\"async\" src=\"http:\/\/www.fuldaer-nachrichten.de\/wp-content\/uploads\/2011\/12\/111220_Antoniusheim_022.thumbnail.jpg\" alt=\"111220_Antoniusheim_022.jpg\" width=\"265\" \/><\/a><\/p>\n<p><a title=\"Foto: Marzena Traber\" href=\"http:\/\/www.fuldaer-nachrichten.de\/wp-content\/uploads\/2011\/12\/111220_Antoniusheim_024.jpg\" rel=\"lightbox[roadtrip]\" target=\"_blank\"><img decoding=\"async\" src=\"http:\/\/www.fuldaer-nachrichten.de\/wp-content\/uploads\/2011\/12\/111220_Antoniusheim_024.thumbnail.jpg\" alt=\"111220_Antoniusheim_024.jpg\" width=\"265\" \/><\/a> <a title=\"Foto: Marzena Traber\" href=\"http:\/\/www.fuldaer-nachrichten.de\/wp-content\/uploads\/2011\/12\/111220_Antoniusheim_023.jpg\" rel=\"lightbox[roadtrip]\" target=\"_blank\"><img decoding=\"async\" src=\"http:\/\/www.fuldaer-nachrichten.de\/wp-content\/uploads\/2011\/12\/111220_Antoniusheim_023.thumbnail.jpg\" alt=\"111220_Antoniusheim_023.jpg\" width=\"265\" \/><\/a><\/p>\n<p><a title=\"Foto: Marzena Traber\" href=\"http:\/\/www.fuldaer-nachrichten.de\/wp-content\/uploads\/2011\/12\/111220_Antoniusheim_003.jpg\" rel=\"lightbox[roadtrip]\" target=\"_blank\"><img decoding=\"async\" src=\"http:\/\/www.fuldaer-nachrichten.de\/wp-content\/uploads\/2011\/12\/111220_Antoniusheim_003.thumbnail.jpg\" alt=\"111220_Antoniusheim_003.jpg\" width=\"265\" \/><\/a> <a title=\"Foto: Marzena Traber\" href=\"http:\/\/www.fuldaer-nachrichten.de\/wp-content\/uploads\/2011\/12\/111220_Antoniusheim_004.jpg\" rel=\"lightbox[roadtrip]\" target=\"_blank\"><img decoding=\"async\" src=\"http:\/\/www.fuldaer-nachrichten.de\/wp-content\/uploads\/2011\/12\/111220_Antoniusheim_004.thumbnail.jpg\" alt=\"111220_Antoniusheim_004.jpg\" width=\"265\" \/><\/a><\/p>\n<p><a title=\"Foto: Marzena Traber\" href=\"http:\/\/www.fuldaer-nachrichten.de\/wp-content\/uploads\/2011\/12\/111220_Antoniusheim_025.jpg\" rel=\"lightbox[roadtrip]\" target=\"_blank\"><img decoding=\"async\" src=\"http:\/\/www.fuldaer-nachrichten.de\/wp-content\/uploads\/2011\/12\/111220_Antoniusheim_025.thumbnail.jpg\" alt=\"111220_Antoniusheim_025.jpg\" width=\"265\" \/><\/a><\/p>\n","protected":false},"excerpt":{"rendered":"<div class=\"tmnf_excerpt\"><p>Fulda. Am Montag fand bereits zum 49. Mal das traditionelle Weihnachtskonzert des Werkchors des Ausbesserungswerkes Fulda und des Eisenbahnorchesters Fulda statt. Zahlreiche Besucher waren in die Turnhalle des Antoniusheims gekommen, um dem Programm zu lauschen. \u201eDie Bahn ist wie in jedem Jahr p\u00fcnktlich im Antoniusheim und kommt mit dem Chor, dem Orchester und den Geschenken &hellip;<\/p>\n<\/div>","protected":false},"author":1,"featured_media":0,"comment_status":"closed","ping_status":"closed","sticky":false,"template":"","format":"standard","meta":{"footnotes":""},"categories":[1,54,78],"tags":[],"class_list":["post-93950","post","type-post","status-publish","format-standard","hentry","category-startseite","category-bildergalerien","category-topthema"],"_links":{"self":[{"href":"https:\/\/www.fuldaernachrichten.de\/index.php?rest_route=\/wp\/v2\/posts\/93950","targetHints":{"allow":["GET"]}}],"collection":[{"href":"https:\/\/www.fuldaernachrichten.de\/index.php?rest_route=\/wp\/v2\/posts"}],"about":[{"href":"https:\/\/www.fuldaernachrichten.de\/index.php?rest_route=\/wp\/v2\/types\/post"}],"author":[{"embeddable":true,"href":"https:\/\/www.fuldaernachrichten.de\/index.php?rest_route=\/wp\/v2\/users\/1"}],"replies":[{"embeddable":true,"href":"https:\/\/www.fuldaernachrichten.de\/index.php?rest_route=%2Fwp%2Fv2%2Fcomments&post=93950"}],"version-history":[{"count":0,"href":"https:\/\/www.fuldaernachrichten.de\/index.php?rest_route=\/wp\/v2\/posts\/93950\/revisions"}],"wp:attachment":[{"href":"https:\/\/www.fuldaernachrichten.de\/index.php?rest_route=%2Fwp%2Fv2%2Fmedia&parent=93950"}],"wp:term":[{"taxonomy":"category","embeddable":true,"href":"https:\/\/www.fuldaernachrichten.de\/index.php?rest_route=%2Fwp%2Fv2%2Fcategories&post=93950"},{"taxonomy":"post_tag","embeddable":true,"href":"https:\/\/www.fuldaernachrichten.de\/index.php?rest_route=%2Fwp%2Fv2%2Ftags&post=93950"}],"curies":[{"name":"wp","href":"https:\/\/api.w.org\/{rel}","templated":true}]}}