{"id":93946,"date":"2011-12-20T00:11:14","date_gmt":"2011-12-20T00:11:14","guid":{"rendered":"http:\/\/www.fuldaer-nachrichten.de\/?p=93946"},"modified":"2011-12-20T08:56:22","modified_gmt":"2011-12-20T08:56:22","slug":"besucherrekord-und-stehende-ovationen-beim-adventskonzert-in-st-goar","status":"publish","type":"post","link":"https:\/\/www.fuldaernachrichten.de\/?p=93946","title":{"rendered":"Besucherrekord und stehende Ovationen beim Adventskonzert in St. Goar"},"content":{"rendered":"<p><strong><a href=\"http:\/\/www.fuldaer-nachrichten.de\/wp-content\/uploads\/2011\/12\/111220_Adventskonzert.jpg\"><img decoding=\"async\" class=\"alignleft size-thumbnail wp-image-93947\" title=\"111220_Adventskonzert\" src=\"http:\/\/www.fuldaer-nachrichten.de\/wp-content\/uploads\/2011\/12\/111220_Adventskonzert-265x177.jpg\" alt=\"\" width=\"265\" height=\"177\" srcset=\"https:\/\/www.fuldaernachrichten.de\/wp-content\/uploads\/2011\/12\/111220_Adventskonzert-265x177.jpg 265w, https:\/\/www.fuldaernachrichten.de\/wp-content\/uploads\/2011\/12\/111220_Adventskonzert.jpg 592w\" sizes=\"(max-width: 265px) 100vw, 265px\" \/><\/a>Flieden. <\/strong>Mit stehenden Ovationen und minutenlangem Beifall dankte das Publikum den Akteuren des vom Musikverein D\u00f6ngesm\u00fchle ausgerichteten Adventskonzertes der Gemeinde Flieden. B\u00fcrgermeister Winfried Kress hatte zu Beginn die Konzertbesucher in der bis auf den letzten Platz gef\u00fcllten Pfarrkirche St. Goar begr\u00fc\u00dft. Das Blasorchester unter der musikalischen Leitung von Oliver Krah er\u00f6ffnete das Programm mit \u201eFanfare und Intrade\u201c, bevor Vereinsvorsitzender Hubert Elm ein facettenreiches Programm versprach. Nach einer Choralbearbeitung des H\u00e4ndelschen \u201eTochter Zion\u201c erinnerten die Musiker mit der sinfonischen Komposition \u201eThe sun will rise again\u201c der Opfer der Fukushima-Katastrophe.<!--more--><\/p>\n<p>Als musikalische G\u00e4ste bereicherte die neunk\u00f6pfige Gesangsformation \u201eSingSation Bergwinkel\u201c unter der Leitung von Antje Hartelt das Konzert. Sie machten sich musikalisch auf den \u201eWeg nach Bethlehem\u201c. \u201eStille Nacht in Pal\u00e4stina\u201c folgten eigene Arrangements von John Lennons \u201eWar is over\u201c und dem Popsong \u201eDo they know it`s Christmas?\u201c Mit konzertanten Choralbearbeitungen von \u201eEs kommt ein Schiff geladen\u201c, \u201eMacht hoch die T\u00fcr\u201c und \u201eMaria durch den Dornwald ging\u201c setzten die D\u00f6ngesm\u00fchler Konzertschwerpunkte zum Advent. Dazwischen wechselte das Orchester immer wieder bewusst die Stilrichtungen und zeigte mit den Gesangssolisten Hubert Elm (\u201eIns Wasser f\u00e4llt ein Stein\u201c) und Judith Fierle (\u201eYou raise me up\u201c) sowie bei \u201eGrace and Glory\u201c seine Vielseitigkeit.<\/p>\n<p>Im zweiten Programmblock von SingSation wurde es zun\u00e4chst international und bei \u201eSt. Niklas war ein Seemann\u201c (Original Freddy Quinn) durchaus auch heiter. Mit einer Konzertversion des Dankliedes \u201eGro\u00dfer Gott wir loben dich\u201c leiteten die Bl\u00e4ser das Ende des Programms ein, zu dem sich schlie\u00dflich Orchester und alle S\u00e4nger zum bekannten \u201eWe are the world\u201c vereinten. Nach dem Schlusssegen durch Kaplan Andreas Bieber stimmten die Mitwirkenden mit dem vollen Gotteshaus den Schlusschoral an; durch das Programm hatten Oliver Krah und Antje Hartelt gef\u00fchrt.<\/p>\n","protected":false},"excerpt":{"rendered":"<div class=\"tmnf_excerpt\"><p>Flieden. Mit stehenden Ovationen und minutenlangem Beifall dankte das Publikum den Akteuren des vom Musikverein D\u00f6ngesm\u00fchle ausgerichteten Adventskonzertes der Gemeinde Flieden. B\u00fcrgermeister Winfried Kress hatte zu Beginn die Konzertbesucher in der bis auf den letzten Platz gef\u00fcllten Pfarrkirche St. Goar begr\u00fc\u00dft. Das Blasorchester unter der musikalischen Leitung von Oliver Krah er\u00f6ffnete das Programm mit \u201eFanfare &hellip;<\/p>\n<\/div>","protected":false},"author":1,"featured_media":0,"comment_status":"closed","ping_status":"closed","sticky":false,"template":"","format":"standard","meta":{"footnotes":""},"categories":[1],"tags":[],"class_list":["post-93946","post","type-post","status-publish","format-standard","hentry","category-startseite"],"_links":{"self":[{"href":"https:\/\/www.fuldaernachrichten.de\/index.php?rest_route=\/wp\/v2\/posts\/93946","targetHints":{"allow":["GET"]}}],"collection":[{"href":"https:\/\/www.fuldaernachrichten.de\/index.php?rest_route=\/wp\/v2\/posts"}],"about":[{"href":"https:\/\/www.fuldaernachrichten.de\/index.php?rest_route=\/wp\/v2\/types\/post"}],"author":[{"embeddable":true,"href":"https:\/\/www.fuldaernachrichten.de\/index.php?rest_route=\/wp\/v2\/users\/1"}],"replies":[{"embeddable":true,"href":"https:\/\/www.fuldaernachrichten.de\/index.php?rest_route=%2Fwp%2Fv2%2Fcomments&post=93946"}],"version-history":[{"count":0,"href":"https:\/\/www.fuldaernachrichten.de\/index.php?rest_route=\/wp\/v2\/posts\/93946\/revisions"}],"wp:attachment":[{"href":"https:\/\/www.fuldaernachrichten.de\/index.php?rest_route=%2Fwp%2Fv2%2Fmedia&parent=93946"}],"wp:term":[{"taxonomy":"category","embeddable":true,"href":"https:\/\/www.fuldaernachrichten.de\/index.php?rest_route=%2Fwp%2Fv2%2Fcategories&post=93946"},{"taxonomy":"post_tag","embeddable":true,"href":"https:\/\/www.fuldaernachrichten.de\/index.php?rest_route=%2Fwp%2Fv2%2Ftags&post=93946"}],"curies":[{"name":"wp","href":"https:\/\/api.w.org\/{rel}","templated":true}]}}