{"id":93942,"date":"2011-12-20T00:11:54","date_gmt":"2011-12-20T00:11:54","guid":{"rendered":"http:\/\/www.fuldaer-nachrichten.de\/?p=93942"},"modified":"2011-12-20T09:03:44","modified_gmt":"2011-12-20T09:03:44","slug":"ministerprasident-besucht-caritas-behindertenhilfe-ins-bistum-fulda","status":"publish","type":"post","link":"https:\/\/www.fuldaernachrichten.de\/?p=93942","title":{"rendered":"Ministerpr\u00e4sident besucht Caritas-Behindertenhilfe ins Bistum Fulda"},"content":{"rendered":"<p><strong><a href=\"http:\/\/www.fuldaer-nachrichten.de\/wp-content\/uploads\/2011\/12\/111220_Caritas.jpg\"><img decoding=\"async\" class=\"alignleft size-thumbnail wp-image-93943\" title=\"111220_Caritas\" src=\"http:\/\/www.fuldaer-nachrichten.de\/wp-content\/uploads\/2011\/12\/111220_Caritas-265x176.jpg\" alt=\"\" width=\"265\" height=\"176\" srcset=\"https:\/\/www.fuldaernachrichten.de\/wp-content\/uploads\/2011\/12\/111220_Caritas-265x176.jpg 265w, https:\/\/www.fuldaernachrichten.de\/wp-content\/uploads\/2011\/12\/111220_Caritas.jpg 592w\" sizes=\"(max-width: 265px) 100vw, 265px\" \/><\/a>Fulda\/Maberzell. <\/strong>Gro\u00dfer Medienandrang bei der Carisma-Werkstatt in Fulda-Maberzell: Aus Anlass der traditionellen Vorweihnachtsbesuche des Ministerpr\u00e4sidenten in sozialen Einrichtungen der Kirchen kam Volker Bouffier diesmal in zur Caritas-Behindertenhilfe ins Bistum Fulda. Im Gespr\u00e4ch mit Vertretern von Caritas und Kirche sowie einem Werkstatt-Team lie\u00df sich der Ministerpr\u00e4sident zun\u00e4chst das Konzept der Einrichtung erkl\u00e4ren, die psychisch kranken Menschen im Rahmen der Rehabilitation Arbeit erm\u00f6glicht. In einem Rundgang lernte Bouffier anschlie\u00dfend Arbeitsfelder von Carisma kennen und nutze die Gelegenheit, mit einzelnen Mitarbeitern ins Gespr\u00e4ch zu kommen. Carisma-Leiter Dominique Vilmin \u00fcbergab dem Landesvater als Geschenk einen \u201eFulder Rucksack\u201c, gef\u00fcllt mit kulinarischen Kostproben aus der Region. Im Gegenzug \u00fcberreichte der\u00c2\u00a0 Ministerpr\u00e4sident einen Scheck \u00fcber 2.500 Euro, die zur Anschaffung von Computern im Schulungsbereich genutzt werden sollen.<!--more--><\/p>\n<p>Ministerpr\u00e4sident Bouffier betonte zum Abschluss des Besuches, dass manche Menschen auf einen gesch\u00fctzten Raum angewiesen seien, um einer beruflichen T\u00e4tigkeit\u00c2\u00a0 nachgehen zu k\u00f6nnen. \u201eEs ist gut, dass die Caritas solche Angebote wie Carisma bereit h\u00e4lt. Ich habe auch in meinen Gespr\u00e4chen hier den Eindruck gewonnen, dass es gelungen ist, daf\u00fcr hier eine durchweg gute Atmosph\u00e4re zu schaffen, und dass sich die hier Arbeitenden wohl f\u00fchlen!\u201c<\/p>\n<p>Di\u00f6zesan-Caritasdirektor Dr. Markus Juch bewertete die Visite des Ministerpr\u00e4sidenten in Maberzell als sehr fruchtbar. In seiner Begr\u00fc\u00dfung hatte Juch bereits unterstrichen, dass die Caritas in Fulda gro\u00dfen Wert darauf lege, im Rahmen ihrer spitzenverbandlichen T\u00e4tigkeit eng im Austausch mit der Landespolitik zu stehen. \u201eIhr Besuch\u201c, so der Caritasdirektor zum Ministerpr\u00e4sidenten, \u201etr\u00e4gt ganz sicher zu einem weiteren konstruktiven und positiven Dialog bei!\u201c (cif)<\/p>\n","protected":false},"excerpt":{"rendered":"<div class=\"tmnf_excerpt\"><p>Fulda\/Maberzell. Gro\u00dfer Medienandrang bei der Carisma-Werkstatt in Fulda-Maberzell: Aus Anlass der traditionellen Vorweihnachtsbesuche des Ministerpr\u00e4sidenten in sozialen Einrichtungen der Kirchen kam Volker Bouffier diesmal in zur Caritas-Behindertenhilfe ins Bistum Fulda. Im Gespr\u00e4ch mit Vertretern von Caritas und Kirche sowie einem Werkstatt-Team lie\u00df sich der Ministerpr\u00e4sident zun\u00e4chst das Konzept der Einrichtung erkl\u00e4ren, die psychisch kranken Menschen &hellip;<\/p>\n<\/div>","protected":false},"author":1,"featured_media":0,"comment_status":"closed","ping_status":"closed","sticky":false,"template":"","format":"standard","meta":{"footnotes":""},"categories":[1],"tags":[],"class_list":["post-93942","post","type-post","status-publish","format-standard","hentry","category-startseite"],"_links":{"self":[{"href":"https:\/\/www.fuldaernachrichten.de\/index.php?rest_route=\/wp\/v2\/posts\/93942","targetHints":{"allow":["GET"]}}],"collection":[{"href":"https:\/\/www.fuldaernachrichten.de\/index.php?rest_route=\/wp\/v2\/posts"}],"about":[{"href":"https:\/\/www.fuldaernachrichten.de\/index.php?rest_route=\/wp\/v2\/types\/post"}],"author":[{"embeddable":true,"href":"https:\/\/www.fuldaernachrichten.de\/index.php?rest_route=\/wp\/v2\/users\/1"}],"replies":[{"embeddable":true,"href":"https:\/\/www.fuldaernachrichten.de\/index.php?rest_route=%2Fwp%2Fv2%2Fcomments&post=93942"}],"version-history":[{"count":0,"href":"https:\/\/www.fuldaernachrichten.de\/index.php?rest_route=\/wp\/v2\/posts\/93942\/revisions"}],"wp:attachment":[{"href":"https:\/\/www.fuldaernachrichten.de\/index.php?rest_route=%2Fwp%2Fv2%2Fmedia&parent=93942"}],"wp:term":[{"taxonomy":"category","embeddable":true,"href":"https:\/\/www.fuldaernachrichten.de\/index.php?rest_route=%2Fwp%2Fv2%2Fcategories&post=93942"},{"taxonomy":"post_tag","embeddable":true,"href":"https:\/\/www.fuldaernachrichten.de\/index.php?rest_route=%2Fwp%2Fv2%2Ftags&post=93942"}],"curies":[{"name":"wp","href":"https:\/\/api.w.org\/{rel}","templated":true}]}}