{"id":93934,"date":"2011-12-20T00:12:10","date_gmt":"2011-12-20T00:12:10","guid":{"rendered":"http:\/\/www.fuldaer-nachrichten.de\/?p=93934"},"modified":"2011-12-20T08:57:16","modified_gmt":"2011-12-20T08:57:16","slug":"lichterkonzert-im-dom-2","status":"publish","type":"post","link":"https:\/\/www.fuldaernachrichten.de\/?p=93934","title":{"rendered":"Lichterkonzert im Dom"},"content":{"rendered":"<p><strong>Fulda. <\/strong>Weihnachtliche Chor- und Orgelmusik wird am Donnerstag, 29. Dezember, wieder im kerzenerleuchteten Fuldaer Dom erklingen. Beginn des \u201eLichterkonzerts\u201c ist um 20 Uhr. Auf dem Programm stehen unter anderem Werke von Bach, Chilcott, Hassler, Karg-Elert, L\u00fcbeck und Improvisation. Ausf\u00fchrende sind der Jugendkathedralchor Fulda unter Leitung von Domkapellmeister Franz-Peter Huber sowie an der Orgel Domorganist Prof. Hans-J\u00fcrgen Kaiser. Am Ausgang wird um eine Spende f\u00fcr die kirchenmusikalische Arbeit am Dom gebeten. Das Konzert wird vom Modehaus Erna Schneider unterst\u00fctzt.\u00c2\u00a0<strong><\/strong> (bpf)<\/p>\n","protected":false},"excerpt":{"rendered":"<div class=\"tmnf_excerpt\"><p>Fulda. Weihnachtliche Chor- und Orgelmusik wird am Donnerstag, 29. Dezember, wieder im kerzenerleuchteten Fuldaer Dom erklingen. Beginn des \u201eLichterkonzerts\u201c ist um 20 Uhr. Auf dem Programm stehen unter anderem Werke von Bach, Chilcott, Hassler, Karg-Elert, L\u00fcbeck und Improvisation. Ausf\u00fchrende sind der Jugendkathedralchor Fulda unter Leitung von Domkapellmeister Franz-Peter Huber sowie an der Orgel Domorganist Prof. &hellip;<\/p>\n<\/div>","protected":false},"author":1,"featured_media":0,"comment_status":"closed","ping_status":"closed","sticky":false,"template":"","format":"standard","meta":{"footnotes":""},"categories":[1],"tags":[],"class_list":["post-93934","post","type-post","status-publish","format-standard","hentry","category-startseite"],"_links":{"self":[{"href":"https:\/\/www.fuldaernachrichten.de\/index.php?rest_route=\/wp\/v2\/posts\/93934","targetHints":{"allow":["GET"]}}],"collection":[{"href":"https:\/\/www.fuldaernachrichten.de\/index.php?rest_route=\/wp\/v2\/posts"}],"about":[{"href":"https:\/\/www.fuldaernachrichten.de\/index.php?rest_route=\/wp\/v2\/types\/post"}],"author":[{"embeddable":true,"href":"https:\/\/www.fuldaernachrichten.de\/index.php?rest_route=\/wp\/v2\/users\/1"}],"replies":[{"embeddable":true,"href":"https:\/\/www.fuldaernachrichten.de\/index.php?rest_route=%2Fwp%2Fv2%2Fcomments&post=93934"}],"version-history":[{"count":0,"href":"https:\/\/www.fuldaernachrichten.de\/index.php?rest_route=\/wp\/v2\/posts\/93934\/revisions"}],"wp:attachment":[{"href":"https:\/\/www.fuldaernachrichten.de\/index.php?rest_route=%2Fwp%2Fv2%2Fmedia&parent=93934"}],"wp:term":[{"taxonomy":"category","embeddable":true,"href":"https:\/\/www.fuldaernachrichten.de\/index.php?rest_route=%2Fwp%2Fv2%2Fcategories&post=93934"},{"taxonomy":"post_tag","embeddable":true,"href":"https:\/\/www.fuldaernachrichten.de\/index.php?rest_route=%2Fwp%2Fv2%2Ftags&post=93934"}],"curies":[{"name":"wp","href":"https:\/\/api.w.org\/{rel}","templated":true}]}}