{"id":93933,"date":"2011-12-20T00:12:39","date_gmt":"2011-12-20T00:12:39","guid":{"rendered":"http:\/\/www.fuldaer-nachrichten.de\/?p=93933"},"modified":"2011-12-20T09:05:57","modified_gmt":"2011-12-20T09:05:57","slug":"weihnachten-im-fuldaer-dom-3","status":"publish","type":"post","link":"https:\/\/www.fuldaernachrichten.de\/?p=93933","title":{"rendered":"Weihnachten im Fuldaer Dom"},"content":{"rendered":"<p><strong>Fulda.<\/strong> Im Fuldaer Dom wird die Heilige Nacht am 24. Dezember um 22 Uhr traditionsgem\u00e4\u00df mit weihnachtlicher Chor- und Orgelmusik eingeleitet. Es singt der Dompfarrchor unter Leitung von Anne Rill. Daran schlie\u00dft sich gegen 22.30 Uhr die Christmette an. Am 1. Weihnachtsfeiertag (25. Dezember) ist um 7 Uhr Hirtenamt in der Michaelskirche. Um 9.30 Uhr folgt ein festliches Pontifikalamt, das Bischof Heinz Josef Algermissen halten wird. In dem Gottesdienst, der als lateinisches Hochamt gefeiert wird, singt der Domchor Fulda unter Leitung von Domkapellmeister Franz-Peter Huber mit Solisten Teile aus der \u201eMissa sancta\u201c von C. M. v. Weber sowie Chors\u00e4tze von W. A. Mozart und G. F. H\u00e4ndel sowie weitere im Wechsel mit der Gemeinde. Das Domorchester wirkt mit. An der Domorgel Domorganist Prof. Hans-J\u00fcrgen Kaiser. An das Pontifikalamt schlie\u00dft sich um 11.30 Uhr ein Weihnachtshochamt an. Um 17.45 Uhr ist in der Marienkapelle eine feierliche Weihnachtsvesper mit sakramentalem Segen. Die Abendmesse findet wie an allen Sonntagen um 18.30 Uhr statt.<!--more--><\/p>\n<p>Am zweiten Weihnachtstag (26. Dezember) findet um 7 Uhr ein lateinisches Choralamt in der Michaelskirche statt. Um 9.30 Uhr wird Domdechant Prof. Dr. Werner Kathrein, Pr\u00e4ses der Ch\u00f6re am Dom, im Dom ein Kathedralamt mit Aufnahme der neuen S\u00e4ngerinnen und S\u00e4nger feiern. Der Jugendkathedralchor unter Leitung von Domkapellmeister Huber wird in dem Gottesdienst Chors\u00e4tze von G. P. da Palestrina, J. Rutter und L. Mason sowie weitere Weihnachtslieder im Wechsel mit der Gemeinde singen. An der Domorgel Prof. Kaiser. Ansonsten sind die Gottesdienstzeiten am zweiten Weihnachtstag im Dom die gleichen wie am ersten; indes findet keine Weihnachtsvesper statt.\u00c2\u00a0 (bpf)<\/p>\n","protected":false},"excerpt":{"rendered":"<div class=\"tmnf_excerpt\"><p>Fulda. Im Fuldaer Dom wird die Heilige Nacht am 24. Dezember um 22 Uhr traditionsgem\u00e4\u00df mit weihnachtlicher Chor- und Orgelmusik eingeleitet. Es singt der Dompfarrchor unter Leitung von Anne Rill. Daran schlie\u00dft sich gegen 22.30 Uhr die Christmette an. Am 1. Weihnachtsfeiertag (25. Dezember) ist um 7 Uhr Hirtenamt in der Michaelskirche. Um 9.30 Uhr &hellip;<\/p>\n<\/div>","protected":false},"author":1,"featured_media":0,"comment_status":"closed","ping_status":"closed","sticky":false,"template":"","format":"standard","meta":{"footnotes":""},"categories":[1,50],"tags":[],"class_list":["post-93933","post","type-post","status-publish","format-standard","hentry","category-startseite","category-kirche"],"_links":{"self":[{"href":"https:\/\/www.fuldaernachrichten.de\/index.php?rest_route=\/wp\/v2\/posts\/93933","targetHints":{"allow":["GET"]}}],"collection":[{"href":"https:\/\/www.fuldaernachrichten.de\/index.php?rest_route=\/wp\/v2\/posts"}],"about":[{"href":"https:\/\/www.fuldaernachrichten.de\/index.php?rest_route=\/wp\/v2\/types\/post"}],"author":[{"embeddable":true,"href":"https:\/\/www.fuldaernachrichten.de\/index.php?rest_route=\/wp\/v2\/users\/1"}],"replies":[{"embeddable":true,"href":"https:\/\/www.fuldaernachrichten.de\/index.php?rest_route=%2Fwp%2Fv2%2Fcomments&post=93933"}],"version-history":[{"count":0,"href":"https:\/\/www.fuldaernachrichten.de\/index.php?rest_route=\/wp\/v2\/posts\/93933\/revisions"}],"wp:attachment":[{"href":"https:\/\/www.fuldaernachrichten.de\/index.php?rest_route=%2Fwp%2Fv2%2Fmedia&parent=93933"}],"wp:term":[{"taxonomy":"category","embeddable":true,"href":"https:\/\/www.fuldaernachrichten.de\/index.php?rest_route=%2Fwp%2Fv2%2Fcategories&post=93933"},{"taxonomy":"post_tag","embeddable":true,"href":"https:\/\/www.fuldaernachrichten.de\/index.php?rest_route=%2Fwp%2Fv2%2Ftags&post=93933"}],"curies":[{"name":"wp","href":"https:\/\/api.w.org\/{rel}","templated":true}]}}