{"id":93931,"date":"2011-12-20T00:12:36","date_gmt":"2011-12-20T00:12:36","guid":{"rendered":"http:\/\/www.fuldaer-nachrichten.de\/?p=93931"},"modified":"2011-12-20T09:04:42","modified_gmt":"2011-12-20T09:04:42","slug":"musikalischer-jahresausklang-auf-dem-hunfelder-rathausplatz","status":"publish","type":"post","link":"https:\/\/www.fuldaernachrichten.de\/?p=93931","title":{"rendered":"Musikalischer Jahresausklang auf dem H\u00fcnfelder Rathausplatz"},"content":{"rendered":"<p><strong>H\u00fcnfeld. <\/strong>Das traditionelle H\u00fcnfelder Neujahrslied wird am Silvesterabend ab 19 Uhr unter den Rathausarkaden aufgef\u00fchrt. Die musikalische Gesamtleitung hat in diesem Jahr der Leiter des M\u00e4nnergesangvereins 1891 H\u00fcnfeld, Vladimir Langenstein. Traditionell lassen die H\u00fcnfelder nach den Jahresabschlussandachten ab 19 Uhr auf dem Rathausplatz das alte Jahr gemeinsam ausklingen. Erste Stadtr\u00e4tin Monika Mihm wird vor der Auff\u00fchrung des Neujahrsliedes eine Silvesteransprache halten. Das Lied selbst wird wie in den vergangenen Jahren durch den Kirchenchor St. Jakobus, den \u00d6kumenischen Singkreis und den M\u00e4nnergesangverein H\u00fcnfeld mit Unterst\u00fctzung von Musikern der Stadtkapelle in H\u00fcnfeld aufgef\u00fchrt. Die Feuerwehr H\u00fcnfeld bietet wieder Gl\u00fchwein und Getr\u00e4nke an.<\/p>\n","protected":false},"excerpt":{"rendered":"<div class=\"tmnf_excerpt\"><p>H\u00fcnfeld. Das traditionelle H\u00fcnfelder Neujahrslied wird am Silvesterabend ab 19 Uhr unter den Rathausarkaden aufgef\u00fchrt. Die musikalische Gesamtleitung hat in diesem Jahr der Leiter des M\u00e4nnergesangvereins 1891 H\u00fcnfeld, Vladimir Langenstein. Traditionell lassen die H\u00fcnfelder nach den Jahresabschlussandachten ab 19 Uhr auf dem Rathausplatz das alte Jahr gemeinsam ausklingen. Erste Stadtr\u00e4tin Monika Mihm wird vor der &hellip;<\/p>\n<\/div>","protected":false},"author":1,"featured_media":0,"comment_status":"closed","ping_status":"closed","sticky":false,"template":"","format":"standard","meta":{"footnotes":""},"categories":[1],"tags":[],"class_list":["post-93931","post","type-post","status-publish","format-standard","hentry","category-startseite"],"_links":{"self":[{"href":"https:\/\/www.fuldaernachrichten.de\/index.php?rest_route=\/wp\/v2\/posts\/93931","targetHints":{"allow":["GET"]}}],"collection":[{"href":"https:\/\/www.fuldaernachrichten.de\/index.php?rest_route=\/wp\/v2\/posts"}],"about":[{"href":"https:\/\/www.fuldaernachrichten.de\/index.php?rest_route=\/wp\/v2\/types\/post"}],"author":[{"embeddable":true,"href":"https:\/\/www.fuldaernachrichten.de\/index.php?rest_route=\/wp\/v2\/users\/1"}],"replies":[{"embeddable":true,"href":"https:\/\/www.fuldaernachrichten.de\/index.php?rest_route=%2Fwp%2Fv2%2Fcomments&post=93931"}],"version-history":[{"count":0,"href":"https:\/\/www.fuldaernachrichten.de\/index.php?rest_route=\/wp\/v2\/posts\/93931\/revisions"}],"wp:attachment":[{"href":"https:\/\/www.fuldaernachrichten.de\/index.php?rest_route=%2Fwp%2Fv2%2Fmedia&parent=93931"}],"wp:term":[{"taxonomy":"category","embeddable":true,"href":"https:\/\/www.fuldaernachrichten.de\/index.php?rest_route=%2Fwp%2Fv2%2Fcategories&post=93931"},{"taxonomy":"post_tag","embeddable":true,"href":"https:\/\/www.fuldaernachrichten.de\/index.php?rest_route=%2Fwp%2Fv2%2Ftags&post=93931"}],"curies":[{"name":"wp","href":"https:\/\/api.w.org\/{rel}","templated":true}]}}