{"id":93927,"date":"2011-12-20T00:16:51","date_gmt":"2011-12-20T00:16:51","guid":{"rendered":"http:\/\/www.fuldaer-nachrichten.de\/?p=93927"},"modified":"2011-12-20T08:58:39","modified_gmt":"2011-12-20T08:58:39","slug":"fit-fur-den-beruf-fur-den-ersten-eindruck-gibt-es-keine-zweite-chance","status":"publish","type":"post","link":"https:\/\/www.fuldaernachrichten.de\/?p=93927","title":{"rendered":"Fit f\u00fcr den Beruf? F\u00fcr den ersten Eindruck gibt es keine zweite Chance"},"content":{"rendered":"<p><strong><a href=\"http:\/\/www.fuldaer-nachrichten.de\/wp-content\/uploads\/2011\/12\/111220_Projekt.jpg\"><img fetchpriority=\"high\" decoding=\"async\" class=\"alignleft size-thumbnail wp-image-93930\" title=\"111220_Projekt\" src=\"http:\/\/www.fuldaer-nachrichten.de\/wp-content\/uploads\/2011\/12\/111220_Projekt-265x196.jpg\" alt=\"\" width=\"265\" height=\"196\" srcset=\"https:\/\/www.fuldaernachrichten.de\/wp-content\/uploads\/2011\/12\/111220_Projekt-265x196.jpg 265w, https:\/\/www.fuldaernachrichten.de\/wp-content\/uploads\/2011\/12\/111220_Projekt.jpg 592w\" sizes=\"(max-width: 265px) 100vw, 265px\" \/><\/a>Fulda.<\/strong> \u201eSchauen Sie bitte mal, ist meine Bewerbungsmappe so okay? Ich bin jetzt doch ein bisschen aufgeregt\u201c so eine Sch\u00fclerin vor einem nicht allt\u00e4glichen Bewerbungstraining an der Geschwister-Scholl-Schule. Als die 43 Sch\u00fcler der beiden neunten Hauptschulklassen den Gesch\u00e4ftsf\u00fchrern und Personalverantwortlichen von f\u00fcnf Unternehmen aus der Region Fulda gegen\u00fcbertraten, lagen so manche Nerven blank, denn es ging darum, sich selbst einem potenziellen Arbeitgeber im besten Licht zu pr\u00e4sentieren. Die Veranstaltung ist der Abschluss und sogleich H\u00f6hepunkt des St\u00e4rken vor Ort Projektes \u201eFit f\u00fcr den Beruf\u201c, das seit Mai diesen Jahres unter der Leitung von Annett Kramer (kramer concepts) an der Schule durchgef\u00fchrt wird. Ziel ist es, die berufliche Integration junger Menschen zu f\u00f6rdern.<!--more--><\/p>\n<p>\u201eDie Resonanz auf die Anfrage an lokale Unternehmen, fiktive Vorstellungsgespr\u00e4che mit zuk\u00fcnftigen Auszubildenden zu f\u00fchren, war sehr positiv\u201c, freut sich Kramer, die die Veranstaltung mit Unterst\u00fctzung der Schulleitung Silke Michael und den beiden Klassenlehrern Dirk Wirsing und Sabine Gleiniger organisierte. Sie bedankte sich bei den beteiligten Firmen f\u00fcr ihr besonderes Engagement. Die Sch\u00fcler h\u00f6rten gespannt zu, als die Gesch\u00e4ftsf\u00fchrer und Firmenvertreter der Unternehmen tegut, der B\u00e4ckerei Happ, der R+S solutions Holding, dem Biosthetique Coiffeur Wind und dem CRC Car Repair Center Scheich sich und die Ausbildungsm\u00f6glichkeiten in ihren Unternehmen vorstellten. Nach den Einzelgespr\u00e4chen folgte der Austausch mit den Mentoren, die wertvolle Tipps aus erster Hand gaben.<\/p>\n<p>Den realit\u00e4tsnahen Charakter der Bewerbungsgespr\u00e4che geben auch die Erfahrungen der Sch\u00fcler wieder, die durch positive R\u00fcckmeldungen \u00fcber ihren pers\u00f6nlichen Eindruck ihre Nerv\u00f6sit\u00e4t und Unsicherheit verloren, aber auch erkennen mussten, dass es noch einiges zu verbessern gibt. \u201eIch wei\u00df jetzt, dass ich keine Fehlstunden im Zeugnis haben darf und dass ich mich gut \u00fcber den Betrieb informieren muss\u201c, res\u00fcmierte ein Sch\u00fcler nach seinem Gespr\u00e4ch.<\/p>\n<p>F\u00fcr einen positiven Eindruck ist es wichtig, sich gut auf das Gespr\u00e4ch vorzubereiten, Pers\u00f6nlichkeit zu zeigen und individuelle St\u00e4rken herauszustellen, waren sich die Personalverantwortlichen einig. Am Ende zogen alle Beteiligten ein positives Fazit. Die Sch\u00fcler sind dem Berufsleben einen wichtigen Schritt n\u00e4her gekommen und sogar Termine f\u00fcr Probearbeiten konnten vereinbart werden. Die Unternehmen signalisierten schon jetzt ihre Bereitschaft, auch im n\u00e4chsten Jahr dabei zu sein, wenn es darum geht, junge Menschen beim Eintritt in das Berufsleben zu unterst\u00fctzen und qualifizierte Nachwuchskr\u00e4fte zu finden.<\/p>\n<p>Das Projekt \u201eFit f\u00fcr den Beruf\u201c findet im Rahmen des Gesamtprogramms ST\u00c4RKEN vor Ort statt. Dieses wird vom Bundesministerium f\u00fcr Familie, Senioren, Frauen und Jugend gef\u00f6rdert und aus dem Europ\u00e4ischen Sozialfonds der Europ\u00e4ischen Union kofinanziert. Die Umsetzung des Programms ST\u00c4RKEN vor Ort koordiniert das Amt f\u00fcr Jugend und Familien der Stadt Fulda.<\/p>\n","protected":false},"excerpt":{"rendered":"<div class=\"tmnf_excerpt\"><p>Fulda. \u201eSchauen Sie bitte mal, ist meine Bewerbungsmappe so okay? Ich bin jetzt doch ein bisschen aufgeregt\u201c so eine Sch\u00fclerin vor einem nicht allt\u00e4glichen Bewerbungstraining an der Geschwister-Scholl-Schule. Als die 43 Sch\u00fcler der beiden neunten Hauptschulklassen den Gesch\u00e4ftsf\u00fchrern und Personalverantwortlichen von f\u00fcnf Unternehmen aus der Region Fulda gegen\u00fcbertraten, lagen so manche Nerven blank, denn es &hellip;<\/p>\n<\/div>","protected":false},"author":1,"featured_media":0,"comment_status":"closed","ping_status":"closed","sticky":false,"template":"","format":"standard","meta":{"footnotes":""},"categories":[1],"tags":[],"class_list":["post-93927","post","type-post","status-publish","format-standard","hentry","category-startseite"],"_links":{"self":[{"href":"https:\/\/www.fuldaernachrichten.de\/index.php?rest_route=\/wp\/v2\/posts\/93927","targetHints":{"allow":["GET"]}}],"collection":[{"href":"https:\/\/www.fuldaernachrichten.de\/index.php?rest_route=\/wp\/v2\/posts"}],"about":[{"href":"https:\/\/www.fuldaernachrichten.de\/index.php?rest_route=\/wp\/v2\/types\/post"}],"author":[{"embeddable":true,"href":"https:\/\/www.fuldaernachrichten.de\/index.php?rest_route=\/wp\/v2\/users\/1"}],"replies":[{"embeddable":true,"href":"https:\/\/www.fuldaernachrichten.de\/index.php?rest_route=%2Fwp%2Fv2%2Fcomments&post=93927"}],"version-history":[{"count":0,"href":"https:\/\/www.fuldaernachrichten.de\/index.php?rest_route=\/wp\/v2\/posts\/93927\/revisions"}],"wp:attachment":[{"href":"https:\/\/www.fuldaernachrichten.de\/index.php?rest_route=%2Fwp%2Fv2%2Fmedia&parent=93927"}],"wp:term":[{"taxonomy":"category","embeddable":true,"href":"https:\/\/www.fuldaernachrichten.de\/index.php?rest_route=%2Fwp%2Fv2%2Fcategories&post=93927"},{"taxonomy":"post_tag","embeddable":true,"href":"https:\/\/www.fuldaernachrichten.de\/index.php?rest_route=%2Fwp%2Fv2%2Ftags&post=93927"}],"curies":[{"name":"wp","href":"https:\/\/api.w.org\/{rel}","templated":true}]}}