{"id":93926,"date":"2011-12-20T00:14:30","date_gmt":"2011-12-20T00:14:30","guid":{"rendered":"http:\/\/www.fuldaer-nachrichten.de\/?p=93926"},"modified":"2011-12-20T08:57:42","modified_gmt":"2011-12-20T08:57:42","slug":"veranstaltungsprogramm-2012-der-katholischen-jungen-gemeinde-kjg-im-bistum-fulda-erschienen","status":"publish","type":"post","link":"https:\/\/www.fuldaernachrichten.de\/?p=93926","title":{"rendered":"Veranstaltungsprogramm 2012 der Katholischen Jungen Gemeinde (KjG) im Bistum Fulda erschienen"},"content":{"rendered":"<p><strong>Fulda. <\/strong>Die Katholische Junge Gemeinde Fulda bietet auch im Jahr 2012 wieder ein breit gef\u00e4chertes Angebot f\u00fcr Kinder und Jugendliche aus dem gesamten Bistum Fulda an. Egal ob Mitglied oder nicht \u2013 das Angebot will generell allen Kindern und Jugendlichen offen stehen und gemeinsame Erlebnisse erm\u00f6glichen. So werden in den Sommerferien f\u00fcr Kinder Zeltlager in der Rh\u00f6n oder in Immenhausen angeboten und f\u00fcr Jugendliche besteht die M\u00f6glichkeit einer H\u00fcttentour in den Alpen. Im integrativen Freizeitbereich bietet die KjG wieder zwei Veranstaltungen an: Je nach Alter der Teilnehmer geht es in das sch\u00f6ne Kleinsassen oder auf ein altes Schloss nach Pahlen in Schleswig-Holstein. Auch fern der Sommerferien gibt es weitere Angebote. So zum Beispiel eine Kinder- und Jugend Aktivwoche rund um Ostern oder eine Jugendfreizeit an den Walchensee im Herbst des Jahres 2012. <!--more--><\/p>\n<p>Das spirituelle Erfahrungen ein wichtiges Feld f\u00fcr die Katholische junge Gemeinde sind, dr\u00fcckt sich auch im Programm aus: Hier gibt es beispielsweise ein Wochenende rund um die Bibel oder ein religi\u00f6ses Werkwochenende mit dem Thema der zeitgem\u00e4\u00dfen Vermittlung von christlichen Inhalten. Schlie\u00dflich bietet der Kinder- und Jugendverband im Fortbildungsbereich f\u00fcr Jugendliche mehrere Gruppenleiterkurse an, Gitarrenwochenenden, eine K\u00fcchenschulung f\u00fcr Ferienfreizeiten und ein Seminar zum Thema Kommunikation. Weitere Informationen im Internet unter <a href=\"http:\/\/www.kjg-fulda.de\/\">www.kjg-fulda.de<\/a> oder in der neu erschienenen \u201eWir leben es!\u201c Brosch\u00fcre, welche ab sofort in der KjG Di\u00f6zesanstelle Fulda, Paulustor 5, erh\u00e4ltlich ist. Weitere Informationen auch unter 0661\/87462 oder per mail <a href=\"mailto:kjg@bistum-fulda.de\">kjg@bistum-fulda.de<\/a>.<\/p>\n","protected":false},"excerpt":{"rendered":"<div class=\"tmnf_excerpt\"><p>Fulda. Die Katholische Junge Gemeinde Fulda bietet auch im Jahr 2012 wieder ein breit gef\u00e4chertes Angebot f\u00fcr Kinder und Jugendliche aus dem gesamten Bistum Fulda an. Egal ob Mitglied oder nicht \u2013 das Angebot will generell allen Kindern und Jugendlichen offen stehen und gemeinsame Erlebnisse erm\u00f6glichen. So werden in den Sommerferien f\u00fcr Kinder Zeltlager in &hellip;<\/p>\n<\/div>","protected":false},"author":1,"featured_media":0,"comment_status":"closed","ping_status":"closed","sticky":false,"template":"","format":"standard","meta":{"footnotes":""},"categories":[1],"tags":[],"class_list":["post-93926","post","type-post","status-publish","format-standard","hentry","category-startseite"],"_links":{"self":[{"href":"https:\/\/www.fuldaernachrichten.de\/index.php?rest_route=\/wp\/v2\/posts\/93926","targetHints":{"allow":["GET"]}}],"collection":[{"href":"https:\/\/www.fuldaernachrichten.de\/index.php?rest_route=\/wp\/v2\/posts"}],"about":[{"href":"https:\/\/www.fuldaernachrichten.de\/index.php?rest_route=\/wp\/v2\/types\/post"}],"author":[{"embeddable":true,"href":"https:\/\/www.fuldaernachrichten.de\/index.php?rest_route=\/wp\/v2\/users\/1"}],"replies":[{"embeddable":true,"href":"https:\/\/www.fuldaernachrichten.de\/index.php?rest_route=%2Fwp%2Fv2%2Fcomments&post=93926"}],"version-history":[{"count":0,"href":"https:\/\/www.fuldaernachrichten.de\/index.php?rest_route=\/wp\/v2\/posts\/93926\/revisions"}],"wp:attachment":[{"href":"https:\/\/www.fuldaernachrichten.de\/index.php?rest_route=%2Fwp%2Fv2%2Fmedia&parent=93926"}],"wp:term":[{"taxonomy":"category","embeddable":true,"href":"https:\/\/www.fuldaernachrichten.de\/index.php?rest_route=%2Fwp%2Fv2%2Fcategories&post=93926"},{"taxonomy":"post_tag","embeddable":true,"href":"https:\/\/www.fuldaernachrichten.de\/index.php?rest_route=%2Fwp%2Fv2%2Ftags&post=93926"}],"curies":[{"name":"wp","href":"https:\/\/api.w.org\/{rel}","templated":true}]}}