{"id":93916,"date":"2011-12-20T00:15:59","date_gmt":"2011-12-20T00:15:59","guid":{"rendered":"http:\/\/www.fuldaer-nachrichten.de\/?p=93916"},"modified":"2011-12-20T09:09:18","modified_gmt":"2011-12-20T09:09:18","slug":"liebe-und-freude-verschenkt-durch-weihnachten-im-schuhkarton","status":"publish","type":"post","link":"https:\/\/www.fuldaernachrichten.de\/?p=93916","title":{"rendered":"Liebe und Freude verschenkt durch \u201eWeihnachten im Schuhkarton\u201c"},"content":{"rendered":"<p><strong><a href=\"http:\/\/www.fuldaer-nachrichten.de\/wp-content\/uploads\/2011\/12\/111219_Marianum.jpg\"><img fetchpriority=\"high\" decoding=\"async\" class=\"alignleft size-thumbnail wp-image-93917\" title=\"111219_Marianum\" src=\"http:\/\/www.fuldaer-nachrichten.de\/wp-content\/uploads\/2011\/12\/111219_Marianum-265x198.jpg\" alt=\"\" width=\"265\" height=\"198\" srcset=\"https:\/\/www.fuldaernachrichten.de\/wp-content\/uploads\/2011\/12\/111219_Marianum-265x198.jpg 265w, https:\/\/www.fuldaernachrichten.de\/wp-content\/uploads\/2011\/12\/111219_Marianum.jpg 592w\" sizes=\"(max-width: 265px) 100vw, 265px\" \/><\/a>Fulda. <\/strong>Im Rahmen eines Ausbildungsprojektes bei tegut\u00e2\u20ac\u00a6 haben die beiden Lernenden Claudius M\u00e4der und Thomas Henkel in Kooperation mit Sch\u00fclern des Marianums ca 150 P\u00e4ckchen f\u00fcr \u201eWeihnachten im Schuhkarton\u201c gesammelt. Diese weltweit gr\u00f6\u00dfte Geschenkaktion wird von \u201eGeschenke der Hoffnung e.V. initiiert, dies sich zur Aufgabe gemacht hat, bed\u00fcrftige Menschen, ungeachtet ihres religi\u00f6sen, sozialen oder kulturellen Hintergrundes zu unterst\u00fctzen. Verteilt werden die Weihnachtspakete mit Unterst\u00fctzung von Vertrauenspersonen vor Ort in Waisenh\u00e4user, Slums, Krankenh\u00e4user und Fl\u00fcchtlingslagern.<!--more--><\/p>\n<p>Nachdem die beiden den Projektauftrag erhalten hatten, kam Claudius M\u00e4der spontan die Idee , das Marianum, seine fr\u00fchere Schule, f\u00fcr das Projekt zu gewinnen. Die Zusage zu helfen kam prompt und die dortigen Aktivit\u00e4ten waren riesengro\u00df. Es wurde ein Kuchenverkauf gestartet und es gab zahlreiche Spenden durch Eltern und Sch\u00fcler. Auch in den Zentralen Diensten von tegut&#8230;wurden flei\u00dfig Geschenke und auch Geld gesammelt. Der Versand eines Paketes kostet ca 6,-Euro und Ziel war es soviel Spendengeld zusammenzubekommen, dass davon die Versandkosten\u00c2\u00a0 von allen abgegebenen Geschenkkartons bezahlt werden konnten. Deshalb f\u00fchrten die beiden u.a. auch eine Grillaktion im tegut&#8230; Markt in der Maberzeller Str. durch und so schafften sie es \u00fcber die angepeilte Spendensumme von\u00c2\u00a0 1000,- Euro zu kommen.<\/p>\n<p>Zur Projektaufgabe geh\u00f6rte auch, bei der Endkontrolle, dem Sortieren und Verpacken der Pakete mitzuwirken. Dies \u00fcbernimmt f\u00fcr die Region Fulda als Satellitenstation die benediktinische Gemeinschaft \u201eGeist und Sendung\u201c. Und im n\u00e4chsten Jahr soll das Projekt noch ein St\u00fcck weiter ausgedehnt werden. Mit der Zentrale von \u201eGeschenke der Hoffnung \u201e wurde \u00fcber eine m\u00f6gliche Begleitung des Hilfstransports durch tegut Lernende gesprochen.<\/p>\n","protected":false},"excerpt":{"rendered":"<div class=\"tmnf_excerpt\"><p>Fulda. Im Rahmen eines Ausbildungsprojektes bei tegut\u00e2\u20ac\u00a6 haben die beiden Lernenden Claudius M\u00e4der und Thomas Henkel in Kooperation mit Sch\u00fclern des Marianums ca 150 P\u00e4ckchen f\u00fcr \u201eWeihnachten im Schuhkarton\u201c gesammelt. Diese weltweit gr\u00f6\u00dfte Geschenkaktion wird von \u201eGeschenke der Hoffnung e.V. initiiert, dies sich zur Aufgabe gemacht hat, bed\u00fcrftige Menschen, ungeachtet ihres religi\u00f6sen, sozialen oder kulturellen &hellip;<\/p>\n<\/div>","protected":false},"author":1,"featured_media":0,"comment_status":"closed","ping_status":"closed","sticky":false,"template":"","format":"standard","meta":{"footnotes":""},"categories":[1],"tags":[],"class_list":["post-93916","post","type-post","status-publish","format-standard","hentry","category-startseite"],"_links":{"self":[{"href":"https:\/\/www.fuldaernachrichten.de\/index.php?rest_route=\/wp\/v2\/posts\/93916","targetHints":{"allow":["GET"]}}],"collection":[{"href":"https:\/\/www.fuldaernachrichten.de\/index.php?rest_route=\/wp\/v2\/posts"}],"about":[{"href":"https:\/\/www.fuldaernachrichten.de\/index.php?rest_route=\/wp\/v2\/types\/post"}],"author":[{"embeddable":true,"href":"https:\/\/www.fuldaernachrichten.de\/index.php?rest_route=\/wp\/v2\/users\/1"}],"replies":[{"embeddable":true,"href":"https:\/\/www.fuldaernachrichten.de\/index.php?rest_route=%2Fwp%2Fv2%2Fcomments&post=93916"}],"version-history":[{"count":0,"href":"https:\/\/www.fuldaernachrichten.de\/index.php?rest_route=\/wp\/v2\/posts\/93916\/revisions"}],"wp:attachment":[{"href":"https:\/\/www.fuldaernachrichten.de\/index.php?rest_route=%2Fwp%2Fv2%2Fmedia&parent=93916"}],"wp:term":[{"taxonomy":"category","embeddable":true,"href":"https:\/\/www.fuldaernachrichten.de\/index.php?rest_route=%2Fwp%2Fv2%2Fcategories&post=93916"},{"taxonomy":"post_tag","embeddable":true,"href":"https:\/\/www.fuldaernachrichten.de\/index.php?rest_route=%2Fwp%2Fv2%2Ftags&post=93916"}],"curies":[{"name":"wp","href":"https:\/\/api.w.org\/{rel}","templated":true}]}}