{"id":93911,"date":"2011-12-19T09:57:46","date_gmt":"2011-12-19T09:57:46","guid":{"rendered":"http:\/\/www.fuldaer-nachrichten.de\/?p=93911"},"modified":"2011-12-19T09:57:46","modified_gmt":"2011-12-19T09:57:46","slug":"artvent-vernissage-in-der-kinderklinik-schuler-der-winfriedschule-prasentieren-mixed-media-arbeiten","status":"publish","type":"post","link":"https:\/\/www.fuldaernachrichten.de\/?p=93911","title":{"rendered":"ARTvent-Vernissage in der Kinderklinik: Sch\u00fcler der Winfriedschule pr\u00e4sentieren Mixed-Media-Arbeiten"},"content":{"rendered":"<p><strong><a href=\"http:\/\/www.fuldaer-nachrichten.de\/wp-content\/uploads\/2011\/12\/111219_ARTvent.jpg\"><img fetchpriority=\"high\" decoding=\"async\" class=\"alignnone size-full wp-image-93912\" title=\"111219_ARTvent\" src=\"http:\/\/www.fuldaer-nachrichten.de\/wp-content\/uploads\/2011\/12\/111219_ARTvent.jpg\" alt=\"\" width=\"592\" height=\"393\" srcset=\"https:\/\/www.fuldaernachrichten.de\/wp-content\/uploads\/2011\/12\/111219_ARTvent.jpg 592w, https:\/\/www.fuldaernachrichten.de\/wp-content\/uploads\/2011\/12\/111219_ARTvent-265x175.jpg 265w\" sizes=\"(max-width: 592px) 100vw, 592px\" \/><\/a><\/strong><\/p>\n<p><strong>Fulda. <\/strong>Die Klinik f\u00fcr Kinder- und Jugendmedizin des Klinikums Fulda veranstaltete eine Vernissage \u201eARTvent\u201c, mit Bildern der Kunst-Musik-Klasse der Winfriedschule. Die Sch\u00fclerinnen und Sch\u00fcler der \u201eMusik-Kunst-Klasse\u201c der Winfriedschule freuen sich \u00fcber eine Stunde zus\u00e4tzlichen Musik- bzw. Kunstunterricht. 15 Kinder haben den Schwerpunkt Kunst und 13 den \u00c2\u00a0Schwerpunkt Musik gew\u00e4hlt. Den 28 Sch\u00fclerinnen und Sch\u00fclern der \u00c2\u00a0\u201eMusik-Kunst-Klasse\u201c war die Freude \u00fcber ihre erste Kunstausstellung direkt im Gesicht anzusehen: Stolz zeigten sie den G\u00e4sten der Vernissage ihre Werke. Pr\u00e4sentiert werden experimentelle Mixed-Media-Arbeiten, zwischen Gegenst\u00e4ndlichkeit und Abstraktion. \u201eEs waren mehrere Vorstudien notwendig, um sich von der naturalistischen Dingwelt zu l\u00f6sen\u201c, erkl\u00e4rte Kunstlehrer Werner D\u00f6ppner bei seiner Ansprache. Verschiedene Techniken &#8211; Zeichnung, Malerei und Collage \u2013 wurden in einer Arbeit vereint. <!--more--><\/p>\n<p>Im Mittelpunkt der Arbeiten sollte die Darstellung des Menschen bzw. des Kindes stehen, eingebunden in Spiel und Alltag. F\u00fcr ihn als Kunstlehrer sei es wichtig, die Kreativit\u00e4t zu f\u00f6rdern und die Kinder \u201eim Kopf frei zu machen\u201c. Prof. Dr. Reinald Repp (Direktor der Klinik f\u00fcr Kinder und Jugendmedizin) bedankte sich bei den Kindern daf\u00fcr, dass die Werke in der Kinderklinik ausgestellt\u00c2\u00a0 werden d\u00fcrfen und nicht nur die R\u00e4ume versch\u00f6nern, sondern Freude bereiten und damit den Kindern in der Klinik helfen, schneller gesund zu werden. Die Werke der jungen K\u00fcnstler sind bis zum 31.01.2012 in der Klinik f\u00fcr Kinder- und Jugendmedizin, auf der Station H22 (2. Etage, Kinderklinik) zu besichtigen. Alle Interessierten sind herzlich eingeladen.<\/p>\n<p>Das Klinikum Fulda ist das moderne Hochleistungskrankenhaus der Maximalversorgung und Akademisches Lehrkrankenhaus der Philipps-Universit\u00e4t Marburg sowie der Hochschule Fulda. Mit mehr als 1.000 Betten in der station\u00e4ren Versorgung und einem breiten Angebot an spezialisierten Sprechstunden und Ambulanzen stellt es die qualitativ hochwertige medizinische Versorgung f\u00fcr die mehr als 500.000 B\u00fcrgerinnen und B\u00fcrgern der Region sicher.<\/p>\n","protected":false},"excerpt":{"rendered":"<div class=\"tmnf_excerpt\"><p>Fulda. Die Klinik f\u00fcr Kinder- und Jugendmedizin des Klinikums Fulda veranstaltete eine Vernissage \u201eARTvent\u201c, mit Bildern der Kunst-Musik-Klasse der Winfriedschule. Die Sch\u00fclerinnen und Sch\u00fcler der \u201eMusik-Kunst-Klasse\u201c der Winfriedschule freuen sich \u00fcber eine Stunde zus\u00e4tzlichen Musik- bzw. Kunstunterricht. 15 Kinder haben den Schwerpunkt Kunst und 13 den \u00c2\u00a0Schwerpunkt Musik gew\u00e4hlt. Den 28 Sch\u00fclerinnen und Sch\u00fclern der &hellip;<\/p>\n<\/div>","protected":false},"author":1,"featured_media":0,"comment_status":"closed","ping_status":"closed","sticky":false,"template":"","format":"standard","meta":{"footnotes":""},"categories":[1,78],"tags":[],"class_list":["post-93911","post","type-post","status-publish","format-standard","hentry","category-startseite","category-topthema"],"_links":{"self":[{"href":"https:\/\/www.fuldaernachrichten.de\/index.php?rest_route=\/wp\/v2\/posts\/93911","targetHints":{"allow":["GET"]}}],"collection":[{"href":"https:\/\/www.fuldaernachrichten.de\/index.php?rest_route=\/wp\/v2\/posts"}],"about":[{"href":"https:\/\/www.fuldaernachrichten.de\/index.php?rest_route=\/wp\/v2\/types\/post"}],"author":[{"embeddable":true,"href":"https:\/\/www.fuldaernachrichten.de\/index.php?rest_route=\/wp\/v2\/users\/1"}],"replies":[{"embeddable":true,"href":"https:\/\/www.fuldaernachrichten.de\/index.php?rest_route=%2Fwp%2Fv2%2Fcomments&post=93911"}],"version-history":[{"count":1,"href":"https:\/\/www.fuldaernachrichten.de\/index.php?rest_route=\/wp\/v2\/posts\/93911\/revisions"}],"predecessor-version":[{"id":93913,"href":"https:\/\/www.fuldaernachrichten.de\/index.php?rest_route=\/wp\/v2\/posts\/93911\/revisions\/93913"}],"wp:attachment":[{"href":"https:\/\/www.fuldaernachrichten.de\/index.php?rest_route=%2Fwp%2Fv2%2Fmedia&parent=93911"}],"wp:term":[{"taxonomy":"category","embeddable":true,"href":"https:\/\/www.fuldaernachrichten.de\/index.php?rest_route=%2Fwp%2Fv2%2Fcategories&post=93911"},{"taxonomy":"post_tag","embeddable":true,"href":"https:\/\/www.fuldaernachrichten.de\/index.php?rest_route=%2Fwp%2Fv2%2Ftags&post=93911"}],"curies":[{"name":"wp","href":"https:\/\/api.w.org\/{rel}","templated":true}]}}