{"id":93906,"date":"2011-12-22T00:12:01","date_gmt":"2011-12-22T00:12:01","guid":{"rendered":"http:\/\/www.fuldaer-nachrichten.de\/?p=93906"},"modified":"2011-12-21T10:32:13","modified_gmt":"2011-12-21T10:32:13","slug":"sonderregelungen-zum-konjunkturellen-kurzarbeitergeld-laufen-fruher-aus-2","status":"publish","type":"post","link":"https:\/\/www.fuldaernachrichten.de\/?p=93906","title":{"rendered":"Sonderregelungen zum konjunkturellen Kurzarbeitergeld laufen fr\u00fcher aus"},"content":{"rendered":"<p><strong>Fulda. <\/strong>Mit den Konjunkturpaketen hat die Bundesregierung zur Arbeitskr\u00e4ftesicherung in der Wirtschaftskrise Erleichterungen beim konjunkturellen Kurzarbeitergeld befristet eingef\u00fchrt. Die Sonderregelungen sollten urspr\u00fcnglich bis 31. M\u00e4rz 2012 gelten. Mit dem Gesetz zur Verbesserung der Eingliederungschancen am Arbeitsmarkt wurde das Endedatum der Sonderregelungen auf den 31. Dezember vorverlegt. Zum Jahresbeginn 2012 gilt f\u00fcr konjunkturelle Kurzarbeit in Unternehmen weitestgehend wieder das Recht vor der Wirtschaftskrise 2009. Das bedeutet im Einzelnen:<!--more--><\/p>\n<ul>\n<li>Arbeitgeber tragen wieder allein die Sozialversicherungsbeitr\u00e4ge auf das Kurzarbeitergeld<\/li>\n<li>Der Arbeitsausfall ist nur dann erheblich, wenn f\u00fcr mindestens ein Drittel der besch\u00e4ftigten Arbeitnehmer des Betriebes oder der Betriebsabteilung mehr als 10 Prozent des monatlichen Bruttoarbeitsentgelts ausfallen<\/li>\n<li>Betriebliche oder tarifliche Regelungen zur Bildung von Minussalden bei Arbeitszeitschwankungen sind vor der Nutzung von Kurzarbeit grunds\u00e4tzlich auszusch\u00f6pfen<\/li>\n<li>In Betrieben der Bauwirtschaft entf\u00e4llt damit die pauschalierte Erstattung der Sozialversicherungsbeitr\u00e4ge f\u00fcr Angestellte. In Betrieben des Ger\u00fcstbaus entf\u00e4llt diese Erstattung komplett<\/li>\n<li>Zeitarbeitsunternehmen k\u00f6nnen keine konjunkturelle Kurzarbeit durchf\u00fchren<\/li>\n<\/ul>\n<p>Betroffene Betriebe, die entweder bereits in Kurzarbeit sind oder Kurzarbeit anzeigen wollen, k\u00f6nnen sich an das Bearbeitungsb\u00fcro Arbeitgeber \/ Tr\u00e4ger ihrer zust\u00e4ndigen Agentur f\u00fcr Arbeit wenden.<\/p>\n","protected":false},"excerpt":{"rendered":"<div class=\"tmnf_excerpt\"><p>Fulda. Mit den Konjunkturpaketen hat die Bundesregierung zur Arbeitskr\u00e4ftesicherung in der Wirtschaftskrise Erleichterungen beim konjunkturellen Kurzarbeitergeld befristet eingef\u00fchrt. Die Sonderregelungen sollten urspr\u00fcnglich bis 31. M\u00e4rz 2012 gelten. Mit dem Gesetz zur Verbesserung der Eingliederungschancen am Arbeitsmarkt wurde das Endedatum der Sonderregelungen auf den 31. Dezember vorverlegt. Zum Jahresbeginn 2012 gilt f\u00fcr konjunkturelle Kurzarbeit in Unternehmen &hellip;<\/p>\n<\/div>","protected":false},"author":1,"featured_media":0,"comment_status":"closed","ping_status":"closed","sticky":false,"template":"","format":"standard","meta":{"footnotes":""},"categories":[1],"tags":[],"class_list":["post-93906","post","type-post","status-publish","format-standard","hentry","category-startseite"],"_links":{"self":[{"href":"https:\/\/www.fuldaernachrichten.de\/index.php?rest_route=\/wp\/v2\/posts\/93906","targetHints":{"allow":["GET"]}}],"collection":[{"href":"https:\/\/www.fuldaernachrichten.de\/index.php?rest_route=\/wp\/v2\/posts"}],"about":[{"href":"https:\/\/www.fuldaernachrichten.de\/index.php?rest_route=\/wp\/v2\/types\/post"}],"author":[{"embeddable":true,"href":"https:\/\/www.fuldaernachrichten.de\/index.php?rest_route=\/wp\/v2\/users\/1"}],"replies":[{"embeddable":true,"href":"https:\/\/www.fuldaernachrichten.de\/index.php?rest_route=%2Fwp%2Fv2%2Fcomments&post=93906"}],"version-history":[{"count":0,"href":"https:\/\/www.fuldaernachrichten.de\/index.php?rest_route=\/wp\/v2\/posts\/93906\/revisions"}],"wp:attachment":[{"href":"https:\/\/www.fuldaernachrichten.de\/index.php?rest_route=%2Fwp%2Fv2%2Fmedia&parent=93906"}],"wp:term":[{"taxonomy":"category","embeddable":true,"href":"https:\/\/www.fuldaernachrichten.de\/index.php?rest_route=%2Fwp%2Fv2%2Fcategories&post=93906"},{"taxonomy":"post_tag","embeddable":true,"href":"https:\/\/www.fuldaernachrichten.de\/index.php?rest_route=%2Fwp%2Fv2%2Ftags&post=93906"}],"curies":[{"name":"wp","href":"https:\/\/api.w.org\/{rel}","templated":true}]}}