{"id":93883,"date":"2011-12-22T00:10:34","date_gmt":"2011-12-22T00:10:34","guid":{"rendered":"http:\/\/www.fuldaer-nachrichten.de\/?p=93883"},"modified":"2011-12-21T10:31:53","modified_gmt":"2011-12-21T10:31:53","slug":"farbe-blau-steht-im-mittelpunkt-ferienatelier-mit-anette-kramer-im-puszta-haus","status":"publish","type":"post","link":"https:\/\/www.fuldaernachrichten.de\/?p=93883","title":{"rendered":"Farbe Blau steht im Mittelpunkt &#8211; Ferienatelier mit Anette Kramer im Puszta Haus"},"content":{"rendered":"<p><strong>H\u00fcnfeld.<\/strong> Unter Leitung von Anette Kramer findet in H\u00fcnfeld im Puszta Haus (ARTelier), Hersfelder Str. 37, ein Ferienmalkurs der Volkshochschule des Landkreises Fulda f\u00fcr Kinder ab 6 Jahren statt. Im Mittelpunkt steht dieses Mal die Farbe Blau. Bitte Malkittel mitbringen! Am Freitag, 6. Januar, geht es um 14 Uhr los. Informationen und Anmeldungen bei der vhs-Gesch\u00e4ftsstelle, Gallasiniring 30, 36043 Fulda, Telefon 0661\/25199-0, oder unter <a href=\"http:\/\/www.vhs-fulda.de\/\">www.vhs-fulda.de<\/a>.<\/p>\n","protected":false},"excerpt":{"rendered":"<div class=\"tmnf_excerpt\"><p>H\u00fcnfeld. Unter Leitung von Anette Kramer findet in H\u00fcnfeld im Puszta Haus (ARTelier), Hersfelder Str. 37, ein Ferienmalkurs der Volkshochschule des Landkreises Fulda f\u00fcr Kinder ab 6 Jahren statt. Im Mittelpunkt steht dieses Mal die Farbe Blau. Bitte Malkittel mitbringen! Am Freitag, 6. Januar, geht es um 14 Uhr los. Informationen und Anmeldungen bei der &hellip;<\/p>\n<\/div>","protected":false},"author":1,"featured_media":0,"comment_status":"closed","ping_status":"closed","sticky":false,"template":"","format":"standard","meta":{"footnotes":""},"categories":[1],"tags":[],"class_list":["post-93883","post","type-post","status-publish","format-standard","hentry","category-startseite"],"_links":{"self":[{"href":"https:\/\/www.fuldaernachrichten.de\/index.php?rest_route=\/wp\/v2\/posts\/93883","targetHints":{"allow":["GET"]}}],"collection":[{"href":"https:\/\/www.fuldaernachrichten.de\/index.php?rest_route=\/wp\/v2\/posts"}],"about":[{"href":"https:\/\/www.fuldaernachrichten.de\/index.php?rest_route=\/wp\/v2\/types\/post"}],"author":[{"embeddable":true,"href":"https:\/\/www.fuldaernachrichten.de\/index.php?rest_route=\/wp\/v2\/users\/1"}],"replies":[{"embeddable":true,"href":"https:\/\/www.fuldaernachrichten.de\/index.php?rest_route=%2Fwp%2Fv2%2Fcomments&post=93883"}],"version-history":[{"count":0,"href":"https:\/\/www.fuldaernachrichten.de\/index.php?rest_route=\/wp\/v2\/posts\/93883\/revisions"}],"wp:attachment":[{"href":"https:\/\/www.fuldaernachrichten.de\/index.php?rest_route=%2Fwp%2Fv2%2Fmedia&parent=93883"}],"wp:term":[{"taxonomy":"category","embeddable":true,"href":"https:\/\/www.fuldaernachrichten.de\/index.php?rest_route=%2Fwp%2Fv2%2Fcategories&post=93883"},{"taxonomy":"post_tag","embeddable":true,"href":"https:\/\/www.fuldaernachrichten.de\/index.php?rest_route=%2Fwp%2Fv2%2Ftags&post=93883"}],"curies":[{"name":"wp","href":"https:\/\/api.w.org\/{rel}","templated":true}]}}