{"id":93882,"date":"2011-12-23T00:11:02","date_gmt":"2011-12-23T00:11:02","guid":{"rendered":"http:\/\/www.fuldaer-nachrichten.de\/?p=93882"},"modified":"2011-12-24T07:43:23","modified_gmt":"2011-12-24T07:43:23","slug":"mittelfristiges-programm-fur-den-ausbau-der-kreisstrasen-fortgeschrieben","status":"publish","type":"post","link":"https:\/\/www.fuldaernachrichten.de\/?p=93882","title":{"rendered":"Mittelfristiges Programm f\u00fcr den Ausbau der Kreisstra\u00dfen fortgeschrieben"},"content":{"rendered":"<p><strong>Tann\/Flieden.<\/strong> Im kommenden Jahr soll die Kreisstra\u00dfe 31 zwischen den Tanner Stadtteilen G\u00fcnthers und Neuswarts ausgebaut werden. Nach Mitteilung von Landrat Bernd Woide liegt die F\u00f6rderzusage des Hessischen Ministeriums f\u00fcr Wirtschaft, Verkehr und Landesentwicklung inzwischen vor. M\u00f6glicherweise k\u00e4men weitere Ma\u00dfnahmen zur Ausf\u00fchrung, wenn in anderen Landkreisen f\u00fcr den Kreisstra\u00dfenbau bereitgestellte F\u00f6rdermittel nicht abgerufen w\u00fcrden. Landrat Woide nannte die Erh\u00f6hung der Tragf\u00e4higkeit der Kreisstra\u00dfe 82 zwischen Schweben und R\u00fcckers und der Kreisstra\u00dfe 90 von der A 66 bis zur Kreisstra\u00dfe 82 sowie den Ausbau der Kreisstra\u00dfe 32 zwischen der B 276 und Schlitzenhausen und zwischen Schlitzenhausen und Theobaldshof.<!--more--><\/p>\n<p>An Fahrbahnerneuerungen sind in 2012 insgesamt 9,675 Kilometer Kreisstra\u00dfe f\u00fcr veranschlagten Kosten von 1,73 Millionen Euro vorgesehen, darunter die Kreisstra\u00dfe 52 von K\u00fcnzell nach Keulos f\u00fcr 325.000 Euro, die Kreisstra\u00dfe 68 zwischen Schmalnau und der K 70 sowie die Kreisstra\u00dfe 110 von Malkes nach Bimbach f\u00fcr je 300.000 Euro, die Kreisstra\u00dfe 101 zwischen der L 3079 und Zell f\u00fcr 275.000 Euro und die Kreisstra\u00dfe 118 (Gerloser Weg) f\u00fcr 250.000 Euro.<\/p>\n<p>Neben der Fortschreibung des mittelfristigen Programms f\u00fcr den Ausbau der Kreisstra\u00dfen f\u00fcr die Jahre von 2013 bis 2017 und dem Kreisstra\u00dfenbauprogramm 2012 wurde in der letzten Kreisausschusssitzung der Ausbau der Kreisstra\u00dfe 66 zwischen Rommers und Gersfeld einschlie\u00dflich der Fahrbahnerneuerung in der Ortsdurchfahrt Gersfeld vergeben. Hier belief sich das kosteng\u00fcnstigste Angebot auf 1,749 Millionen Euro, wovon 1,672 Millionen Euro auf den Landkreis Fulda entfallen.<\/p>\n","protected":false},"excerpt":{"rendered":"<div class=\"tmnf_excerpt\"><p>Tann\/Flieden. Im kommenden Jahr soll die Kreisstra\u00dfe 31 zwischen den Tanner Stadtteilen G\u00fcnthers und Neuswarts ausgebaut werden. Nach Mitteilung von Landrat Bernd Woide liegt die F\u00f6rderzusage des Hessischen Ministeriums f\u00fcr Wirtschaft, Verkehr und Landesentwicklung inzwischen vor. M\u00f6glicherweise k\u00e4men weitere Ma\u00dfnahmen zur Ausf\u00fchrung, wenn in anderen Landkreisen f\u00fcr den Kreisstra\u00dfenbau bereitgestellte F\u00f6rdermittel nicht abgerufen w\u00fcrden. Landrat &hellip;<\/p>\n<\/div>","protected":false},"author":1,"featured_media":0,"comment_status":"closed","ping_status":"closed","sticky":false,"template":"","format":"standard","meta":{"footnotes":""},"categories":[1,35],"tags":[],"class_list":["post-93882","post","type-post","status-publish","format-standard","hentry","category-startseite","category-auto"],"_links":{"self":[{"href":"https:\/\/www.fuldaernachrichten.de\/index.php?rest_route=\/wp\/v2\/posts\/93882","targetHints":{"allow":["GET"]}}],"collection":[{"href":"https:\/\/www.fuldaernachrichten.de\/index.php?rest_route=\/wp\/v2\/posts"}],"about":[{"href":"https:\/\/www.fuldaernachrichten.de\/index.php?rest_route=\/wp\/v2\/types\/post"}],"author":[{"embeddable":true,"href":"https:\/\/www.fuldaernachrichten.de\/index.php?rest_route=\/wp\/v2\/users\/1"}],"replies":[{"embeddable":true,"href":"https:\/\/www.fuldaernachrichten.de\/index.php?rest_route=%2Fwp%2Fv2%2Fcomments&post=93882"}],"version-history":[{"count":0,"href":"https:\/\/www.fuldaernachrichten.de\/index.php?rest_route=\/wp\/v2\/posts\/93882\/revisions"}],"wp:attachment":[{"href":"https:\/\/www.fuldaernachrichten.de\/index.php?rest_route=%2Fwp%2Fv2%2Fmedia&parent=93882"}],"wp:term":[{"taxonomy":"category","embeddable":true,"href":"https:\/\/www.fuldaernachrichten.de\/index.php?rest_route=%2Fwp%2Fv2%2Fcategories&post=93882"},{"taxonomy":"post_tag","embeddable":true,"href":"https:\/\/www.fuldaernachrichten.de\/index.php?rest_route=%2Fwp%2Fv2%2Ftags&post=93882"}],"curies":[{"name":"wp","href":"https:\/\/api.w.org\/{rel}","templated":true}]}}