{"id":93875,"date":"2011-12-19T08:55:29","date_gmt":"2011-12-19T08:55:29","guid":{"rendered":"http:\/\/www.fuldaer-nachrichten.de\/?p=93875"},"modified":"2011-12-19T10:00:36","modified_gmt":"2011-12-19T10:00:36","slug":"dehner-hilfsfonds-fur-menschen-in-not-unterstutzt-fuldaer-tafel-e-v","status":"publish","type":"post","link":"https:\/\/www.fuldaernachrichten.de\/?p=93875","title":{"rendered":"Dehner Hilfsfonds f\u00fcr Menschen in Not unterst\u00fctzt Fuldaer Tafel e.V."},"content":{"rendered":"<p><strong><a href=\"http:\/\/www.fuldaer-nachrichten.de\/wp-content\/uploads\/2011\/12\/111219_Scheckuebergabe.jpg\"><img fetchpriority=\"high\" decoding=\"async\" class=\"alignleft size-thumbnail wp-image-93876\" title=\"111219_Scheckuebergabe\" src=\"http:\/\/www.fuldaer-nachrichten.de\/wp-content\/uploads\/2011\/12\/111219_Scheckuebergabe-265x244.jpg\" alt=\"\" width=\"265\" height=\"244\" srcset=\"https:\/\/www.fuldaernachrichten.de\/wp-content\/uploads\/2011\/12\/111219_Scheckuebergabe-265x244.jpg 265w, https:\/\/www.fuldaernachrichten.de\/wp-content\/uploads\/2011\/12\/111219_Scheckuebergabe.jpg 592w\" sizes=\"(max-width: 265px) 100vw, 265px\" \/><\/a>Fulda.<\/strong> Im Rahmen einer Weihnachtsaktion hat der Dehner Hilfsfonds f\u00fcr Menschen in Not 2.500 Euro an die Tafel in Fulda gespendet. Den symbolischen Scheck \u00fcbergab Dehner-Regionsleiter Rainer Ricken am 15. Dezember 2011 an Heinz Steege, den Vorsitzenden der Fuldaer Tafel e.V.. Die finanzielle Unterst\u00fctzung der ehrenamtlich organisierten Tafel kommt Bed\u00fcrftigen direkt vor Ort zugute. Neben Lebensmitteln und Gebrauchsg\u00fctern, gew\u00e4hrt die Tafel auch Beistand in wirtschaftlich schwierigen Lebenslagen. &#8220;Die Tafeln und ihre Helfer leisten wichtige Arbeit, die wir mit unserem Stiftungsfonds gerne unterst\u00fctzen&#8221;, so Rainer Ricken. &#8220;Unser Anliegen ist es, umfassend und breitgef\u00e4chert zu helfen, wo Hilfe gebraucht wird. Daher wenden wir uns mit der aktuellen Aktion auch an die Tafel in Fulda, die f\u00fcr viele Menschen zu einer zentralen Anlaufstelle im Alltag geworden ist.&#8221; Heinz Steege bedankte sich im Namen der Tafel herzlich f\u00fcr die Unterst\u00fctzung. Er sieht darin auch eine Best\u00e4tigung der wichtigen Arbeit der Tafel und ihrer freiwilligen Helfer. <!--more--><\/p>\n<p>Der Dehner Hilfsfonds f\u00fcr Menschen in Not ist eine mildt\u00e4tige und gemeinn\u00fctzige Stiftung von Dehner Garten-Center, Europas gr\u00f6\u00dfter Garten-Center-Gruppe, die 2001 von der Inhaberfamilie ins Leben gerufen wurde. Die \u00f6ffentliche Stiftung des b\u00fcrgerlichen Rechts hat sich zum Ziel gesetzt, finanzielle Hilfestellung f\u00fcr unverschuldet in Not geratene Menschen zu gew\u00e4hren. Hauptprinzip der Dehner-Stiftung ist es, Menschen in schwierigen Situationen nicht sich selbst zu \u00fcberlassen, sondern aktiv zu unterst\u00fctzen. Insgesamt 25.000 Euro spendet der Dehner Hilfsfonds f\u00fcr Menschen in Not an lokale Tafeln in ganz Deutschland und unterst\u00fctzt damit hilfsbed\u00fcrftige Menschen vor Ort. Derzeit gibt es nahezu 900 Tafeln in Deutschland, in denen sich 50.000 ehrenamtliche Mitarbeiter engagieren. Sie sammeln qualitativ einwandfreie Lebensmittel bei Gro\u00df- und Einzelh\u00e4ndlern, Superm\u00e4rkten sowie Obst- und Gem\u00fcsebauern und verteilen diese an Bed\u00fcrftige und soziale Einrichtungen.<\/p>\n<p><strong>Dehner<\/strong><\/p>\n<p>In \u00fcber 60 Jahren hat sich das Familienunternehmen Dehner zu Europas gr\u00f6\u00dfter Garten-Center-Gruppe entwickelt. 1947 unter \u00c2\u00bbDehner &amp; Co. &#8211; Samenzucht &#8211; Samengro\u00dfhandel\u00c2\u00ab gegr\u00fcndet, verzeichnet das Unternehmen heute 107 Garten-Center in Deutschland und \u00d6sterreich mit rund 5.000 Besch\u00e4ftigten. Damit ist Dehner die europaweit gr\u00f6\u00dfte Garten-Center-Gruppe. Dehner ist bei den Kunden als der Qualit\u00e4tsanbieter unter den filialisierten Garten-Centern im Bereich Blumen &amp; Pflanzen bekannt. Neben der Kernkompetenz Garten hat Dehner weitere St\u00e4rken in den Bereichen Zoo &amp; Heimtierbedarf, degro (Gro\u00dfhandel) und Agrar (Landwirtschaft). Der Stammsitz befindet sich im bayerischen Rain am Lech. Die Inhaberfamilie Weber f\u00fchrt nun bereits in dritter Generation die Gesch\u00e4fte des Marktf\u00fchrers. Diese Kontinuit\u00e4t schl\u00e4gt sich auch in der Firmenphilosophie nieder: Unternehmerisch orientiert an den Bed\u00fcrfnissen der Zeit bei h\u00f6chsten Qualit\u00e4tsstandards. Nachhaltig als verantwortungsbewusstes Unternehmen, das Wert auf hohe \u00f6kologische Standards legt.<\/p>\n","protected":false},"excerpt":{"rendered":"<div class=\"tmnf_excerpt\"><p>Fulda. Im Rahmen einer Weihnachtsaktion hat der Dehner Hilfsfonds f\u00fcr Menschen in Not 2.500 Euro an die Tafel in Fulda gespendet. Den symbolischen Scheck \u00fcbergab Dehner-Regionsleiter Rainer Ricken am 15. Dezember 2011 an Heinz Steege, den Vorsitzenden der Fuldaer Tafel e.V.. Die finanzielle Unterst\u00fctzung der ehrenamtlich organisierten Tafel kommt Bed\u00fcrftigen direkt vor Ort zugute. Neben &hellip;<\/p>\n<\/div>","protected":false},"author":1,"featured_media":0,"comment_status":"closed","ping_status":"closed","sticky":false,"template":"","format":"standard","meta":{"footnotes":""},"categories":[1],"tags":[],"class_list":["post-93875","post","type-post","status-publish","format-standard","hentry","category-startseite"],"_links":{"self":[{"href":"https:\/\/www.fuldaernachrichten.de\/index.php?rest_route=\/wp\/v2\/posts\/93875","targetHints":{"allow":["GET"]}}],"collection":[{"href":"https:\/\/www.fuldaernachrichten.de\/index.php?rest_route=\/wp\/v2\/posts"}],"about":[{"href":"https:\/\/www.fuldaernachrichten.de\/index.php?rest_route=\/wp\/v2\/types\/post"}],"author":[{"embeddable":true,"href":"https:\/\/www.fuldaernachrichten.de\/index.php?rest_route=\/wp\/v2\/users\/1"}],"replies":[{"embeddable":true,"href":"https:\/\/www.fuldaernachrichten.de\/index.php?rest_route=%2Fwp%2Fv2%2Fcomments&post=93875"}],"version-history":[{"count":1,"href":"https:\/\/www.fuldaernachrichten.de\/index.php?rest_route=\/wp\/v2\/posts\/93875\/revisions"}],"predecessor-version":[{"id":93914,"href":"https:\/\/www.fuldaernachrichten.de\/index.php?rest_route=\/wp\/v2\/posts\/93875\/revisions\/93914"}],"wp:attachment":[{"href":"https:\/\/www.fuldaernachrichten.de\/index.php?rest_route=%2Fwp%2Fv2%2Fmedia&parent=93875"}],"wp:term":[{"taxonomy":"category","embeddable":true,"href":"https:\/\/www.fuldaernachrichten.de\/index.php?rest_route=%2Fwp%2Fv2%2Fcategories&post=93875"},{"taxonomy":"post_tag","embeddable":true,"href":"https:\/\/www.fuldaernachrichten.de\/index.php?rest_route=%2Fwp%2Fv2%2Ftags&post=93875"}],"curies":[{"name":"wp","href":"https:\/\/api.w.org\/{rel}","templated":true}]}}