{"id":93870,"date":"2011-12-17T00:12:22","date_gmt":"2011-12-17T00:12:22","guid":{"rendered":"http:\/\/www.fuldaer-nachrichten.de\/?p=93870"},"modified":"2011-12-16T18:52:47","modified_gmt":"2011-12-16T18:52:47","slug":"schmuckstuck-fur-das-konrad-zuse-institut-mdb-michael-brand-bedankte-sich-mit-rosenpflanzung-in-berlin","status":"publish","type":"post","link":"https:\/\/www.fuldaernachrichten.de\/?p=93870","title":{"rendered":"\u201eSchmuckst\u00fcck f\u00fcr das Konrad-Zuse-Institut\u201c &#8211; MdB Michael Brand bedankte sich mit Rosenpflanzung in Berlin"},"content":{"rendered":"<p><strong><a href=\"http:\/\/www.fuldaer-nachrichten.de\/wp-content\/uploads\/2011\/12\/111216_Pflanzung.jpg\"><img decoding=\"async\" class=\"alignleft size-thumbnail wp-image-93871\" title=\"111216_Pflanzung\" src=\"http:\/\/www.fuldaer-nachrichten.de\/wp-content\/uploads\/2011\/12\/111216_Pflanzung-265x175.jpg\" alt=\"\" width=\"265\" height=\"175\" srcset=\"https:\/\/www.fuldaernachrichten.de\/wp-content\/uploads\/2011\/12\/111216_Pflanzung-265x175.jpg 265w, https:\/\/www.fuldaernachrichten.de\/wp-content\/uploads\/2011\/12\/111216_Pflanzung.jpg 592w\" sizes=\"(max-width: 265px) 100vw, 265px\" \/><\/a>H\u00fcnfeld. <\/strong>Floristisch rechtzeitig vor den Wintertagen wurde die Konrad-Zuse-Rose, die zum 100. Geburtstag des Computer-Erfinders im letzten Jahr in H\u00fcnfeld pr\u00e4sentiert wurde, jetzt auch in Zuses Geburtsstadt Berlin gepflanzt. Bundestagsabgeordneter Michael Brand hatte als \u201eDankesch\u00f6n f\u00fcr diese sch\u00f6ne Idee und gelungene Z\u00fcchtung, die f\u00fcr den bedeutenden Computer-Pionier wirbt\u201c Seniorchef Ewald und Magdalena Marschall der H\u00fcnfelder G\u00e4rtnerei Marschall nach Berlin eingeladen sowie eine Besuchergruppe aus dem Landkreis Fulda. An der Pflanzung der Konrad-Zuse-Rose nahm auch der Zuse-Sohn Prof. Dr. Horst Zuse mit sichtlicher Freude teil, die unmittelbar vor dem Konrad-Zuse-Institut (ZIB) in Berlin-Dahlem vorgenommen wurde.<!--more--><\/p>\n<p>Am Institut mit weit \u00fcber 200 Besch\u00e4ftigten arbeiten exzellente Teams von Wissenschaftlern aus verschiedenen Fachrichtungen. \u201eKonrad Zuse ist ein leuchtendes Beispiel daf\u00fcr, dass die Verbindung von logischem Denken, Kreativit\u00e4t und strukturiertem Arbeiten zum Erfolg f\u00fchrt\u201c, erkl\u00e4rte ZIB- Pr\u00e4sident Prof. Dr. Peter Deuflhard und dankte f\u00fcr das \u201eneue Schmuckst\u00fcck, das k\u00fcnftig alle Besucher des Konrad-Zuse-Institut am Eingang begr\u00fc\u00dfen wird\u201c.<\/p>\n","protected":false},"excerpt":{"rendered":"<div class=\"tmnf_excerpt\"><p>H\u00fcnfeld. Floristisch rechtzeitig vor den Wintertagen wurde die Konrad-Zuse-Rose, die zum 100. Geburtstag des Computer-Erfinders im letzten Jahr in H\u00fcnfeld pr\u00e4sentiert wurde, jetzt auch in Zuses Geburtsstadt Berlin gepflanzt. Bundestagsabgeordneter Michael Brand hatte als \u201eDankesch\u00f6n f\u00fcr diese sch\u00f6ne Idee und gelungene Z\u00fcchtung, die f\u00fcr den bedeutenden Computer-Pionier wirbt\u201c Seniorchef Ewald und Magdalena Marschall der H\u00fcnfelder &hellip;<\/p>\n<\/div>","protected":false},"author":1,"featured_media":0,"comment_status":"closed","ping_status":"closed","sticky":false,"template":"","format":"standard","meta":{"footnotes":""},"categories":[1],"tags":[],"class_list":["post-93870","post","type-post","status-publish","format-standard","hentry","category-startseite"],"_links":{"self":[{"href":"https:\/\/www.fuldaernachrichten.de\/index.php?rest_route=\/wp\/v2\/posts\/93870","targetHints":{"allow":["GET"]}}],"collection":[{"href":"https:\/\/www.fuldaernachrichten.de\/index.php?rest_route=\/wp\/v2\/posts"}],"about":[{"href":"https:\/\/www.fuldaernachrichten.de\/index.php?rest_route=\/wp\/v2\/types\/post"}],"author":[{"embeddable":true,"href":"https:\/\/www.fuldaernachrichten.de\/index.php?rest_route=\/wp\/v2\/users\/1"}],"replies":[{"embeddable":true,"href":"https:\/\/www.fuldaernachrichten.de\/index.php?rest_route=%2Fwp%2Fv2%2Fcomments&post=93870"}],"version-history":[{"count":0,"href":"https:\/\/www.fuldaernachrichten.de\/index.php?rest_route=\/wp\/v2\/posts\/93870\/revisions"}],"wp:attachment":[{"href":"https:\/\/www.fuldaernachrichten.de\/index.php?rest_route=%2Fwp%2Fv2%2Fmedia&parent=93870"}],"wp:term":[{"taxonomy":"category","embeddable":true,"href":"https:\/\/www.fuldaernachrichten.de\/index.php?rest_route=%2Fwp%2Fv2%2Fcategories&post=93870"},{"taxonomy":"post_tag","embeddable":true,"href":"https:\/\/www.fuldaernachrichten.de\/index.php?rest_route=%2Fwp%2Fv2%2Ftags&post=93870"}],"curies":[{"name":"wp","href":"https:\/\/api.w.org\/{rel}","templated":true}]}}