{"id":93867,"date":"2011-12-17T00:11:18","date_gmt":"2011-12-17T00:11:18","guid":{"rendered":"http:\/\/www.fuldaer-nachrichten.de\/?p=93867"},"modified":"2011-12-16T18:53:30","modified_gmt":"2011-12-16T18:53:30","slug":"programm-2012-des-bischoflichen-jugendamtes-highlights-jugend-alpenfreizeit","status":"publish","type":"post","link":"https:\/\/www.fuldaernachrichten.de\/?p=93867","title":{"rendered":"Programm 2012 des Bisch\u00f6flichen Jugendamtes &#8211; Highlights Jugend-Alpenfreizeit"},"content":{"rendered":"<p><strong><a href=\"http:\/\/www.fuldaer-nachrichten.de\/wp-content\/uploads\/2011\/12\/111216_Sommerklostercamp.jpg\"><img fetchpriority=\"high\" decoding=\"async\" class=\"alignleft size-thumbnail wp-image-93868\" title=\"111216_Sommerklostercamp\" src=\"http:\/\/www.fuldaer-nachrichten.de\/wp-content\/uploads\/2011\/12\/111216_Sommerklostercamp-265x397.jpg\" alt=\"\" width=\"265\" height=\"397\" srcset=\"https:\/\/www.fuldaernachrichten.de\/wp-content\/uploads\/2011\/12\/111216_Sommerklostercamp-265x397.jpg 265w, https:\/\/www.fuldaernachrichten.de\/wp-content\/uploads\/2011\/12\/111216_Sommerklostercamp-176x265.jpg 176w, https:\/\/www.fuldaernachrichten.de\/wp-content\/uploads\/2011\/12\/111216_Sommerklostercamp.jpg 399w\" sizes=\"(max-width: 265px) 100vw, 265px\" \/><\/a>Fulda. <\/strong>Mit den Begriffen Alpen und Wanderung verbindet man unter anderem Begriffe wie Alpenpanorama, Gem\u00fctlichkeit auf der H\u00fctte, unber\u00fchrte Natur aber auch Kameradschaft und Erholung. Deshalb wollen wir im Karwendel und im Wettersteingebirge hiken gehen. Gem\u00e4\u00df dem Motto \u201eDer Weg ist das Ziel\u201c sind alle Strecken gut zu meistern. Als Einstieg werden wir das Karwendelgebirge erkunden, um im Anschluss die Freizeitm\u00f6glichkeiten der Region auszutesten. Danach begeben wir uns ins angrenzende Wettersteingebirge, wo wir unsere Tour Richtung Zugspitze starten. Der h\u00f6chste Berg Deutschlands ist Schlusspunkt der Tour. Auf die Zugspitze kann dabei auch mit der Seilbahn gefahren werden. Am letzten Tag werden wir die Wanderung ausklingen zu lassen, bevor es dann wieder auf den Heimweg geht.<!--more--><\/p>\n<p>Wann: 07. &#8211; 15. Juli 2012<br \/>\nWo: Karwendel\/Wettersteingebirge<br \/>\nAlter: 15 &#8211; 20 Jahre<br \/>\nKosten: 390,-\u00e2\u201a\u00ac, erm. 370,-\u00e2\u201a\u00ac<strong><\/strong><\/p>\n<p><strong>Ich brauch\u00c2\u00b4n Update!<\/strong><\/p>\n<p>Wann: 27. &#8211; 29. Januar 2012<br \/>\nWo: Bonifatiuskloster H\u00fcnfeld<br \/>\nAlter: 16 &#8211; 20 Jahre<br \/>\nKosten: 60,-\u00e2\u201a\u00ac, erm. 55,-\u00e2\u201a\u00ac<\/p>\n<p>Was glauben Christen? Und wie leben sie?\u00c2\u00a0 Was bedeutet es, ein Christ zu sein? Bist du schon mal nach dem Glauben gefragt worden und hast keine Antwort gewusst, obwohl du sicher bist, dass es eine gibt? Wir bieten ein Wochenende mit Inputs und Antworten, mit Zeit zum Diskutieren f\u00fcr alle, die tiefer am katholischen Glauben interessiert sind, die mehr wissen und verstehen wollen und sich mit Gleichaltrigen dar\u00fcber austauschen m\u00f6chten! Zusammen mit der KJF, der Jugend der Sch\u00f6nstattbewegung und der Oblaten OMI-Jugend<\/p>\n<p><strong>Bildungsurlaub New York<\/strong><\/p>\n<p>Wann: 14. -21. September 2012<br \/>\nWo: New York<br \/>\nAlter: ab 18 Jahre<br \/>\nKosten: ab 999,-\u00e2\u201a\u00ac<\/p>\n<p>Wahlen. Wallstreet. Wirtschaftskrise.<\/p>\n<p>Kein anderes Land der Erde pr\u00e4gt die Weltpolitik so sehr wie die Vereinigten Staaten von Amerika. Der amerikanische \u00e2\u20ac\u0161Way of Life\u00e2\u20ac\u2122 verbreitet sich rund um den Globus und wie kaum eine andere Stadt des Landes steht New York im Zentrum dieser Bewegung. NY ist f\u00fcr viele das Sinnbild des Kapitals, der Macht aber auch der Kultur und des Lifestyles. Aber New York ist auch der Ort der Trag\u00f6die von 9\/11, welche die Geschicke der Welt bis heute beeinflusst. W\u00e4hrend des siebent\u00e4gigen Bildungsurlaubs wollen wir uns \u00fcber die Metropole am Hudson River auch mit dem Land, den USA\u00c2\u00a0\u00c2\u00a0 besch\u00e4ftigen. Wir setzen uns vor Ort mit verschieden Themen rund um die Geschichte und Gegenwart der Vereinigten Staaten von Amerika auseinander und kommen mit Menschen und Organisationen ins Gespr\u00e4ch. Einen besonderen Blick werfen wir dabei auf die transatlantischen Beziehungen zu Deutschland und Europa. Ein anderer Schwerpunkt des Bildungsurlaubs wird die Auseinandersetzung mit den bevorstehenden Pr\u00e4sidentschaftswahlen sein.<\/p>\n","protected":false},"excerpt":{"rendered":"<div class=\"tmnf_excerpt\"><p>Fulda. Mit den Begriffen Alpen und Wanderung verbindet man unter anderem Begriffe wie Alpenpanorama, Gem\u00fctlichkeit auf der H\u00fctte, unber\u00fchrte Natur aber auch Kameradschaft und Erholung. Deshalb wollen wir im Karwendel und im Wettersteingebirge hiken gehen. Gem\u00e4\u00df dem Motto \u201eDer Weg ist das Ziel\u201c sind alle Strecken gut zu meistern. Als Einstieg werden wir das Karwendelgebirge &hellip;<\/p>\n<\/div>","protected":false},"author":1,"featured_media":0,"comment_status":"closed","ping_status":"closed","sticky":false,"template":"","format":"standard","meta":{"footnotes":""},"categories":[1,72],"tags":[],"class_list":["post-93867","post","type-post","status-publish","format-standard","hentry","category-startseite","category-jugend"],"_links":{"self":[{"href":"https:\/\/www.fuldaernachrichten.de\/index.php?rest_route=\/wp\/v2\/posts\/93867","targetHints":{"allow":["GET"]}}],"collection":[{"href":"https:\/\/www.fuldaernachrichten.de\/index.php?rest_route=\/wp\/v2\/posts"}],"about":[{"href":"https:\/\/www.fuldaernachrichten.de\/index.php?rest_route=\/wp\/v2\/types\/post"}],"author":[{"embeddable":true,"href":"https:\/\/www.fuldaernachrichten.de\/index.php?rest_route=\/wp\/v2\/users\/1"}],"replies":[{"embeddable":true,"href":"https:\/\/www.fuldaernachrichten.de\/index.php?rest_route=%2Fwp%2Fv2%2Fcomments&post=93867"}],"version-history":[{"count":0,"href":"https:\/\/www.fuldaernachrichten.de\/index.php?rest_route=\/wp\/v2\/posts\/93867\/revisions"}],"wp:attachment":[{"href":"https:\/\/www.fuldaernachrichten.de\/index.php?rest_route=%2Fwp%2Fv2%2Fmedia&parent=93867"}],"wp:term":[{"taxonomy":"category","embeddable":true,"href":"https:\/\/www.fuldaernachrichten.de\/index.php?rest_route=%2Fwp%2Fv2%2Fcategories&post=93867"},{"taxonomy":"post_tag","embeddable":true,"href":"https:\/\/www.fuldaernachrichten.de\/index.php?rest_route=%2Fwp%2Fv2%2Ftags&post=93867"}],"curies":[{"name":"wp","href":"https:\/\/api.w.org\/{rel}","templated":true}]}}