{"id":93862,"date":"2011-12-17T00:14:59","date_gmt":"2011-12-17T00:14:59","guid":{"rendered":"http:\/\/www.fuldaer-nachrichten.de\/?p=93862"},"modified":"2011-12-16T18:53:10","modified_gmt":"2011-12-16T18:53:10","slug":"neue-rhoner-charme-broschure-kulinarium-liegt-in-gaststatten-aus","status":"publish","type":"post","link":"https:\/\/www.fuldaernachrichten.de\/?p=93862","title":{"rendered":"Neue Rh\u00f6ner Charme-Brosch\u00fcre \u201eKulinarium\u201c liegt in Gastst\u00e4tten aus"},"content":{"rendered":"<p><strong><a href=\"http:\/\/www.fuldaer-nachrichten.de\/wp-content\/uploads\/2011\/12\/111216_Kulinarium.jpg\"><img fetchpriority=\"high\" decoding=\"async\" class=\"alignleft size-thumbnail wp-image-93863\" title=\"111216_Kulinarium\" src=\"http:\/\/www.fuldaer-nachrichten.de\/wp-content\/uploads\/2011\/12\/111216_Kulinarium-265x522.jpg\" alt=\"\" width=\"265\" height=\"522\" srcset=\"https:\/\/www.fuldaernachrichten.de\/wp-content\/uploads\/2011\/12\/111216_Kulinarium-265x522.jpg 265w, https:\/\/www.fuldaernachrichten.de\/wp-content\/uploads\/2011\/12\/111216_Kulinarium-134x265.jpg 134w, https:\/\/www.fuldaernachrichten.de\/wp-content\/uploads\/2011\/12\/111216_Kulinarium-304x600.jpg 304w, https:\/\/www.fuldaernachrichten.de\/wp-content\/uploads\/2011\/12\/111216_Kulinarium.jpg 399w\" sizes=\"(max-width: 265px) 100vw, 265px\" \/><\/a>Fulda.<\/strong> \u201eDie f\u00fcnf Jahreszeiten im Rh\u00f6ner Charme\u201c &#8211; so lautet der Titel des Kulinariums 2012. Wer sich \u00fcber diesen Titel wundert: Nicht etwa die \u201eF\u00fcnfte Jahreszeit\u201c, also die Fastnacht ist gemeint, sondern die abwechslungsreiche Jahreszeitenk\u00fcche der Region, ein separates Weihnachtsangebot steht dabei im Blickpunkt. Dazu hat jeder Koch der regionalen Wirtevereinigung in dieser Ausgabe praktische Tipps und ein Rezept zum Nachkochen kreiert. Ebenfalls kann sich der Gast \u00fcber zahlreiche Veranstaltungstipps von Januar bis Dezember freuen. Ausgelegt ist das Kulinarium in allen Rh\u00f6ner Charme-Betrieben und in der Tourist-Info an der Wasserkuppe.\u00c2\u00a0<!--more--><\/p>\n<p>In der rund 100-seitigen Jahresbrosch\u00fcre stellen die Mitglieder des Rh\u00f6ner Charme in lockerer Form den \u201eregionalen Schulterschluss\u201c mit ihren Lieferanten und Kooperationspartnern durch eine Fotoreihe dar. Regionalit\u00e4t, Tradition, Brauchtum, gastronomische und landwirtschaftliche Qualit\u00e4ten \u2013 daf\u00fcr macht sich die Wirtevereinigung, die mittlerweile seit 18 Jahren besteht, stark. Ein genaues Adressverzeichnis weist den Weg zu den regionalen Produzenten, die Betriebe sind auf einer Landkarte zu finden. Dar\u00fcber hinaus stellen sich alle Betriebe jeweils auf einer Seite im Kulinarium vor und haben in einer Monats\u00fcbersicht ihre vielf\u00e4ltigen Veranstaltungen aufgef\u00fchrt. Das Kulinarium bietet zahlreiche weitere Informationen: Feste, Veranstaltungen und kulinarische Gen\u00fcsse, regionale Gastlichkeit und ehrliche Produktqualit\u00e4t \u2013 das Kulinarium l\u00e4dt ein zum Schm\u00f6kern und St\u00f6bern. Weitere Infos unter <a href=\"http:\/\/www.rhoener-charme.de\/\">www.rhoener-charme.de<\/a><\/p>\n","protected":false},"excerpt":{"rendered":"<div class=\"tmnf_excerpt\"><p>Fulda. \u201eDie f\u00fcnf Jahreszeiten im Rh\u00f6ner Charme\u201c &#8211; so lautet der Titel des Kulinariums 2012. Wer sich \u00fcber diesen Titel wundert: Nicht etwa die \u201eF\u00fcnfte Jahreszeit\u201c, also die Fastnacht ist gemeint, sondern die abwechslungsreiche Jahreszeitenk\u00fcche der Region, ein separates Weihnachtsangebot steht dabei im Blickpunkt. Dazu hat jeder Koch der regionalen Wirtevereinigung in dieser Ausgabe praktische &hellip;<\/p>\n<\/div>","protected":false},"author":1,"featured_media":0,"comment_status":"closed","ping_status":"closed","sticky":false,"template":"","format":"standard","meta":{"footnotes":""},"categories":[1,37],"tags":[],"class_list":["post-93862","post","type-post","status-publish","format-standard","hentry","category-startseite","category-essen-und-trinken"],"_links":{"self":[{"href":"https:\/\/www.fuldaernachrichten.de\/index.php?rest_route=\/wp\/v2\/posts\/93862","targetHints":{"allow":["GET"]}}],"collection":[{"href":"https:\/\/www.fuldaernachrichten.de\/index.php?rest_route=\/wp\/v2\/posts"}],"about":[{"href":"https:\/\/www.fuldaernachrichten.de\/index.php?rest_route=\/wp\/v2\/types\/post"}],"author":[{"embeddable":true,"href":"https:\/\/www.fuldaernachrichten.de\/index.php?rest_route=\/wp\/v2\/users\/1"}],"replies":[{"embeddable":true,"href":"https:\/\/www.fuldaernachrichten.de\/index.php?rest_route=%2Fwp%2Fv2%2Fcomments&post=93862"}],"version-history":[{"count":0,"href":"https:\/\/www.fuldaernachrichten.de\/index.php?rest_route=\/wp\/v2\/posts\/93862\/revisions"}],"wp:attachment":[{"href":"https:\/\/www.fuldaernachrichten.de\/index.php?rest_route=%2Fwp%2Fv2%2Fmedia&parent=93862"}],"wp:term":[{"taxonomy":"category","embeddable":true,"href":"https:\/\/www.fuldaernachrichten.de\/index.php?rest_route=%2Fwp%2Fv2%2Fcategories&post=93862"},{"taxonomy":"post_tag","embeddable":true,"href":"https:\/\/www.fuldaernachrichten.de\/index.php?rest_route=%2Fwp%2Fv2%2Ftags&post=93862"}],"curies":[{"name":"wp","href":"https:\/\/api.w.org\/{rel}","templated":true}]}}