{"id":93855,"date":"2011-12-19T00:12:24","date_gmt":"2011-12-19T00:12:24","guid":{"rendered":"http:\/\/www.fuldaer-nachrichten.de\/?p=93855"},"modified":"2011-12-19T08:36:01","modified_gmt":"2011-12-19T08:36:01","slug":"kreative-drahtobjekte-und-bilder-ausstellung-des-grumel-projekts-muki","status":"publish","type":"post","link":"https:\/\/www.fuldaernachrichten.de\/?p=93855","title":{"rendered":"Kreative Drahtobjekte und Bilder &#8211; Ausstellung des Gr\u00fcmel-Projekts MuKi"},"content":{"rendered":"<p><strong><a href=\"http:\/\/www.fuldaer-nachrichten.de\/wp-content\/uploads\/2011\/12\/111216_Ausstellung.jpg\"><img fetchpriority=\"high\" decoding=\"async\" class=\"alignleft size-thumbnail wp-image-93856\" title=\"111216_Ausstellung\" src=\"http:\/\/www.fuldaer-nachrichten.de\/wp-content\/uploads\/2011\/12\/111216_Ausstellung-265x206.jpg\" alt=\"\" width=\"265\" height=\"206\" srcset=\"https:\/\/www.fuldaernachrichten.de\/wp-content\/uploads\/2011\/12\/111216_Ausstellung-265x206.jpg 265w, https:\/\/www.fuldaernachrichten.de\/wp-content\/uploads\/2011\/12\/111216_Ausstellung.jpg 592w\" sizes=\"(max-width: 265px) 100vw, 265px\" \/><\/a>H\u00fcnfeld. <\/strong>W\u00e4hrend drau\u00dfen nasskaltes Wetter herrscht, sind in der Galerie des Jungen Kunstkreises H\u00fcnfeld im dortigen Bahnhofsgeb\u00e4ude unter anderem luftig-sommerliche Libellen und Schmetterlinge \u201eeingeflogen\u201c. Daf\u00fcr sorgt eine Ausstellung kreativer Drahtobjekte und Bilder, die von Kindern und M\u00fcttern des Gr\u00fcmel-Projekts MuKi (Mutter-Kind) in H\u00fcnfeld gestaltet wurden. Entstanden sind die Arbeiten mit fachfraulicher Motivation: Joanna Skurska, K\u00fcnstlerin der Red Corridor Gallery Fulda, zeigte den MuKi-Teilnehmern, was man aus buntem Telefondraht machen kann, und ermutigte zum Ausprobieren. <!--more--><\/p>\n<p>Dass sie damit Erfolg hatte, \u00c2\u00a0beweisen die drahtigen Fische, Fl\u00fcgel von Holzengeln, B\u00e4ume (samt Fr\u00fcchten) und die filigranen Flugtiere. Auch eine Giraffe l\u00e4sst sich entdecken, und Svenja hat unter anderem ein Drahtwesen namens \u201eder wei\u00dfe Hai\u201c beigesteuert. Svenja geh\u00f6rt ebenso wie Lilly, Janina und Thessa zu den vier- bis neunj\u00e4hrigen Kindern, die mit viel Spa\u00df bei der Sache waren und ihre Werke nun stolz vorstellen k\u00f6nnen. Die M\u00fctter bewiesen vor allem bei den Libellen ihr Gestaltungsgeschick. Laut Skurska war auch bei ihnen die Freude am handwerklichen Arbeiten sp\u00fcrbar.<\/p>\n<p>Lob f\u00fcr die Kreativit\u00e4t der kleinen und gro\u00dfen Aktiven gab es zudem von Elmar Hegmann, Vorsitzender des Jungen Kunstkreises H\u00fcnfeld. Als Galerie-Gastgeber begr\u00fc\u00dfte er die k\u00fcnstlerisch begleitete Initiative. Durch solche Akzente w\u00fcrden Menschen aus der passiven Rolle als Konsumenten herausgeholt und k\u00f6nnten ihr sch\u00f6pferisches Potenzial aktivieren, sagte Hegmann. Beeindruckt von den ansprechend pr\u00e4sentierten Arbeiten zeigte sich die H\u00fcnfelder Stadtr\u00e4tin Martina Sauerbier. Sehr angetan waren auch Edith Jordan, Leiterin des Kreisjugendamtes, und Gr\u00fcmel-Gesch\u00e4ftsf\u00fchrer Matthias Kraft.<\/p>\n<p>Wie Sozialp\u00e4dagogin Susanne Flamme-Br\u00fcne als MuKi-Leiterin erl\u00e4uterte, wird das Projekt in Tr\u00e4gerschaft von Gr\u00fcmel durch den Landkreis Fulda gef\u00f6rdert. Dieser offene Mutter-Kind-Treff, der montags von 15.30 bis 17.30 Uhr in der Villa Kunterbunt im H\u00fcnfelder Tiergartenviertel stattfindet, biete diverse M\u00f6glichkeiten der Freizeitgestaltung, der Begegnung und der Interaktion. Die Veranstaltungen w\u00fcrden auf Wunsch durch pers\u00f6nliche Einzelgespr\u00e4che und Hilfestellungen erg\u00e4nzt. Die Idee zu der Kunstaktion ist laut Flamme-Br\u00fcne durch einen gemeinsamen Besuch im H\u00fcnfelder Museum Modern Art entstanden. Ihr besonderer Dank bez\u00fcglich des Ausstellungsprojekts galt Skurska und Hegmann.<\/p>\n<p>Die Pr\u00e4sentation in der Galerie im Bahnhofsgeb\u00e4ude H\u00fcnfeld ist bis 20. Dezember zu sehen \u2013 und\u00c2\u00a0 zwar am Freitag von 16 bis 18 Uhr, am Sonntag von 14.30 bis 16.30 Uhr sowie Montag und Dienstag von 16 bis 18 Uhr.<\/p>\n","protected":false},"excerpt":{"rendered":"<div class=\"tmnf_excerpt\"><p>H\u00fcnfeld. W\u00e4hrend drau\u00dfen nasskaltes Wetter herrscht, sind in der Galerie des Jungen Kunstkreises H\u00fcnfeld im dortigen Bahnhofsgeb\u00e4ude unter anderem luftig-sommerliche Libellen und Schmetterlinge \u201eeingeflogen\u201c. Daf\u00fcr sorgt eine Ausstellung kreativer Drahtobjekte und Bilder, die von Kindern und M\u00fcttern des Gr\u00fcmel-Projekts MuKi (Mutter-Kind) in H\u00fcnfeld gestaltet wurden. Entstanden sind die Arbeiten mit fachfraulicher Motivation: Joanna Skurska, K\u00fcnstlerin &hellip;<\/p>\n<\/div>","protected":false},"author":1,"featured_media":0,"comment_status":"closed","ping_status":"closed","sticky":false,"template":"","format":"standard","meta":{"footnotes":""},"categories":[1],"tags":[],"class_list":["post-93855","post","type-post","status-publish","format-standard","hentry","category-startseite"],"_links":{"self":[{"href":"https:\/\/www.fuldaernachrichten.de\/index.php?rest_route=\/wp\/v2\/posts\/93855","targetHints":{"allow":["GET"]}}],"collection":[{"href":"https:\/\/www.fuldaernachrichten.de\/index.php?rest_route=\/wp\/v2\/posts"}],"about":[{"href":"https:\/\/www.fuldaernachrichten.de\/index.php?rest_route=\/wp\/v2\/types\/post"}],"author":[{"embeddable":true,"href":"https:\/\/www.fuldaernachrichten.de\/index.php?rest_route=\/wp\/v2\/users\/1"}],"replies":[{"embeddable":true,"href":"https:\/\/www.fuldaernachrichten.de\/index.php?rest_route=%2Fwp%2Fv2%2Fcomments&post=93855"}],"version-history":[{"count":0,"href":"https:\/\/www.fuldaernachrichten.de\/index.php?rest_route=\/wp\/v2\/posts\/93855\/revisions"}],"wp:attachment":[{"href":"https:\/\/www.fuldaernachrichten.de\/index.php?rest_route=%2Fwp%2Fv2%2Fmedia&parent=93855"}],"wp:term":[{"taxonomy":"category","embeddable":true,"href":"https:\/\/www.fuldaernachrichten.de\/index.php?rest_route=%2Fwp%2Fv2%2Fcategories&post=93855"},{"taxonomy":"post_tag","embeddable":true,"href":"https:\/\/www.fuldaernachrichten.de\/index.php?rest_route=%2Fwp%2Fv2%2Ftags&post=93855"}],"curies":[{"name":"wp","href":"https:\/\/api.w.org\/{rel}","templated":true}]}}