{"id":93838,"date":"2011-12-16T09:00:59","date_gmt":"2011-12-16T09:00:59","guid":{"rendered":"http:\/\/www.fuldaer-nachrichten.de\/?p=93838"},"modified":"2011-12-16T09:03:57","modified_gmt":"2011-12-16T09:03:57","slug":"tegut-kunden-ermoglichen-projekt-fur-den-meeresschutz","status":"publish","type":"post","link":"https:\/\/www.fuldaernachrichten.de\/?p=93838","title":{"rendered":"tegut\u00e2\u20ac\u00a6 Kunden erm\u00f6glichen Projekt f\u00fcr den Meeresschutz"},"content":{"rendered":"<p><strong><a href=\"http:\/\/www.fuldaer-nachrichten.de\/wp-content\/uploads\/2011\/12\/111215_Stickerparade.jpg\"><img decoding=\"async\" class=\"alignleft size-thumbnail wp-image-93839\" title=\"111215_Stickerparade\" src=\"http:\/\/www.fuldaer-nachrichten.de\/wp-content\/uploads\/2011\/12\/111215_Stickerparade-265x128.jpg\" alt=\"\" width=\"265\" height=\"128\" srcset=\"https:\/\/www.fuldaernachrichten.de\/wp-content\/uploads\/2011\/12\/111215_Stickerparade-265x128.jpg 265w, https:\/\/www.fuldaernachrichten.de\/wp-content\/uploads\/2011\/12\/111215_Stickerparade.jpg 592w\" sizes=\"(max-width: 265px) 100vw, 265px\" \/><\/a>Fulda. <\/strong>tegut&#8230; \u00fcberreichte dem BUND (Bund f\u00fcr Umwelt und Naturschutz Deutschland e.V.) 30.000 Euro f\u00fcr sein Projekt Meeresschutz an Nord- und Ostsee. Ziel ist es, die Artenvielfalt der S\u00e4uger, V\u00f6gel und Fische in und an den Meeren zu bewahren. Die hohe Spendensumme wurde 2011 durch die \u201eStickerparade Abenteuer Weltmeere\u201c in den tegut&#8230; M\u00e4rkten erzielt.<\/p>\n<p><strong>Kunden \u2013 Sammler und M\u00f6glichmacher<\/strong><\/p>\n<p>Erm\u00f6glicht haben die Spende alle diejenigen, die sich an der Aktion Sticker Parade \u201eAbenteuer weltmeere\u201c in den tegut\u00e2\u20ac\u00a6 M\u00e4rkten beteiligt haben: Zwischen September und November 2011 erhielten die Kunden f\u00fcr jeweils 10 Euro Einkaufswert sch\u00f6ne Weltmeere-Tiermotiv-Aufkleber. Ein Sammelalbum sowie weitere Sticker konnten dazu gekauft werden. Ein Teil dieses Verkaufserl\u00f6ses geht nun direkt an den BUND f\u00fcr das Projekt Meeresschutz. tegut&#8230; und der BUND bedanken sich ganz herzlich bei allen kleinen und gro\u00dfen Stickersammlern, die zu dem tollen Erfolg der Stickerparade beigetragen haben.<\/p>\n","protected":false},"excerpt":{"rendered":"<div class=\"tmnf_excerpt\"><p>Fulda. tegut&#8230; \u00fcberreichte dem BUND (Bund f\u00fcr Umwelt und Naturschutz Deutschland e.V.) 30.000 Euro f\u00fcr sein Projekt Meeresschutz an Nord- und Ostsee. Ziel ist es, die Artenvielfalt der S\u00e4uger, V\u00f6gel und Fische in und an den Meeren zu bewahren. Die hohe Spendensumme wurde 2011 durch die \u201eStickerparade Abenteuer Weltmeere\u201c in den tegut&#8230; M\u00e4rkten erzielt. Kunden &hellip;<\/p>\n<\/div>","protected":false},"author":1,"featured_media":0,"comment_status":"closed","ping_status":"closed","sticky":false,"template":"","format":"standard","meta":{"footnotes":""},"categories":[1],"tags":[],"class_list":["post-93838","post","type-post","status-publish","format-standard","hentry","category-startseite"],"_links":{"self":[{"href":"https:\/\/www.fuldaernachrichten.de\/index.php?rest_route=\/wp\/v2\/posts\/93838","targetHints":{"allow":["GET"]}}],"collection":[{"href":"https:\/\/www.fuldaernachrichten.de\/index.php?rest_route=\/wp\/v2\/posts"}],"about":[{"href":"https:\/\/www.fuldaernachrichten.de\/index.php?rest_route=\/wp\/v2\/types\/post"}],"author":[{"embeddable":true,"href":"https:\/\/www.fuldaernachrichten.de\/index.php?rest_route=\/wp\/v2\/users\/1"}],"replies":[{"embeddable":true,"href":"https:\/\/www.fuldaernachrichten.de\/index.php?rest_route=%2Fwp%2Fv2%2Fcomments&post=93838"}],"version-history":[{"count":1,"href":"https:\/\/www.fuldaernachrichten.de\/index.php?rest_route=\/wp\/v2\/posts\/93838\/revisions"}],"predecessor-version":[{"id":93846,"href":"https:\/\/www.fuldaernachrichten.de\/index.php?rest_route=\/wp\/v2\/posts\/93838\/revisions\/93846"}],"wp:attachment":[{"href":"https:\/\/www.fuldaernachrichten.de\/index.php?rest_route=%2Fwp%2Fv2%2Fmedia&parent=93838"}],"wp:term":[{"taxonomy":"category","embeddable":true,"href":"https:\/\/www.fuldaernachrichten.de\/index.php?rest_route=%2Fwp%2Fv2%2Fcategories&post=93838"},{"taxonomy":"post_tag","embeddable":true,"href":"https:\/\/www.fuldaernachrichten.de\/index.php?rest_route=%2Fwp%2Fv2%2Ftags&post=93838"}],"curies":[{"name":"wp","href":"https:\/\/api.w.org\/{rel}","templated":true}]}}