{"id":93832,"date":"2011-12-16T08:26:48","date_gmt":"2011-12-16T08:26:48","guid":{"rendered":"http:\/\/www.fuldaer-nachrichten.de\/?p=93832"},"modified":"2011-12-16T08:26:48","modified_gmt":"2011-12-16T08:26:48","slug":"fuldaer-weihnachtsmarkt-besuch-des-handwerkermarkts","status":"publish","type":"post","link":"https:\/\/www.fuldaernachrichten.de\/?p=93832","title":{"rendered":"Fuldaer Weihnachtsmarkt: Besuch des Handwerkermarkts"},"content":{"rendered":"<p><strong><a href=\"http:\/\/www.fuldaer-nachrichten.de\/wp-content\/uploads\/2011\/12\/111215_Handwerkermarkts-.jpg\"><img decoding=\"async\" class=\"alignleft size-thumbnail wp-image-93833\" title=\"111215_Handwerkermarkts\" src=\"http:\/\/www.fuldaer-nachrichten.de\/wp-content\/uploads\/2011\/12\/111215_Handwerkermarkts--265x175.jpg\" alt=\"\" width=\"265\" height=\"175\" srcset=\"https:\/\/www.fuldaernachrichten.de\/wp-content\/uploads\/2011\/12\/111215_Handwerkermarkts--265x175.jpg 265w, https:\/\/www.fuldaernachrichten.de\/wp-content\/uploads\/2011\/12\/111215_Handwerkermarkts-.jpg 592w\" sizes=\"(max-width: 265px) 100vw, 265px\" \/><\/a>Fulda.<\/strong> An den ersten drei Adventswochenenden hatten Besucherinnen und Besucher des Fuldaer Weihnachtsmarktes bereits die M\u00f6glichkeit, einen kleinen Kunsthandwerkermarkt in einem Zelt unterhalb der Stadtpfarrkirche zu besuchen. Nach durchweg positiver Resonanz besteht am kommenden 4. Adventswochenende die letzte M\u00f6glichkeit zum Besuch der Handwerkervorf\u00fchrungen. \u00d6ffnungszeiten sind Freitag und Samstag von 11.00 Uhr bis 20.00 Uhr, Sonntag von 12.30 Uhr bis 19.00 Uhr. (cp)\u00c2\u00a0 <!--more--><a href=\"http:\/\/www.fuldaer-nachrichten.de\/wp-content\/uploads\/2011\/12\/111215_Handwerkermarkts2.jpg\"><img decoding=\"async\" class=\"alignnone size-thumbnail wp-image-93834\" title=\"111215_Handwerkermarkts2\" src=\"http:\/\/www.fuldaer-nachrichten.de\/wp-content\/uploads\/2011\/12\/111215_Handwerkermarkts2-265x175.jpg\" alt=\"\" width=\"265\" height=\"175\" srcset=\"https:\/\/www.fuldaernachrichten.de\/wp-content\/uploads\/2011\/12\/111215_Handwerkermarkts2-265x175.jpg 265w, https:\/\/www.fuldaernachrichten.de\/wp-content\/uploads\/2011\/12\/111215_Handwerkermarkts2.jpg 592w\" sizes=\"(max-width: 265px) 100vw, 265px\" \/><\/a> <a href=\"http:\/\/www.fuldaer-nachrichten.de\/wp-content\/uploads\/2011\/12\/111215_Handwerkermarkts3.jpg\"><img decoding=\"async\" class=\"alignnone size-thumbnail wp-image-93835\" title=\"111215_Handwerkermarkts3\" src=\"http:\/\/www.fuldaer-nachrichten.de\/wp-content\/uploads\/2011\/12\/111215_Handwerkermarkts3-265x175.jpg\" alt=\"\" width=\"265\" height=\"175\" srcset=\"https:\/\/www.fuldaernachrichten.de\/wp-content\/uploads\/2011\/12\/111215_Handwerkermarkts3-265x175.jpg 265w, https:\/\/www.fuldaernachrichten.de\/wp-content\/uploads\/2011\/12\/111215_Handwerkermarkts3.jpg 592w\" sizes=\"(max-width: 265px) 100vw, 265px\" \/><\/a><\/p>\n","protected":false},"excerpt":{"rendered":"<div class=\"tmnf_excerpt\"><p>Fulda. An den ersten drei Adventswochenenden hatten Besucherinnen und Besucher des Fuldaer Weihnachtsmarktes bereits die M\u00f6glichkeit, einen kleinen Kunsthandwerkermarkt in einem Zelt unterhalb der Stadtpfarrkirche zu besuchen. Nach durchweg positiver Resonanz besteht am kommenden 4. Adventswochenende die letzte M\u00f6glichkeit zum Besuch der Handwerkervorf\u00fchrungen. \u00d6ffnungszeiten sind Freitag und Samstag von 11.00 Uhr bis 20.00 Uhr, Sonntag &hellip;<\/p>\n<\/div>","protected":false},"author":1,"featured_media":0,"comment_status":"closed","ping_status":"closed","sticky":false,"template":"","format":"standard","meta":{"footnotes":""},"categories":[1],"tags":[],"class_list":["post-93832","post","type-post","status-publish","format-standard","hentry","category-startseite"],"_links":{"self":[{"href":"https:\/\/www.fuldaernachrichten.de\/index.php?rest_route=\/wp\/v2\/posts\/93832","targetHints":{"allow":["GET"]}}],"collection":[{"href":"https:\/\/www.fuldaernachrichten.de\/index.php?rest_route=\/wp\/v2\/posts"}],"about":[{"href":"https:\/\/www.fuldaernachrichten.de\/index.php?rest_route=\/wp\/v2\/types\/post"}],"author":[{"embeddable":true,"href":"https:\/\/www.fuldaernachrichten.de\/index.php?rest_route=\/wp\/v2\/users\/1"}],"replies":[{"embeddable":true,"href":"https:\/\/www.fuldaernachrichten.de\/index.php?rest_route=%2Fwp%2Fv2%2Fcomments&post=93832"}],"version-history":[{"count":0,"href":"https:\/\/www.fuldaernachrichten.de\/index.php?rest_route=\/wp\/v2\/posts\/93832\/revisions"}],"wp:attachment":[{"href":"https:\/\/www.fuldaernachrichten.de\/index.php?rest_route=%2Fwp%2Fv2%2Fmedia&parent=93832"}],"wp:term":[{"taxonomy":"category","embeddable":true,"href":"https:\/\/www.fuldaernachrichten.de\/index.php?rest_route=%2Fwp%2Fv2%2Fcategories&post=93832"},{"taxonomy":"post_tag","embeddable":true,"href":"https:\/\/www.fuldaernachrichten.de\/index.php?rest_route=%2Fwp%2Fv2%2Ftags&post=93832"}],"curies":[{"name":"wp","href":"https:\/\/api.w.org\/{rel}","templated":true}]}}