{"id":93826,"date":"2011-12-16T08:27:40","date_gmt":"2011-12-16T08:27:40","guid":{"rendered":"http:\/\/www.fuldaer-nachrichten.de\/?p=93826"},"modified":"2011-12-16T08:27:40","modified_gmt":"2011-12-16T08:27:40","slug":"theater-musik-und-ehrungen-grosartige-stimmung-bei-werkstatt-weihnachtsfeier","status":"publish","type":"post","link":"https:\/\/www.fuldaernachrichten.de\/?p=93826","title":{"rendered":"Theater, Musik und Ehrungen \u2013 gro\u00dfartige Stimmung bei Werkstatt-Weihnachtsfeier"},"content":{"rendered":"<p><strong><a href=\"http:\/\/www.fuldaer-nachrichten.de\/wp-content\/uploads\/2011\/12\/111215_Ehrungen.jpg\"><img decoding=\"async\" class=\"alignleft size-thumbnail wp-image-93827\" title=\"111215_Ehrungen\" src=\"http:\/\/www.fuldaer-nachrichten.de\/wp-content\/uploads\/2011\/12\/111215_Ehrungen-265x176.jpg\" alt=\"\" width=\"265\" height=\"176\" srcset=\"https:\/\/www.fuldaernachrichten.de\/wp-content\/uploads\/2011\/12\/111215_Ehrungen-265x176.jpg 265w, https:\/\/www.fuldaernachrichten.de\/wp-content\/uploads\/2011\/12\/111215_Ehrungen.jpg 592w\" sizes=\"(max-width: 265px) 100vw, 265px\" \/><\/a>Fulda\/K\u00fcnzell.<\/strong> Rund 500 Menschen waren dieses Jahr zur\u00c2\u00a0 Weihnachtsfeier der Fuldaer Caritas-Werkst\u00e4tten f\u00fcr Menschen mit Behinderung am traditionellen Ort im Gemeindezentrum K\u00fcnzell zusammen gekommen. Die Mitarbeiterinnen und Mitarbeiter feierten gemeinsam mit \u00c2\u00a0ihren Angeh\u00f6rigen und Freunden, dem Team der Betreuer sowie mit zahlreichen Vertretern aus Caritas und Kirche, Politik und Wirtschaft. Nach der Er\u00f6ffnung durch Irene Stehling (Werkstattrat), Lucia Nitsche-Goldbach (Eltern- und Betreuerbeirat) sowie Michael Gl\u00fcber (Einrichtungsleitung) \u00fcberbrachten zahlreiche Ehreng\u00e4ste, darunter der Generalvikar des Bistums Fulda, Prof. Dr. Gerhard Stanke, das Vorstandsmitglied des Di\u00f6zesancaritasverbandes Malte Crome, der Kreisbeigeordnete Joachim Jansehn und der B\u00fcrgermeister der Gemeinde K\u00fcnzell Peter Meinecke ihre Gr\u00fc\u00dfe und gingen auf die Bedeutung von Advent und Weihnachten f\u00fcr den einzelnen Menschen in ganz pers\u00f6nlicher Weise ein. <!--more--><\/p>\n<p>Als H\u00f6hepunkt der Feier galt unbestritten das \u00c2\u00a0Theaterst\u00fcck der Werkstattmitarbeiterinnen und Mitarbeiter, das wieder wie jedes Jahr mit \u00c2\u00a0gro\u00dfer Spannung erwartet wurde, Das seit Wochen intensiv geprobte St\u00fcck \u201eWeihnachten um sechs\u201c spielte vor einem Kiosk in Fulda und schilderte, wie die Kioskverk\u00e4uferin kurz vor dem Ladenschluss am Heilig Abend noch Frieden bei einer zerstrittenen Familie stiften muss. Nach der Theaterauff\u00fchrung wurden neun Mitarbeiterinnen und Mitarbeiter f\u00fcr 25- bzw. 40-j\u00e4hrige T\u00e4tigkeit geehrt. Ein musikalisches Rahmenprogramm rundete die Weihnachtsfeier ab. (cif)<\/p>\n","protected":false},"excerpt":{"rendered":"<div class=\"tmnf_excerpt\"><p>Fulda\/K\u00fcnzell. Rund 500 Menschen waren dieses Jahr zur\u00c2\u00a0 Weihnachtsfeier der Fuldaer Caritas-Werkst\u00e4tten f\u00fcr Menschen mit Behinderung am traditionellen Ort im Gemeindezentrum K\u00fcnzell zusammen gekommen. Die Mitarbeiterinnen und Mitarbeiter feierten gemeinsam mit \u00c2\u00a0ihren Angeh\u00f6rigen und Freunden, dem Team der Betreuer sowie mit zahlreichen Vertretern aus Caritas und Kirche, Politik und Wirtschaft. Nach der Er\u00f6ffnung durch Irene &hellip;<\/p>\n<\/div>","protected":false},"author":1,"featured_media":0,"comment_status":"closed","ping_status":"closed","sticky":false,"template":"","format":"standard","meta":{"footnotes":""},"categories":[1,44],"tags":[],"class_list":["post-93826","post","type-post","status-publish","format-standard","hentry","category-startseite","category-kultur"],"_links":{"self":[{"href":"https:\/\/www.fuldaernachrichten.de\/index.php?rest_route=\/wp\/v2\/posts\/93826","targetHints":{"allow":["GET"]}}],"collection":[{"href":"https:\/\/www.fuldaernachrichten.de\/index.php?rest_route=\/wp\/v2\/posts"}],"about":[{"href":"https:\/\/www.fuldaernachrichten.de\/index.php?rest_route=\/wp\/v2\/types\/post"}],"author":[{"embeddable":true,"href":"https:\/\/www.fuldaernachrichten.de\/index.php?rest_route=\/wp\/v2\/users\/1"}],"replies":[{"embeddable":true,"href":"https:\/\/www.fuldaernachrichten.de\/index.php?rest_route=%2Fwp%2Fv2%2Fcomments&post=93826"}],"version-history":[{"count":0,"href":"https:\/\/www.fuldaernachrichten.de\/index.php?rest_route=\/wp\/v2\/posts\/93826\/revisions"}],"wp:attachment":[{"href":"https:\/\/www.fuldaernachrichten.de\/index.php?rest_route=%2Fwp%2Fv2%2Fmedia&parent=93826"}],"wp:term":[{"taxonomy":"category","embeddable":true,"href":"https:\/\/www.fuldaernachrichten.de\/index.php?rest_route=%2Fwp%2Fv2%2Fcategories&post=93826"},{"taxonomy":"post_tag","embeddable":true,"href":"https:\/\/www.fuldaernachrichten.de\/index.php?rest_route=%2Fwp%2Fv2%2Ftags&post=93826"}],"curies":[{"name":"wp","href":"https:\/\/api.w.org\/{rel}","templated":true}]}}