{"id":93823,"date":"2011-12-16T08:28:35","date_gmt":"2011-12-16T08:28:35","guid":{"rendered":"http:\/\/www.fuldaer-nachrichten.de\/?p=93823"},"modified":"2011-12-16T08:28:35","modified_gmt":"2011-12-16T08:28:35","slug":"werke-des-bildhauers-johannes-kirsch-geben-anregungen-fur-frommigkeit-formensprache-der-rhon-als-inspirationsquelle","status":"publish","type":"post","link":"https:\/\/www.fuldaernachrichten.de\/?p=93823","title":{"rendered":"Werke des Bildhauers Johannes Kirsch geben Anregungen f\u00fcr Fr\u00f6mmigkeit Formensprache der Rh\u00f6n als Inspirationsquelle"},"content":{"rendered":"<p><strong><a href=\"http:\/\/www.fuldaer-nachrichten.de\/wp-content\/uploads\/2011\/12\/111215_JohannesKirsch.jpg\"><img decoding=\"async\" class=\"alignleft size-thumbnail wp-image-93824\" title=\"111215_JohannesKirsch\" src=\"http:\/\/www.fuldaer-nachrichten.de\/wp-content\/uploads\/2011\/12\/111215_JohannesKirsch-265x175.jpg\" alt=\"\" width=\"265\" height=\"175\" srcset=\"https:\/\/www.fuldaernachrichten.de\/wp-content\/uploads\/2011\/12\/111215_JohannesKirsch-265x175.jpg 265w, https:\/\/www.fuldaernachrichten.de\/wp-content\/uploads\/2011\/12\/111215_JohannesKirsch.jpg 592w\" sizes=\"(max-width: 265px) 100vw, 265px\" \/><\/a>Petersberg. <\/strong>Er ist ein Mensch mit gro\u00dfer Gestaltungskraft, die sein Leben pr\u00e4gt: Johannes Kirsch hat als Bildhauer, Holzschnitzer und Medailleur schon vielem \u00fcberzeugend Form gegeben. In der Region Fulda und dar\u00fcber hinaus setzen seine oft religi\u00f6sen Werke Zeichen. Der geb\u00fcrtige W\u00fcstensachsener war einst H\u00fctejunge in der Rh\u00f6n und konnte deren markante Formensprache verinnerlichen. Sicher geh\u00f6rt sie zu seinen Inspirationsquellen, wof\u00fcr besonders die von Kirsch geschaffenen Brunnen stehen. Als Beispiele seien der Petrusbrunnen in seiner Wahlheimat Petersberg, die Exemplare im Horaser Zentrum und am Aschenbergplatz sowie Kirschs Lieblingsbrunnen im Garten des \u00dcwag-Informationszentrums in der Frankfurter Stra\u00dfe genannt.<!--more--><\/p>\n<p>Dass der Bildhauer aus dem heimischen Mittelgebirge den Stein hochsch\u00e4tzt, verwundert nicht. Inzwischen f\u00fchlt sich der 81-J\u00e4hrige f\u00fcr die Arbeit mit diesem Material aber nicht mehr kraftvoll genug, was ihn schmerzt: \u201eStein war mein k\u00fcnstlerisches Lebensgl\u00fcck.\u201c Er zeigt freilich auch mit Bronze und Holz, wie viel er kann. Kirsch ist ein Charakterkopf, und seine Werke haben ebenfalls Profil. Ganz deutlich wird dies an den etwa 30 ausdrucksvollen Plastiken von Pers\u00f6nlichkeiten aus Mythologie, Bibel und kirchlicher Tradition. Professor Dieter Wagner, profunder Kenner von Kirschs Werk, weist darauf hin, dass an diesen Arbeiten etwas \u201ewirklich Menschliches\u201c abzulesen sei, und betont mit Bezug auf den Bildhauer: \u201eDie Skulpturen sind Bronze gewordene autobiografische Zeugnisse \u2013 und zwar im Sinne von Selbstreflexion innerhalb des k\u00fcnstlerisch gestalteten ,Form-Spiels\u00e2\u20ac\u2122 von Erinnerung und Realit\u00e4t.\u201c<\/p>\n<p>Ziemlich neu unter diesen Pers\u00f6nlichkeiten ist der alttestamentliche Hiob, der von Gott gepr\u00fcft und schlie\u00dflich in seinem gl\u00e4ubigen Vertrauen best\u00e4tigt wird. Dieser Mann mit seiner Handhaltung und seinem Blick zum Himmel wurde von Kirsch grandios ausgearbeitet. Der Betrachter sp\u00fcrt, dass Hiobs Geschichte den Bildhauer ergreift. \u201eSie steht auch f\u00fcr K\u00e4mpfe, wie sie jeder Mensch hat, der sich im Leben abm\u00fcht\u201c, so Kirsch.<\/p>\n<p>Seine Werke sind zahlreich und spannen manchmal B\u00f6gen: So hat er f\u00fcr die Elisabethkirche in Marburg ebenso einen Osterleuchter geschaffen wie f\u00fcr die Lioba-Grabeskirche in Petersberg. Die Turmkapelle der Petersberger Rabanus-Maurus-Kirche mit einer Piet\u00c3\u00a0 von Kirsch wird gern zum Beten aufgesucht: \u201eDass Werke von mir Anregung f\u00fcr Fr\u00f6mmigkeit geben, ber\u00fchrt mich\u201c, sagt der K\u00fcnstler. Anl\u00e4sslich des 1175-j\u00e4hrigen Bestehens der Ortschaft Petersberg fand im August eine viel beachtete Ausstellung zum Thema \u201eSpuren des Bildhauers Johannes Kirsch\u201c statt, initiiert von Inge und Wolfgang Hohmann sowie Ewald Scheich. Diese drei haben auch zusammengestellt, wo sich in Petersberg welche Werke des K\u00fcnstlers befinden. Aus der stattlichen Liste ist ein Flyer geworden, der im Rathaus und in der Liobakirche erh\u00e4ltlich ist. Petersbergs B\u00fcrgermeister Karl-Josef Schwiddessen hat das Schaffen von Kirsch bei der Vernissage gew\u00fcrdigt, und die Gemeinde beabsichtigt, im Nachgang zum Jubil\u00e4um bei dem Bildhauer ein Lioba-Werk in Auftrag zu geben.<\/p>\n<p>Foto: Plappert<\/p>\n","protected":false},"excerpt":{"rendered":"<div class=\"tmnf_excerpt\"><p>Petersberg. Er ist ein Mensch mit gro\u00dfer Gestaltungskraft, die sein Leben pr\u00e4gt: Johannes Kirsch hat als Bildhauer, Holzschnitzer und Medailleur schon vielem \u00fcberzeugend Form gegeben. In der Region Fulda und dar\u00fcber hinaus setzen seine oft religi\u00f6sen Werke Zeichen. Der geb\u00fcrtige W\u00fcstensachsener war einst H\u00fctejunge in der Rh\u00f6n und konnte deren markante Formensprache verinnerlichen. Sicher geh\u00f6rt &hellip;<\/p>\n<\/div>","protected":false},"author":1,"featured_media":0,"comment_status":"closed","ping_status":"closed","sticky":false,"template":"","format":"standard","meta":{"footnotes":""},"categories":[1],"tags":[],"class_list":["post-93823","post","type-post","status-publish","format-standard","hentry","category-startseite"],"_links":{"self":[{"href":"https:\/\/www.fuldaernachrichten.de\/index.php?rest_route=\/wp\/v2\/posts\/93823","targetHints":{"allow":["GET"]}}],"collection":[{"href":"https:\/\/www.fuldaernachrichten.de\/index.php?rest_route=\/wp\/v2\/posts"}],"about":[{"href":"https:\/\/www.fuldaernachrichten.de\/index.php?rest_route=\/wp\/v2\/types\/post"}],"author":[{"embeddable":true,"href":"https:\/\/www.fuldaernachrichten.de\/index.php?rest_route=\/wp\/v2\/users\/1"}],"replies":[{"embeddable":true,"href":"https:\/\/www.fuldaernachrichten.de\/index.php?rest_route=%2Fwp%2Fv2%2Fcomments&post=93823"}],"version-history":[{"count":0,"href":"https:\/\/www.fuldaernachrichten.de\/index.php?rest_route=\/wp\/v2\/posts\/93823\/revisions"}],"wp:attachment":[{"href":"https:\/\/www.fuldaernachrichten.de\/index.php?rest_route=%2Fwp%2Fv2%2Fmedia&parent=93823"}],"wp:term":[{"taxonomy":"category","embeddable":true,"href":"https:\/\/www.fuldaernachrichten.de\/index.php?rest_route=%2Fwp%2Fv2%2Fcategories&post=93823"},{"taxonomy":"post_tag","embeddable":true,"href":"https:\/\/www.fuldaernachrichten.de\/index.php?rest_route=%2Fwp%2Fv2%2Ftags&post=93823"}],"curies":[{"name":"wp","href":"https:\/\/api.w.org\/{rel}","templated":true}]}}