{"id":93816,"date":"2011-12-16T08:29:19","date_gmt":"2011-12-16T08:29:19","guid":{"rendered":"http:\/\/www.fuldaer-nachrichten.de\/?p=93816"},"modified":"2011-12-16T08:29:19","modified_gmt":"2011-12-16T08:29:19","slug":"an-den-weihnachtstagen-krippe-fur-krippe-entdecken","status":"publish","type":"post","link":"https:\/\/www.fuldaernachrichten.de\/?p=93816","title":{"rendered":"An den Weihnachtstagen Krippe f\u00fcr Krippe entdecken"},"content":{"rendered":"<p><strong><a href=\"http:\/\/www.fuldaer-nachrichten.de\/wp-content\/uploads\/2011\/12\/111215_Krippe.jpg\"><img fetchpriority=\"high\" decoding=\"async\" class=\"alignleft size-thumbnail wp-image-93818\" title=\"111215_Krippe\" src=\"http:\/\/www.fuldaer-nachrichten.de\/wp-content\/uploads\/2011\/12\/111215_Krippe-265x197.jpg\" alt=\"\" width=\"265\" height=\"197\" srcset=\"https:\/\/www.fuldaernachrichten.de\/wp-content\/uploads\/2011\/12\/111215_Krippe-265x197.jpg 265w, https:\/\/www.fuldaernachrichten.de\/wp-content\/uploads\/2011\/12\/111215_Krippe.jpg 592w\" sizes=\"(max-width: 265px) 100vw, 265px\" \/><\/a>Rh\u00f6n. <\/strong>Auch und gerade an den Festtagen bietet der diesj\u00e4hrige Rh\u00f6ner Krippenweg viele Anregungen f\u00fcr eine abwechslungsreiche Gestaltung der Weihnachtstage. Eigens ausgearbeitete Krippentouren f\u00fchren durch den ganzen Landkreis und vielerorts laden festliche Veranstaltungen aller Art zum kulturellen Genuss.<\/p>\n<p><strong>Krippentour hoch hinauf auf die Rh\u00f6n\u00e2\u20ac\u00a6<\/strong><\/p>\n<p>Ab Weihnachten laden in zw\u00f6lf Kirchen in der Region wieder Krippen von Rh\u00f6ner Bildhauern und Schnitzern zur Betrachtung ein. Wer alle Meisterwerke regionaler Schnitzkunst entdecken m\u00f6chte, nutzt am besten die eigens ausgearbeiteten Krippentouren der Kulturagentur Rh\u00f6n-Grabfeld. Zwei Touren stehen zur Wahl, Ausgangspunkt ist stets die Krippenausstellung \u201eOh, verhei\u00dfungsvolle Weihnachtskrippe\u201c im Kloster Wechterswinkel. Die Krippen-Tour 1 f\u00fchrt in die Rh\u00f6n: Von Wechterswinkel \u00fcber die St. Bonifatius-Kirche in Windshausen (Krippe von G\u00fcnter Metz) nach Bischofsheim in die Kirche St. Georg, wo eine Krippe von Uli Klemm aufgestellt ist. <!--more--><\/p>\n<p>Von dort kann man dieses Jahr erstmalig einen Abstecher nach Langenleiten machen, wo in der Kirche Maria Himmelfahrt eine neue gro\u00dffigurige Krippe von G\u00fcnter Metz den Innenraum schm\u00fcckt. Von Langenleiten geht es wieder \u00fcber Bischofsheim nach Ostheim, wo in der Kirchenburg in der evangelischen Kirche St. Michael eine Krippe von Herbert Holzheimer und in der Kirche Maria K\u00f6nigin ebenfalls eine Krippe von G\u00fcnter Metz aufgestellt sind. Von Ostheim geht es \u00fcber Frickenhausen und die dort vorhandene Krippe von G\u00fcnter Metz in der Kirche St. Georg zur\u00fcck nach Wechterswinkel.<\/p>\n<p><strong>\u00e2\u20ac\u00a6 oder tief hinein ins Grabfeld<\/strong><\/p>\n<p>Die Krippen-Tour 2 f\u00fchrt ein St\u00fcck weit ins Grabfeld: Von Wechterswinkel geht es \u00fcber die Metz-Krippe in Frickenhausen nach Oberstreu. Auch hier steht in der Kirche St. Andreas eine Krippe vom Holzbildhauer G\u00fcnter Metz. Danach geht es nach Wargolshausen, wo gleich zwei Darstellungen bewundert werden k\u00f6nnen: in St. Dionysius eine Krippe von Dieter Frank und in der Marienkapelle am Fr\u00e4nkischen Marienweg eine Maria mit Kind von Lothar B\u00fchner. Zum Abschluss geht es nach Irmelshausen in die Evangelische Kirche St. Jakobus, wo ebenfalls ein Kunstwerk von Dieter Frank ausgestellt ist. Dann geht es wieder zur\u00fcck nach Wechterswinkel.<\/p>\n<p><strong>Auf Wunsch F\u00fchrungen<\/strong><\/p>\n<p>Beide Touren dauern etwa 2,5 Stunden. Gef\u00fchrte Touren sind ab 20 Personen m\u00f6glich. Weitere Informationen und Anmeldung bei der Kulturagentur Rh\u00f6n-Grabfeld, Tel. 09771 94675. Zwei weitere Krippen stehen au\u00dferdem in der Wallfahrtskirche auf dem Kreuzberg und in der evangelischen Kirche in M\u00fcnnerstadt.<\/p>\n<p><strong>Kulturelle Kurzweil auch \u201ezwischen den Jahren\u201c<\/strong><\/p>\n<p><a href=\"http:\/\/www.fuldaer-nachrichten.de\/wp-content\/uploads\/2011\/12\/111215_Krippenweg.jpg\"><img decoding=\"async\" class=\"alignleft size-thumbnail wp-image-93819\" title=\"111215_Krippenweg\" src=\"http:\/\/www.fuldaer-nachrichten.de\/wp-content\/uploads\/2011\/12\/111215_Krippenweg-265x176.jpg\" alt=\"\" width=\"265\" height=\"176\" srcset=\"https:\/\/www.fuldaernachrichten.de\/wp-content\/uploads\/2011\/12\/111215_Krippenweg-265x176.jpg 265w, https:\/\/www.fuldaernachrichten.de\/wp-content\/uploads\/2011\/12\/111215_Krippenweg.jpg 592w\" sizes=\"(max-width: 265px) 100vw, 265px\" \/><\/a>Vom 25. bis 27.12. sind im Orgelbaumuseum in Ostheim jeweils um 17.00 Uhr \u201eDer Nussknacker und der M\u00e4useprinz\u201c zu h\u00f6ren. J\u00f6rg Schindler-Schwabedissen erz\u00e4hlt und spielt das M\u00e4rchen von E.T.A. Hoffmann mit Orgelmusik nach Tschaikowskys Ballett \u201eDer Nussknacker\u201c nach. Der Eintritt kostet 8,00 \u00e2\u201a\u00ac und ist nur mit Reservierung unter 09777 1743 m\u00f6glich. Am 2. Weihnachtsfeiertag, 26.12., erklingt um 17:00 Uhr alte europ\u00e4ische Weihnachtsmusik im Festsaal des Klosters Wechterswinkel: The Playfords spielen weihnachtliche Lieder aus dem 14. bis 18. Jahrhundert aus England, Frankreich, Spanien und Deutschland unter dem Titel \u201eNova Nova\u201c. Die Karten kosten im VVK 12,00 \u00e2\u201a\u00ac, an der Abendkasse 14,00 \u00e2\u201a\u00ac, Sch\u00fcler zahlen 8,00 \u00e2\u201a\u00ac.<\/p>\n<p>Am Freitag, 30.12., f\u00fchrt eine Familienfackelwanderung um 14.00 Uhr vom Neust\u00e4dter Haus \u00fcber den Winterwanderweg zum Kreuzberg und um 17.00 Uhr wieder zur\u00fcck (3,00 \u00e2\u201a\u00ac, f\u00fcr Kinder 1,50 \u00e2\u201a\u00ac). Ebenfalls am 30.12. um 18.00 Uhr steht die \u201eKirchenburg in Flammen\u201c: Mit ca. 300 Fackeln wird die gr\u00f6\u00dfte Kirchenburg Deutschlands stimmungsvoll beleuchtet.<\/p>\n<p>Details zu diesen und weiteren Veranstaltungen und den Ausstellungen rund um die Weihnachtskrippe, die noch bis zum 8. Januar laufen, sind in der Brosch\u00fcre \u201eRh\u00f6ner Krippenweg\u201c zu finden. Diese liegt gratis im Landratsamt, bei allen Tourist-Infos des Landkreises, sowie in allen Gemeinden, Museen und Banken aus. Weiterhin ist das Programm unter www.rhoener-krippenweg.de einsehbar. Weitere Informationen zum Rh\u00f6ner Krippenweg erteilt die Kulturagentur Rh\u00f6n-Grabfeld, Sp\u00f6rleinstr.11, 97616 Bad Neustadt a.d. Saale, Tel. 09771\/94-675 und unter <a href=\"http:\/\/www.rhoener-krippenweg.de\" target=\"_blank\">www.rhoener-krippenweg.de<\/a>.<\/p>\n","protected":false},"excerpt":{"rendered":"<div class=\"tmnf_excerpt\"><p>Rh\u00f6n. Auch und gerade an den Festtagen bietet der diesj\u00e4hrige Rh\u00f6ner Krippenweg viele Anregungen f\u00fcr eine abwechslungsreiche Gestaltung der Weihnachtstage. Eigens ausgearbeitete Krippentouren f\u00fchren durch den ganzen Landkreis und vielerorts laden festliche Veranstaltungen aller Art zum kulturellen Genuss. Krippentour hoch hinauf auf die Rh\u00f6n\u00e2\u20ac\u00a6 Ab Weihnachten laden in zw\u00f6lf Kirchen in der Region wieder Krippen &hellip;<\/p>\n<\/div>","protected":false},"author":1,"featured_media":0,"comment_status":"closed","ping_status":"closed","sticky":false,"template":"","format":"standard","meta":{"footnotes":""},"categories":[1],"tags":[],"class_list":["post-93816","post","type-post","status-publish","format-standard","hentry","category-startseite"],"_links":{"self":[{"href":"https:\/\/www.fuldaernachrichten.de\/index.php?rest_route=\/wp\/v2\/posts\/93816","targetHints":{"allow":["GET"]}}],"collection":[{"href":"https:\/\/www.fuldaernachrichten.de\/index.php?rest_route=\/wp\/v2\/posts"}],"about":[{"href":"https:\/\/www.fuldaernachrichten.de\/index.php?rest_route=\/wp\/v2\/types\/post"}],"author":[{"embeddable":true,"href":"https:\/\/www.fuldaernachrichten.de\/index.php?rest_route=\/wp\/v2\/users\/1"}],"replies":[{"embeddable":true,"href":"https:\/\/www.fuldaernachrichten.de\/index.php?rest_route=%2Fwp%2Fv2%2Fcomments&post=93816"}],"version-history":[{"count":0,"href":"https:\/\/www.fuldaernachrichten.de\/index.php?rest_route=\/wp\/v2\/posts\/93816\/revisions"}],"wp:attachment":[{"href":"https:\/\/www.fuldaernachrichten.de\/index.php?rest_route=%2Fwp%2Fv2%2Fmedia&parent=93816"}],"wp:term":[{"taxonomy":"category","embeddable":true,"href":"https:\/\/www.fuldaernachrichten.de\/index.php?rest_route=%2Fwp%2Fv2%2Fcategories&post=93816"},{"taxonomy":"post_tag","embeddable":true,"href":"https:\/\/www.fuldaernachrichten.de\/index.php?rest_route=%2Fwp%2Fv2%2Ftags&post=93816"}],"curies":[{"name":"wp","href":"https:\/\/api.w.org\/{rel}","templated":true}]}}