{"id":93815,"date":"2011-12-16T08:29:48","date_gmt":"2011-12-16T08:29:48","guid":{"rendered":"http:\/\/www.fuldaer-nachrichten.de\/?p=93815"},"modified":"2011-12-16T09:06:41","modified_gmt":"2011-12-16T09:06:41","slug":"medienqualifizierung-fur-erzieherinnen-und-tagesmutter-eine-kostenfreie-basisschulung-im-bereich-medienkompetenz-durch-schulen-ans-netz-e-v","status":"publish","type":"post","link":"https:\/\/www.fuldaernachrichten.de\/?p=93815","title":{"rendered":"Medienqualifizierung f\u00fcr Erzieher\/innen und Tagesm\u00fctter &#8211; &#8220;Schulen ans Netz e. V.&#8221;"},"content":{"rendered":"<p><strong>Lauterbach. <\/strong>Solides Grundwissen rund um den Computer und das Internet sowie anschauliche Beispiele aus der Praxis sollen p\u00e4dagogisches Fachpersonal im fr\u00fchkindlichen Bereich in die Lage versetzen, das Internet f\u00fcr die eigene Weiterbildung zu nutzen und den Computer in den Einrichtungen f\u00fcr medienp\u00e4dagogische Projekte einzusetzen. Ziel ist die F\u00f6rderung der Medienkompetenz. Zielgruppe sind die Erzieherinnen und Erzieher, die mit Kindern bis sechs Jahren arbeiten und die keine oder nur geringe Kenntnisse in der berufsbezogenen Nutzung digitaler Medien haben. Die Schulungen werden \u00fcber das Bundesministerium f\u00fcr Bildung und Forschung (BMBF) und den Europ\u00e4ischen Sozialfonds (ESF) gef\u00f6rdert. Die Teilnahme ist entgeltfrei.<!--more--><\/p>\n<p><strong>Schulungsinhalte sind:<\/strong><\/p>\n<ul>\n<li>allgemeine Basiskenntnisse zur Nutzung des Computers an konkreten Beispielen des Alltags in Kinderg\u00e4rten und Kindertagesst\u00e4tten<\/li>\n<li>Basiswissen zur Medienp\u00e4dagogik und Medienbildung<\/li>\n<li>Einf\u00fchrung in die Nutzung des Internets<\/li>\n<li>Kenntnisse der M\u00f6glichkeiten und Gefahren des Internets<\/li>\n<li>Reflexion \u00fcber die M\u00f6glichkeiten der Internetnutzung im beruflichen Kontext<\/li>\n<li>Einblicke in die Nutzung von zielgruppenrelevanten Internetportalen im Themenfeld der fr\u00fchkindlichen Bildung<\/li>\n<li>Einf\u00fchrung in die Arbeit mit zielgruppenspezifischen, webbasierten Lern- und Kommunikationsplattformen<\/li>\n<li>Kennenlernen relevanter Informations- und Selbstlernangebote<\/li>\n<\/ul>\n<p>Allen Teilnehmenden steht ein eigener Rechner zur Verf\u00fcgung. Die Schulung mit insgesamt 40 Zeitstunden findet an sechs Tagen statt, und zwar vom 1. bis 3. Februar und vom 8. bis 10. Februar 2012, jeweils von 9 bis 17 Uhr im EDV-Raum der vhs in Lauterbach, Rimloser Stra\u00dfe 18. Der Verein &#8220;Schulen ans Netz e.V.&#8221; \u00fcbernimmt die Organisation des Weiterbildungsseminars. Die Anmeldung erfolgt per Fax, per Post oder per Mail unter fortbildung@schulen-ans-netz.de. Das Anmeldeformular sowie weitere Informationen sind erh\u00e4ltlich bei der vhs, F\u00e4rbergasse 1, 36304 Alsfeld, Tel. 06631 \/ 792-770, oder im Internet unter <a href=\"http:\/\/www.vhs-vogelsberg.de\" target=\"_blank\">www.vhs-vogelsberg.de<\/a>.<\/p>\n","protected":false},"excerpt":{"rendered":"<div class=\"tmnf_excerpt\"><p>Lauterbach. Solides Grundwissen rund um den Computer und das Internet sowie anschauliche Beispiele aus der Praxis sollen p\u00e4dagogisches Fachpersonal im fr\u00fchkindlichen Bereich in die Lage versetzen, das Internet f\u00fcr die eigene Weiterbildung zu nutzen und den Computer in den Einrichtungen f\u00fcr medienp\u00e4dagogische Projekte einzusetzen. Ziel ist die F\u00f6rderung der Medienkompetenz. Zielgruppe sind die Erzieherinnen und &hellip;<\/p>\n<\/div>","protected":false},"author":1,"featured_media":0,"comment_status":"closed","ping_status":"closed","sticky":false,"template":"","format":"standard","meta":{"footnotes":""},"categories":[1,53],"tags":[],"class_list":["post-93815","post","type-post","status-publish","format-standard","hentry","category-startseite","category-bildung"],"_links":{"self":[{"href":"https:\/\/www.fuldaernachrichten.de\/index.php?rest_route=\/wp\/v2\/posts\/93815","targetHints":{"allow":["GET"]}}],"collection":[{"href":"https:\/\/www.fuldaernachrichten.de\/index.php?rest_route=\/wp\/v2\/posts"}],"about":[{"href":"https:\/\/www.fuldaernachrichten.de\/index.php?rest_route=\/wp\/v2\/types\/post"}],"author":[{"embeddable":true,"href":"https:\/\/www.fuldaernachrichten.de\/index.php?rest_route=\/wp\/v2\/users\/1"}],"replies":[{"embeddable":true,"href":"https:\/\/www.fuldaernachrichten.de\/index.php?rest_route=%2Fwp%2Fv2%2Fcomments&post=93815"}],"version-history":[{"count":0,"href":"https:\/\/www.fuldaernachrichten.de\/index.php?rest_route=\/wp\/v2\/posts\/93815\/revisions"}],"wp:attachment":[{"href":"https:\/\/www.fuldaernachrichten.de\/index.php?rest_route=%2Fwp%2Fv2%2Fmedia&parent=93815"}],"wp:term":[{"taxonomy":"category","embeddable":true,"href":"https:\/\/www.fuldaernachrichten.de\/index.php?rest_route=%2Fwp%2Fv2%2Fcategories&post=93815"},{"taxonomy":"post_tag","embeddable":true,"href":"https:\/\/www.fuldaernachrichten.de\/index.php?rest_route=%2Fwp%2Fv2%2Ftags&post=93815"}],"curies":[{"name":"wp","href":"https:\/\/api.w.org\/{rel}","templated":true}]}}