{"id":93809,"date":"2011-12-17T00:12:37","date_gmt":"2011-12-17T00:12:37","guid":{"rendered":"http:\/\/www.fuldaer-nachrichten.de\/?p=93809"},"modified":"2011-12-16T18:55:57","modified_gmt":"2011-12-16T18:55:57","slug":"3-981-platze-in-kindertagesstatten-in-tragerschaft-der-liga-verbande","status":"publish","type":"post","link":"https:\/\/www.fuldaernachrichten.de\/?p=93809","title":{"rendered":"3.981 Pl\u00e4tze in Kindertagesst\u00e4tten in Tr\u00e4gerschaft der Liga-Verb\u00e4nde"},"content":{"rendered":"<p><strong><a href=\"http:\/\/www.fuldaer-nachrichten.de\/wp-content\/uploads\/2011\/12\/111215_Hort.jpg\"><img decoding=\"async\" class=\"alignleft size-thumbnail wp-image-93810\" title=\"111215_Hort\" src=\"http:\/\/www.fuldaer-nachrichten.de\/wp-content\/uploads\/2011\/12\/111215_Hort-265x176.jpg\" alt=\"\" width=\"265\" height=\"176\" srcset=\"https:\/\/www.fuldaernachrichten.de\/wp-content\/uploads\/2011\/12\/111215_Hort-265x176.jpg 265w, https:\/\/www.fuldaernachrichten.de\/wp-content\/uploads\/2011\/12\/111215_Hort.jpg 592w\" sizes=\"(max-width: 265px) 100vw, 265px\" \/><\/a>Fulda.<\/strong> Im der Kindertagesst\u00e4tte \u201eSt. Elisabeth\u201c angeschlossenen Hort ist diesen Nachmittag allerhand los: Die Weihnachtsfeier der zwei Gruppen von Kindern f\u00fcnf bis zw\u00f6lf Jahren \u2013 Vorsch\u00fclern und Grundsch\u00fclern der ersten zwei Klassen \u2013 ist im vollen Gange, Gemeindereferentin Mona Wehner erz\u00e4hlt in einer Art Frage- und Antwortspiel im Wechsel mit den Kindern gerade die Weihnachtsgeschichte, und alle sind aufmerksam bei der Sache \u2013 auch die Kinder ohne Religionszugeh\u00f6rigkeit und muslimischen Glaubens. \u201eWir haben hier im Ortsteil Ziehers-S\u00fcd eine wirklich bunte Mischung\u201c, sagt die stellvertretende Leiterin Kerstin Hasic. \u201eDie Kinder kommen aus deutschen, Russland-deutschen, t\u00fcrkischen und pakistanischen Familien. Sie stammen mit ihren Familien aus den L\u00e4ndern des ehemaligen Jugoslawiens, aus Afrika, Italien und Spanien. Aber das ist hier alles kein Problem \u2013 Kindern ist Herkunft und Hautfarbe egal. Wir reden deutsch miteinander, und alle wissen, dass es sich um eine Einrichtung in Tr\u00e4gerschaft der katholischen Gemeinde handelt. Das hei\u00dft, christlicher Glaube ist bei uns Thema, aber wenn wir einmal im Monat zum Wortgottesdienst in die Kirche gehen, ist es nat\u00fcrlich den Eltern freigestellt, ihre Kinder daran teilnehmen zu lassen oder nicht.\u201c<!--more--><\/p>\n<p>75 Kindergartenkinder von drei bis sechs Jahren, dazu 45 Hort-Kinder \u2013 von 7 Uhr morgens bis 17 Uhr nachmittags ist Leben in der Einrichtung am Gallasiniring. Das zw\u00f6lfk\u00f6pfige Team ist nicht nur mit seinen p\u00e4dagogischen Aufgaben betraut, der Kindergarten fungiert auch f\u00fcr das angrenzende Wohngebiet als Anlaufstelle f\u00fcr die Familien, wenn es um Kl\u00e4rung von Problemen wie Arbeitslosigkeit, Ehekonflikte oder auch Suchtkrankheiten oder \u00dcberschuldung geht. Ziel ist es, Betroffenen niederschwellig Hilfeangebote aufzuzeigen, die zum Beispiel von Beh\u00f6rden, der Kirchengemeinde oder der Caritas und anderen Wohlfahrtsverb\u00e4nden bereit gehalten werden. Dazu ist Kindertagesst\u00e4tte mit entsprechenden Einrichtungen vernetzt, nicht zuletzt auch mit den Kindertagesst\u00e4tten in den benachbarten Wohngebieten. \u201eSo ist auch eine fachliche Absprache immer wieder m\u00f6glich, wir k\u00f6nnen uns fr\u00fchzeitig f\u00fcr aufkommende Fragen und Problemstellungen sensibilisieren. Dazu dient auch die Caritas-Fachberatung unserer Einrichtung als katholischer Kindertagesst\u00e4tte. So sind wir in Bezug auf unser p\u00e4dagogisches Konzept immer auf modernstem Stand, und auch in Fragen beispielsweise notwendiger Fortbildungen f\u00fcr unsere Erzieherinnen k\u00f6nnen wir immer schnell agieren\u201c, unterstreicht Kerstin Hasic.<\/p>\n<p>Insgesamt 3.981 Kindertagesst\u00e4ttenpl\u00e4tze halten die Liga-Verb\u00e4nde in der Region Fulda bereit. Sie leisten damit einen wichtigen Beitrag in Stadt und Landkreis zur Bildung, Betreuung der Kinder und zur Familienentlastung. (cif)<\/p>\n","protected":false},"excerpt":{"rendered":"<div class=\"tmnf_excerpt\"><p>Fulda. Im der Kindertagesst\u00e4tte \u201eSt. Elisabeth\u201c angeschlossenen Hort ist diesen Nachmittag allerhand los: Die Weihnachtsfeier der zwei Gruppen von Kindern f\u00fcnf bis zw\u00f6lf Jahren \u2013 Vorsch\u00fclern und Grundsch\u00fclern der ersten zwei Klassen \u2013 ist im vollen Gange, Gemeindereferentin Mona Wehner erz\u00e4hlt in einer Art Frage- und Antwortspiel im Wechsel mit den Kindern gerade die Weihnachtsgeschichte, &hellip;<\/p>\n<\/div>","protected":false},"author":1,"featured_media":0,"comment_status":"closed","ping_status":"closed","sticky":false,"template":"","format":"standard","meta":{"footnotes":""},"categories":[1],"tags":[],"class_list":["post-93809","post","type-post","status-publish","format-standard","hentry","category-startseite"],"_links":{"self":[{"href":"https:\/\/www.fuldaernachrichten.de\/index.php?rest_route=\/wp\/v2\/posts\/93809","targetHints":{"allow":["GET"]}}],"collection":[{"href":"https:\/\/www.fuldaernachrichten.de\/index.php?rest_route=\/wp\/v2\/posts"}],"about":[{"href":"https:\/\/www.fuldaernachrichten.de\/index.php?rest_route=\/wp\/v2\/types\/post"}],"author":[{"embeddable":true,"href":"https:\/\/www.fuldaernachrichten.de\/index.php?rest_route=\/wp\/v2\/users\/1"}],"replies":[{"embeddable":true,"href":"https:\/\/www.fuldaernachrichten.de\/index.php?rest_route=%2Fwp%2Fv2%2Fcomments&post=93809"}],"version-history":[{"count":0,"href":"https:\/\/www.fuldaernachrichten.de\/index.php?rest_route=\/wp\/v2\/posts\/93809\/revisions"}],"wp:attachment":[{"href":"https:\/\/www.fuldaernachrichten.de\/index.php?rest_route=%2Fwp%2Fv2%2Fmedia&parent=93809"}],"wp:term":[{"taxonomy":"category","embeddable":true,"href":"https:\/\/www.fuldaernachrichten.de\/index.php?rest_route=%2Fwp%2Fv2%2Fcategories&post=93809"},{"taxonomy":"post_tag","embeddable":true,"href":"https:\/\/www.fuldaernachrichten.de\/index.php?rest_route=%2Fwp%2Fv2%2Ftags&post=93809"}],"curies":[{"name":"wp","href":"https:\/\/api.w.org\/{rel}","templated":true}]}}