{"id":93805,"date":"2011-12-19T00:10:09","date_gmt":"2011-12-19T00:10:09","guid":{"rendered":"http:\/\/www.fuldaer-nachrichten.de\/?p=93805"},"modified":"2011-12-19T08:37:57","modified_gmt":"2011-12-19T08:37:57","slug":"selbststandige-schule-projekt-des-arbeitskreises-schule-und-bildung","status":"publish","type":"post","link":"https:\/\/www.fuldaernachrichten.de\/?p=93805","title":{"rendered":"\u201eSelbstst\u00e4ndige Schule\u201c &#8211; Projekt des Arbeitskreises Schule und Bildung"},"content":{"rendered":"<p><strong>Fulda.<\/strong> \u00dcber aktuelle Themen der hessischen Schulpolitik informierte sich der Arbeitskreis Schule und Bildung der CDU-Kreistagsfraktion im Staatlichen Schulamt Fulda. Dabei konnte der Leitende Schulamtsdirektor Wolfgang Kremer neben den Mitgliedern der CDU-Fraktion (angef\u00fchrt von Martina Hering, Leiterin des Arbeitskreises, und dem Landtagsabgeordneten Dr. Norbert Herr) auch Landrat Bernd Woide, den Ersten Kreisbeigeordneten Dr. Heiko Wingenfeld und Marion Frohnapfel, die neue Leiterin des Fachdienstes Schulen, begr\u00fc\u00dfen. Zum Projekt \u201eSelbstst\u00e4ndige Schule\u201c, das den Schulen in Hessen schrittweise mehr Eigenverantwortung und damit mehr Entscheidungskompetenz \u00fcbertr\u00e4gt, wurde bekannt, dass mit der Ulstertalschule Hilders und der Don-Bosco-Schule K\u00fcnzell zwei Schulen des Kreises zu den insgesamt hessenweit 24 Schulen der Pilotphase geh\u00f6ren, die bereits entsprechende Kompetenzen mit dem Kleinen Schulbudget erworben haben sowie erfolgreiche Arbeit in Qualit\u00e4tsbereichen des Hessischen Referenzrahmens nachweisen k\u00f6nnen.<!--more--><\/p>\n<p>Es\u00c2\u00a0 wurde mitgeteilt, dass alle Schul\u00e4mter erhalten bleiben (urspr\u00fcnglich war eine Zusammenlegung der \u00c4mter im Gespr\u00e4ch) und somit weiterhin wichtige Aufgaben in der Region \u00fcbernehmen k\u00f6nnen. Dazu z\u00e4hlen die Schulaufsicht und die Beratung als Service f\u00fcr die Schulen ebenso wie die Kontrolle \u00fcber die Personaleinstellung. F\u00fcr den Fortbestand der \u00c4mter und die Wahrung von wichtigen Funktionen in der Region (also auch im Kreis\u00c2\u00a0 Fulda) hatte sich der Abgeordnete Dr. Herr in Wiesbaden stark gemacht. Er werde dies auch weiterhin tun und zusammen mit den Besch\u00e4ftigten des SSA Fulda daf\u00fcr k\u00e4mpfen, dass die Schul\u00e4mter selbstst\u00e4ndige Dienststellen bleiben.\u00c2\u00a0 Die Schul\u00e4mter sollen \u00fcber ein zentrales Landesamt gef\u00fchrt werden. \u00dcberlegungen zur Schaffung eines zentralen Landesschulamtes wurden hingegen kritisch gesehen, da dies nicht dem erkl\u00e4rten Sparwillen entspreche. Die Beteiligten \u00e4u\u00dferten die Notwendigkeit, dass die Staatlichen Schul\u00e4mter\u00c2\u00a0 in jedem Fall als selbstst\u00e4ndige\u00c2\u00a0 Dienststellen zu erhalten seien. Dies ist derzeit noch offen.<\/p>\n<p>Die von der Kultusministerkonferenz beschlossene\u00c2\u00a0 Weiterentwicklung der sonderp\u00e4dagogischen F\u00f6rderung als ein Schritt zur Umsetzung der UN-Behindertenrechtskonvention zur inklusiven Bildung von Kindern in Regelschulen wird weiter voran getrieben. Damit ist das Recht der Eltern verbunden, f\u00fcr ihre Kinder mit Behinderungen entweder eine F\u00f6rder- oder eine passende Regelschule, auszuw\u00e4hlen. In diesem Zusammenhang kamen die Teilnehmer der Gespr\u00e4chsrunde zu dem Ergebnis, dass die Region Fulda nicht zuletzt durch die neue St.Lioba-Schule am Herz-Jesu-Krankenhaus und das Kompetenzzentrum in Petersberg, aber auch durch die bereits bestehenden F\u00f6rderschulen, besonders gut ausdifferenziert sei.<\/p>\n<p>Weiterhin erfuhren die Kommunalpolitiker, dass das seit dem Schuljahr 2005\/06 bestehende Ganztagsangebot an den hiesigen Schulen im kommenden Schuljahr weiter ausgebaut wird. W\u00e4hrend die p\u00e4dagogische Nachmittagsbetreuung (in der Regel qualifizierte Hausaufgabenbetreuung und umfangreiches Angebot an Arbeitsgemeinschaften) neu an der L\u00fcdertalschule und der Friedrich-von-Bodelschwingh-Schule (beide Gro\u00dfenl\u00fcder) sowie an der Br\u00fcder-Grimm-Schule Fulda eingef\u00fchrt wird, arbeiten die Pestalozzischule und die Domschule Fulda und k\u00fcnftig auch das Kompetenzzentrum als ganzt\u00e4gige Schulen.<\/p>\n<p>Zum Abschluss bekr\u00e4ftige Arbeitskreisvorsitzende Hering, dass die enge Zusammenarbeit der Schulen mit dem Schulamt auch in Zukunft von zentraler Funktion bleibt. Die CDU-Fraktion des Kreistags setze sich mit ihrem Landtagsabgeordneten Dr. Herr weiter vehement f\u00fcr dessen Fortbestand als eigenst\u00e4ndige\u00c2\u00a0 Beh\u00f6rde ein.<\/p>\n","protected":false},"excerpt":{"rendered":"<div class=\"tmnf_excerpt\"><p>Fulda. \u00dcber aktuelle Themen der hessischen Schulpolitik informierte sich der Arbeitskreis Schule und Bildung der CDU-Kreistagsfraktion im Staatlichen Schulamt Fulda. Dabei konnte der Leitende Schulamtsdirektor Wolfgang Kremer neben den Mitgliedern der CDU-Fraktion (angef\u00fchrt von Martina Hering, Leiterin des Arbeitskreises, und dem Landtagsabgeordneten Dr. Norbert Herr) auch Landrat Bernd Woide, den Ersten Kreisbeigeordneten Dr. Heiko Wingenfeld &hellip;<\/p>\n<\/div>","protected":false},"author":1,"featured_media":0,"comment_status":"closed","ping_status":"closed","sticky":false,"template":"","format":"standard","meta":{"footnotes":""},"categories":[1],"tags":[],"class_list":["post-93805","post","type-post","status-publish","format-standard","hentry","category-startseite"],"_links":{"self":[{"href":"https:\/\/www.fuldaernachrichten.de\/index.php?rest_route=\/wp\/v2\/posts\/93805","targetHints":{"allow":["GET"]}}],"collection":[{"href":"https:\/\/www.fuldaernachrichten.de\/index.php?rest_route=\/wp\/v2\/posts"}],"about":[{"href":"https:\/\/www.fuldaernachrichten.de\/index.php?rest_route=\/wp\/v2\/types\/post"}],"author":[{"embeddable":true,"href":"https:\/\/www.fuldaernachrichten.de\/index.php?rest_route=\/wp\/v2\/users\/1"}],"replies":[{"embeddable":true,"href":"https:\/\/www.fuldaernachrichten.de\/index.php?rest_route=%2Fwp%2Fv2%2Fcomments&post=93805"}],"version-history":[{"count":0,"href":"https:\/\/www.fuldaernachrichten.de\/index.php?rest_route=\/wp\/v2\/posts\/93805\/revisions"}],"wp:attachment":[{"href":"https:\/\/www.fuldaernachrichten.de\/index.php?rest_route=%2Fwp%2Fv2%2Fmedia&parent=93805"}],"wp:term":[{"taxonomy":"category","embeddable":true,"href":"https:\/\/www.fuldaernachrichten.de\/index.php?rest_route=%2Fwp%2Fv2%2Fcategories&post=93805"},{"taxonomy":"post_tag","embeddable":true,"href":"https:\/\/www.fuldaernachrichten.de\/index.php?rest_route=%2Fwp%2Fv2%2Ftags&post=93805"}],"curies":[{"name":"wp","href":"https:\/\/api.w.org\/{rel}","templated":true}]}}