{"id":93804,"date":"2011-12-16T08:30:37","date_gmt":"2011-12-16T08:30:37","guid":{"rendered":"http:\/\/www.fuldaer-nachrichten.de\/?p=93804"},"modified":"2011-12-16T08:30:37","modified_gmt":"2011-12-16T08:30:37","slug":"winterspas-in-der-rhon","status":"publish","type":"post","link":"https:\/\/www.fuldaernachrichten.de\/?p=93804","title":{"rendered":"Winterspa\u00df in der Rh\u00f6n"},"content":{"rendered":"<p><strong>Rh\u00f6n.<\/strong> Die Katholische junge Gemeinde Fulda (KjG) veranstaltet in den hessischen Weihnachtsferien vom 03. &#8211; 05.01.2012 eine Freizeit f\u00fcr Jugendliche im Alter von 13 &#8211; 17 Jahren am Buchschirm bei Hilders. Die Rh\u00f6n zeigt sich dann hoffentlich von ihrer winterlichen Seite und es gilt bei Schlittenfahrten, Schneeschuhwanderungen und Spieleabenden vorm lodernden Kaminfeuer sch\u00f6ne Tage zu verbringen. Die Kosten betragen f\u00fcr Mitglieder 35 \u00e2\u201a\u00ac und f\u00fcr Nichtmitglieder 40 \u00e2\u201a\u00ac. Anmeldung und Informationen bei der KjG Di\u00f6zesanstelle unter kjg@bistum-fulda.de oder Tel. 0661\/87462.<\/p>\n","protected":false},"excerpt":{"rendered":"<div class=\"tmnf_excerpt\"><p>Rh\u00f6n. Die Katholische junge Gemeinde Fulda (KjG) veranstaltet in den hessischen Weihnachtsferien vom 03. &#8211; 05.01.2012 eine Freizeit f\u00fcr Jugendliche im Alter von 13 &#8211; 17 Jahren am Buchschirm bei Hilders. Die Rh\u00f6n zeigt sich dann hoffentlich von ihrer winterlichen Seite und es gilt bei Schlittenfahrten, Schneeschuhwanderungen und Spieleabenden vorm lodernden Kaminfeuer sch\u00f6ne Tage zu &hellip;<\/p>\n<\/div>","protected":false},"author":1,"featured_media":0,"comment_status":"closed","ping_status":"closed","sticky":false,"template":"","format":"standard","meta":{"footnotes":""},"categories":[1,72],"tags":[],"class_list":["post-93804","post","type-post","status-publish","format-standard","hentry","category-startseite","category-jugend"],"_links":{"self":[{"href":"https:\/\/www.fuldaernachrichten.de\/index.php?rest_route=\/wp\/v2\/posts\/93804","targetHints":{"allow":["GET"]}}],"collection":[{"href":"https:\/\/www.fuldaernachrichten.de\/index.php?rest_route=\/wp\/v2\/posts"}],"about":[{"href":"https:\/\/www.fuldaernachrichten.de\/index.php?rest_route=\/wp\/v2\/types\/post"}],"author":[{"embeddable":true,"href":"https:\/\/www.fuldaernachrichten.de\/index.php?rest_route=\/wp\/v2\/users\/1"}],"replies":[{"embeddable":true,"href":"https:\/\/www.fuldaernachrichten.de\/index.php?rest_route=%2Fwp%2Fv2%2Fcomments&post=93804"}],"version-history":[{"count":0,"href":"https:\/\/www.fuldaernachrichten.de\/index.php?rest_route=\/wp\/v2\/posts\/93804\/revisions"}],"wp:attachment":[{"href":"https:\/\/www.fuldaernachrichten.de\/index.php?rest_route=%2Fwp%2Fv2%2Fmedia&parent=93804"}],"wp:term":[{"taxonomy":"category","embeddable":true,"href":"https:\/\/www.fuldaernachrichten.de\/index.php?rest_route=%2Fwp%2Fv2%2Fcategories&post=93804"},{"taxonomy":"post_tag","embeddable":true,"href":"https:\/\/www.fuldaernachrichten.de\/index.php?rest_route=%2Fwp%2Fv2%2Ftags&post=93804"}],"curies":[{"name":"wp","href":"https:\/\/api.w.org\/{rel}","templated":true}]}}