{"id":93794,"date":"2011-12-16T08:32:35","date_gmt":"2011-12-16T08:32:35","guid":{"rendered":"http:\/\/www.fuldaer-nachrichten.de\/?p=93794"},"modified":"2011-12-16T08:32:35","modified_gmt":"2011-12-16T08:32:35","slug":"weihnachtspackchen-2011-werden-vor-ort-durch-den-verein-das-kunterbunte-kinderzelt-verteilt","status":"publish","type":"post","link":"https:\/\/www.fuldaernachrichten.de\/?p=93794","title":{"rendered":"Weihnachtsp\u00e4ckchen 2011 werden vor Ort durch den Verein &#8220;Das kunterbunte Kinderzelt&#8221; verteilt"},"content":{"rendered":"<p><strong><a href=\"http:\/\/www.fuldaer-nachrichten.de\/wp-content\/uploads\/2011\/12\/111215_KIZ1.jpg\"><img decoding=\"async\" class=\"alignleft size-thumbnail wp-image-93798\" title=\"111215_KIZ\" src=\"http:\/\/www.fuldaer-nachrichten.de\/wp-content\/uploads\/2011\/12\/111215_KIZ1-265x166.jpg\" alt=\"\" width=\"265\" height=\"166\" srcset=\"https:\/\/www.fuldaernachrichten.de\/wp-content\/uploads\/2011\/12\/111215_KIZ1-265x166.jpg 265w, https:\/\/www.fuldaernachrichten.de\/wp-content\/uploads\/2011\/12\/111215_KIZ1.jpg 592w\" sizes=\"(max-width: 265px) 100vw, 265px\" \/><\/a>Fulda. <\/strong>Unglaublich ereignisreiche Wochen liegen hinter dem gesamten Kinderzelt-Team und nat\u00fcrlich besonders f\u00fcr Bernd Druschel. Die kleine Maria ist uns allen ans Herz gewachsen und wir haben gro\u00dfe Hoffnung, dass wir ein Happy End erleben d\u00fcrfen. Doch nun sind wir wohlbehalten in Sandominic\/ Rum\u00e4nien angekommen. Wir, das sind: Bernd Druschel, Cleo, Laszlo (einer unserer rum\u00e4nischen Mitarbeiter, der bei der \u00dcbersetzung f\u00fcr Maria in der Uniklinik Marburg geholfen hat), Mechthild Schmitt (von der Metzgerei Robert M\u00fcller) und Daniela M\u00f6ller. In Tagebuchmails l\u00e4sst das Helferteam an seinen Erlebnissen rund um die Verteilung der Weihnachtsp\u00e4ckchen teilhaben. Sie sind auch auf der Internetseite www.daskunterbuntekinderzelt.de abrufbar. <!--more--><\/p>\n<p>Nach 23 Stunden stressfreier Fahrt freuen wir uns nun auf eine ausreichende M\u00fctze Schlaf, um uns Morgen an die sch\u00f6nste Kinderzelt-Arbeit des ganzen Jahres zu machen, so Daniela M\u00f6ller. Schlie\u00dflich warten \u00fcber 4.100 P\u00e4ckchen darauf, ihren eigentlichen Sinn zu erf\u00fcllen: Den Kindern von Balan und in den Romasiedlungen von Gheorgheni eine Weihnachtsfreude zu bereiten. Daf\u00fcr haben sich in den letzten Wochen so viele Helfer engagiert: fast 100 Sammelstellen und alle Filialen der Metzgerei Robert M\u00fcller haben sich in diesem Jahr beteiligt, so dass wir unser bisher bestes Weihnachtsp\u00e4ckchen-Ergebnis erreichen konnten. Herzlichen Dank!<\/p>\n<p>Der 2. Tag:<br \/>\nEs ist schon ein toller Anblick, wenn tausende P\u00e4ckchen eine gl\u00e4nzend-bunte Wand bilden! Davor war allerdings etwas Flei\u00dfarbeit notwendig, galt es doch die P\u00e4ckchen aus den Transportkartons zu &#8216;befreien&#8217; und altersgem\u00e4\u00df aufzusetzen. Doch hier haben uns die im letzten Jahr gesammelten Erfahrungen geholfen und wir sind schnell vorangekommen. Etwas mehr Probleme haben ich bei dem riesigen Berg aus gro\u00dfen S\u00e4cken mit Decken (bei uns: Koltern) gesehen, denn die konnten nicht in der Turnhalle bleiben. Da kam uns aber der Schulschluss zugute und die gro\u00dfen Jungs, die neugierige Blicke in die Turnhalle warfen. Ich habe sie kurzerhand gefragt, ob sie nicht helfen m\u00f6chten, die S\u00e4cke nach oben zu tragen und was soll ich sagen &#8211; sie haben einen super Job gemacht und in k\u00fcrzester Zeit hatten wir ein Problem weniger! Nat\u00fcrlich gab&#8217;s als Dankesch\u00f6n ein P\u00e4ckchen Kaugummi und auch die Fu\u00dfb\u00e4lle vom SV H\u00f6f und Haid haben hier neue stolze Besitzer gefunden. Wichtiger ist es mir aber, sie in unsere Arbeit einzubinden und ihnen zu erkl\u00e4ren, wer wir sind und was wir machen!<\/p>\n<p><a href=\"http:\/\/www.fuldaer-nachrichten.de\/wp-content\/uploads\/2011\/12\/111215_KIZ3.jpg\"><img decoding=\"async\" class=\"alignnone size-thumbnail wp-image-93797\" title=\"111215_KIZ3\" src=\"http:\/\/www.fuldaer-nachrichten.de\/wp-content\/uploads\/2011\/12\/111215_KIZ3-265x149.jpg\" alt=\"\" width=\"265\" height=\"159\" \/><\/a> <a href=\"http:\/\/www.fuldaer-nachrichten.de\/wp-content\/uploads\/2011\/12\/111215_KIZ21.jpg\"><img decoding=\"async\" class=\"alignnone size-thumbnail wp-image-93799\" title=\"111215_KIZ2\" src=\"http:\/\/www.fuldaer-nachrichten.de\/wp-content\/uploads\/2011\/12\/111215_KIZ21-265x155.jpg\" alt=\"\" width=\"265\" height=\"159\" \/><\/a><\/p>\n<p>Begonnen haben wir den Tag aber mit einem Besuch in unserem Kindergarten Kindernestchen. Da hat sich ja einiges getan: Wir haben ja jetzt eine neue Gruppe f\u00fcr Krippenkinder im Alter von ein bis drei Jahren! Und die hat ein ganz besonderes Maskottchen: Lillebi, den M\u00e4usejungen aus dem Hause Steinbeck. Es war die helle Freude, unsere beiden Erzieherinnen mit den Kleinen zu sehen. Sie haben gemeinsam Weihnachtslieder gesungen und sp\u00e4ter haben sie Murmelbilder gemacht &#8211; den Kindern hat es sichtlich Freude bereitet. In der B\u00e4rengruppe hat es einen richtigen &#8216;Generationswechsel&#8217; gegeben, denn nach den Sommerferien sind viele neue Kinder hinzu gekommen. Cleo und ich waren gleich mittendrin, haben gemalt, Geschichte geh\u00f6rt und beim Singkreis mitgemacht &#8211; auch gro\u00dfe M\u00e4dchen m\u00fcssen spielen \ud83d\ude09 Nun geht&#8217;s los &#8211; heute bekommen wir von einem befreundeten Hilfswerk nochmal 1.500 P\u00e4ckchen gebracht. Somit k\u00f6nnen wir sicher unser Versprechen einl\u00f6sen und allen Kindern in Balan und den Romasiedlungen von Gheorgheni ein P\u00e4ckchen \u00fcberreichen.<\/p>\n<p>Der 3. Tag:<br \/>\nKennt Ihr das? Man r\u00e4umt die Wohnung auf und ist eigentlich nur damit besch\u00e4ftigt, die Sachen von einer Ecke zur anderen zu r\u00e4umen.. So \u00e4hnlich ging es uns heute: wir haben Hilfsg\u00fcter ins Lager gebracht, Patenpakete sortiert, Neuware umgeladen und noch so einiges mehr, ohne dass man ein gro\u00dfes Ergebnis gesehen h\u00e4tte. Wenn man das nicht mal vor Ort miterlebt hat &#8211; man kann sich kaum vorstellen, durch wie viele H\u00e4nde ein Kleidersack, Weihnachtsp\u00e4ckchen oder Wolldecke gehen muss, bis diese hier in Rum\u00e4nien in die richtigen H\u00e4nde gelangen. Nachmittags haben wir damit begonnen, die von Deutschland mitgebrachten Pakete an unsere Patenkinder zu verteilen. Das hat wieder total Spa\u00df gemacht, besonders die Entwicklung der Kinder zu sehen.<\/p>\n<p><a href=\"http:\/\/www.fuldaer-nachrichten.de\/wp-content\/uploads\/2011\/12\/111215_Koldertransport.jpg\"><img loading=\"lazy\" decoding=\"async\" class=\"alignnone size-thumbnail wp-image-93800\" title=\"111215_Koldertransport\" src=\"http:\/\/www.fuldaer-nachrichten.de\/wp-content\/uploads\/2011\/12\/111215_Koldertransport-265x176.jpg\" alt=\"\" width=\"265\" height=\"176\" srcset=\"https:\/\/www.fuldaernachrichten.de\/wp-content\/uploads\/2011\/12\/111215_Koldertransport-265x176.jpg 265w, https:\/\/www.fuldaernachrichten.de\/wp-content\/uploads\/2011\/12\/111215_Koldertransport.jpg 592w\" sizes=\"(max-width: 265px) 100vw, 265px\" \/><\/a> <a href=\"http:\/\/www.fuldaer-nachrichten.de\/wp-content\/uploads\/2011\/12\/111215_Kindernestchen.jpg\"><img loading=\"lazy\" decoding=\"async\" class=\"alignnone size-thumbnail wp-image-93801\" title=\"111215_Kindernestchen\" src=\"http:\/\/www.fuldaer-nachrichten.de\/wp-content\/uploads\/2011\/12\/111215_Kindernestchen-265x176.jpg\" alt=\"\" width=\"265\" height=\"176\" srcset=\"https:\/\/www.fuldaernachrichten.de\/wp-content\/uploads\/2011\/12\/111215_Kindernestchen-265x176.jpg 265w, https:\/\/www.fuldaernachrichten.de\/wp-content\/uploads\/2011\/12\/111215_Kindernestchen.jpg 592w\" sizes=\"(max-width: 265px) 100vw, 265px\" \/><\/a><\/p>\n<p>Da ist die sch\u00fcchterne Florentina, letztes Jahr hat sie mich nicht mal angeschaut, als ich ihr das P\u00e4ckchen \u00fcberreicht habe, geschweige denn, dass sie sich fotografieren lie\u00df. Dar\u00fcber haben wir uns diesmal nur am\u00fcsiert und dann ein Foto f\u00fcr die Paten gemacht. Ansonsten ist die Stimmung super: wir haben tolle Unterst\u00fctzung von unserem rum\u00e4nischen Team und es herrscht ein geradezu biblisches Sprachengewirr aus Rum\u00e4nisch, Ungarisch, Englisch, Deutsch und Fliedner Platt. Ab morgen werden Weihnachtsp\u00e4ckchen an Balans Schulkinder verteilt, dann kommt so richtig Stimmung und Freude auf! Tagebuch Forsetzung folgt.<\/p>\n<p>Internet: <a href=\"http:\/\/www.daskunterbuntekinderzelt.de\" target=\"_blank\">www.daskunterbuntekinderzelt.de<\/a><\/p>\n","protected":false},"excerpt":{"rendered":"<div class=\"tmnf_excerpt\"><p>Fulda. Unglaublich ereignisreiche Wochen liegen hinter dem gesamten Kinderzelt-Team und nat\u00fcrlich besonders f\u00fcr Bernd Druschel. Die kleine Maria ist uns allen ans Herz gewachsen und wir haben gro\u00dfe Hoffnung, dass wir ein Happy End erleben d\u00fcrfen. Doch nun sind wir wohlbehalten in Sandominic\/ Rum\u00e4nien angekommen. Wir, das sind: Bernd Druschel, Cleo, Laszlo (einer unserer rum\u00e4nischen &hellip;<\/p>\n<\/div>","protected":false},"author":1,"featured_media":0,"comment_status":"closed","ping_status":"closed","sticky":false,"template":"","format":"standard","meta":{"footnotes":""},"categories":[1],"tags":[],"class_list":["post-93794","post","type-post","status-publish","format-standard","hentry","category-startseite"],"_links":{"self":[{"href":"https:\/\/www.fuldaernachrichten.de\/index.php?rest_route=\/wp\/v2\/posts\/93794","targetHints":{"allow":["GET"]}}],"collection":[{"href":"https:\/\/www.fuldaernachrichten.de\/index.php?rest_route=\/wp\/v2\/posts"}],"about":[{"href":"https:\/\/www.fuldaernachrichten.de\/index.php?rest_route=\/wp\/v2\/types\/post"}],"author":[{"embeddable":true,"href":"https:\/\/www.fuldaernachrichten.de\/index.php?rest_route=\/wp\/v2\/users\/1"}],"replies":[{"embeddable":true,"href":"https:\/\/www.fuldaernachrichten.de\/index.php?rest_route=%2Fwp%2Fv2%2Fcomments&post=93794"}],"version-history":[{"count":0,"href":"https:\/\/www.fuldaernachrichten.de\/index.php?rest_route=\/wp\/v2\/posts\/93794\/revisions"}],"wp:attachment":[{"href":"https:\/\/www.fuldaernachrichten.de\/index.php?rest_route=%2Fwp%2Fv2%2Fmedia&parent=93794"}],"wp:term":[{"taxonomy":"category","embeddable":true,"href":"https:\/\/www.fuldaernachrichten.de\/index.php?rest_route=%2Fwp%2Fv2%2Fcategories&post=93794"},{"taxonomy":"post_tag","embeddable":true,"href":"https:\/\/www.fuldaernachrichten.de\/index.php?rest_route=%2Fwp%2Fv2%2Ftags&post=93794"}],"curies":[{"name":"wp","href":"https:\/\/api.w.org\/{rel}","templated":true}]}}