{"id":93792,"date":"2011-12-16T08:33:26","date_gmt":"2011-12-16T08:33:26","guid":{"rendered":"http:\/\/www.fuldaer-nachrichten.de\/?p=93792"},"modified":"2011-12-16T08:33:26","modified_gmt":"2011-12-16T08:33:26","slug":"praktikumsplatze-fur-fos-schuler-arbeitsagentur-bietet-schulerinnen-und-schulern-ein-praktikum-an","status":"publish","type":"post","link":"https:\/\/www.fuldaernachrichten.de\/?p=93792","title":{"rendered":"Praktikumspl\u00e4tze f\u00fcr FOS-Sch\u00fcler Arbeitsagentur bietet Sch\u00fclerinnen und Sch\u00fclern ein Praktikum an"},"content":{"rendered":"<p><strong><a href=\"http:\/\/www.fuldaer-nachrichten.de\/wp-content\/uploads\/2011\/12\/111215_Praktikantin.jpg\"><img decoding=\"async\" class=\"alignleft size-thumbnail wp-image-93793\" title=\"111215_Praktikantin\" src=\"http:\/\/www.fuldaer-nachrichten.de\/wp-content\/uploads\/2011\/12\/111215_Praktikantin-265x176.jpg\" alt=\"\" width=\"265\" height=\"176\" srcset=\"https:\/\/www.fuldaernachrichten.de\/wp-content\/uploads\/2011\/12\/111215_Praktikantin-265x176.jpg 265w, https:\/\/www.fuldaernachrichten.de\/wp-content\/uploads\/2011\/12\/111215_Praktikantin.jpg 592w\" sizes=\"(max-width: 265px) 100vw, 265px\" \/><\/a>Bad Hersfeld. <\/strong>Die Agentur f\u00fcr Arbeit Bad Hersfeld bietet auch im kommenden Jahr wieder Praktikumspl\u00e4tze an, um jungen Menschen Einblicke in die Berufswelt zu erm\u00f6glichen. Das Praktikum richtet sich an alle Sch\u00fclerinnen und Sch\u00fcler der elften Klassen von Fachoberschulen (FOS). Je nach Neigung und Eignung durchlaufen die Praktikanten innerhalb eines Schuljahres zwei Bereiche der Agentur. Hier lernen sie Arbeitsabl\u00e4ufe und EDV-Systeme kennen, arbeiten sich in verschiedene Fachgebiete ein und k\u00f6nnen nach kurzer Zeit mit Begrifflichkeiten wie \u201eArbeitgeber-Tr\u00e4ger\u201c, \u201eGleichstellung\u201c, \u201eInsolvenzgeld\u201c oder \u201eKurzarbeit\u201c umgehen. F\u00fcr ihre Mithilfe erhalten die Sch\u00fcler eine Verg\u00fctung von der Arbeitsagentur. \u201eUnser Haus profitiert trotz des Qualifizierungsaufwandes von der Unterst\u00fctzung auf Zeit. <!--more--><\/p>\n<p>Die Praktikanten gehen w\u00e4hrend des Praktikums nur zweimal in der Woche zur Schule. An drei Tagen treten sie morgens zwischen 7 und 8 Uhr ihren Dienst in der Agentur an und haben zwischen 16 und 17 Uhr Feierabend\u201c, erkl\u00e4rt Gerhard Ruch, Leiter des operativen Bereichs in der Agentur f\u00fcr Arbeit Bad Hersfeld. Interessierte Sch\u00fcler sollten ihre Bewerbung um einen Praktikumsplatz bis zum 25. Januar per Post an unten stehende Kontaktdaten des Personalbereichs senden.<\/p>\n<p><strong>Kontakt<\/strong><\/p>\n<p>Agentur f\u00fcr Arbeit Kassel<br \/>\nInterner Service \u2013 Ausbildung \/ Fachkr\u00e4fte P\u00e4dagogik<br \/>\nGr\u00fcner Weg 46, 34117 Kassel<\/p>\n","protected":false},"excerpt":{"rendered":"<div class=\"tmnf_excerpt\"><p>Bad Hersfeld. Die Agentur f\u00fcr Arbeit Bad Hersfeld bietet auch im kommenden Jahr wieder Praktikumspl\u00e4tze an, um jungen Menschen Einblicke in die Berufswelt zu erm\u00f6glichen. Das Praktikum richtet sich an alle Sch\u00fclerinnen und Sch\u00fcler der elften Klassen von Fachoberschulen (FOS). Je nach Neigung und Eignung durchlaufen die Praktikanten innerhalb eines Schuljahres zwei Bereiche der Agentur. &hellip;<\/p>\n<\/div>","protected":false},"author":1,"featured_media":0,"comment_status":"closed","ping_status":"closed","sticky":false,"template":"","format":"standard","meta":{"footnotes":""},"categories":[1,53],"tags":[],"class_list":["post-93792","post","type-post","status-publish","format-standard","hentry","category-startseite","category-bildung"],"_links":{"self":[{"href":"https:\/\/www.fuldaernachrichten.de\/index.php?rest_route=\/wp\/v2\/posts\/93792","targetHints":{"allow":["GET"]}}],"collection":[{"href":"https:\/\/www.fuldaernachrichten.de\/index.php?rest_route=\/wp\/v2\/posts"}],"about":[{"href":"https:\/\/www.fuldaernachrichten.de\/index.php?rest_route=\/wp\/v2\/types\/post"}],"author":[{"embeddable":true,"href":"https:\/\/www.fuldaernachrichten.de\/index.php?rest_route=\/wp\/v2\/users\/1"}],"replies":[{"embeddable":true,"href":"https:\/\/www.fuldaernachrichten.de\/index.php?rest_route=%2Fwp%2Fv2%2Fcomments&post=93792"}],"version-history":[{"count":0,"href":"https:\/\/www.fuldaernachrichten.de\/index.php?rest_route=\/wp\/v2\/posts\/93792\/revisions"}],"wp:attachment":[{"href":"https:\/\/www.fuldaernachrichten.de\/index.php?rest_route=%2Fwp%2Fv2%2Fmedia&parent=93792"}],"wp:term":[{"taxonomy":"category","embeddable":true,"href":"https:\/\/www.fuldaernachrichten.de\/index.php?rest_route=%2Fwp%2Fv2%2Fcategories&post=93792"},{"taxonomy":"post_tag","embeddable":true,"href":"https:\/\/www.fuldaernachrichten.de\/index.php?rest_route=%2Fwp%2Fv2%2Ftags&post=93792"}],"curies":[{"name":"wp","href":"https:\/\/api.w.org\/{rel}","templated":true}]}}