{"id":93790,"date":"2011-12-16T08:33:57","date_gmt":"2011-12-16T08:33:57","guid":{"rendered":"http:\/\/www.fuldaer-nachrichten.de\/?p=93790"},"modified":"2011-12-16T08:33:57","modified_gmt":"2011-12-16T08:33:57","slug":"lob-fur-gelassenheit-humor-und-100-prozent-verlass","status":"publish","type":"post","link":"https:\/\/www.fuldaernachrichten.de\/?p=93790","title":{"rendered":"Lob f\u00fcr Gelassenheit, Humor und \u201e100 Prozent Verlass\u201c"},"content":{"rendered":"<p><strong><a href=\"http:\/\/www.fuldaer-nachrichten.de\/wp-content\/uploads\/2011\/12\/111215_Dienstjubilaeum.jpg\"><img fetchpriority=\"high\" decoding=\"async\" class=\"alignleft size-thumbnail wp-image-93791\" title=\"111215_Dienstjubilaeum\" src=\"http:\/\/www.fuldaer-nachrichten.de\/wp-content\/uploads\/2011\/12\/111215_Dienstjubilaeum-265x203.jpg\" alt=\"\" width=\"265\" height=\"203\" srcset=\"https:\/\/www.fuldaernachrichten.de\/wp-content\/uploads\/2011\/12\/111215_Dienstjubilaeum-265x203.jpg 265w, https:\/\/www.fuldaernachrichten.de\/wp-content\/uploads\/2011\/12\/111215_Dienstjubilaeum.jpg 592w\" sizes=\"(max-width: 265px) 100vw, 265px\" \/><\/a>Vogelsbergkreis. <\/strong>Amtsleiter Ewald Keil und Kollegin Silke Kraft beschrieben die Jubilarin als \u201eDer ruhende Pol\u201c mit einer gro\u00dfen Begabung, in der oft herrschenden Arbeitsdichte weder die \u00dcbersicht noch die Gelassenheit noch den Humor zu verlieren. 25 Jahre ist Gabriele Frank-Wilker im \u00f6ffentlichen Dienst. Landrat Rudolf Marx, Kreisbeigeordneter Hanns-Michael Diening, die stellvertretende Frauenbeauftragte, Renate Stiebing, Personalratsvorsitzender Ernst Heidelbach und die stellvertretende Personalchefin Christa Wiese gratulierten herzlich. Frau Frank-Wilker machte keinen Hehl daraus, wie gerne sie ihrer Arbeit im Amt f\u00fcr Geb\u00e4udemanagement der Kreisverwaltung nachgeht. <!--more--><\/p>\n<p>Gerne nehme sie positiven Einfluss aufs Arbeitsklima, denn: \u201eEin Tag ohne Lachen ist ein verlorener Tag.\u201c Die Jubilarin, die in Antrifttal-Ohmes wohnt, begann nach der Realschule und Mittlerer Reife 1975 ihre Ausbildung zur Verwaltungsangestellten beim Vogelsbergkreis und zwei Jahre sp\u00e4ter die Laufbahnpr\u00fcfung f\u00fcr den mittleren Dienst. Von 1984 bis 1994 machte sie im Hochbauamt \u201ePause\u201c, um sich ihren drei Kindern zu widmen. \u201eDas w\u00fcrde ich wieder so machen\u201c, sagte Frau Frank-Wilker.<\/p>\n","protected":false},"excerpt":{"rendered":"<div class=\"tmnf_excerpt\"><p>Vogelsbergkreis. Amtsleiter Ewald Keil und Kollegin Silke Kraft beschrieben die Jubilarin als \u201eDer ruhende Pol\u201c mit einer gro\u00dfen Begabung, in der oft herrschenden Arbeitsdichte weder die \u00dcbersicht noch die Gelassenheit noch den Humor zu verlieren. 25 Jahre ist Gabriele Frank-Wilker im \u00f6ffentlichen Dienst. Landrat Rudolf Marx, Kreisbeigeordneter Hanns-Michael Diening, die stellvertretende Frauenbeauftragte, Renate Stiebing, Personalratsvorsitzender &hellip;<\/p>\n<\/div>","protected":false},"author":1,"featured_media":0,"comment_status":"closed","ping_status":"closed","sticky":false,"template":"","format":"standard","meta":{"footnotes":""},"categories":[1],"tags":[],"class_list":["post-93790","post","type-post","status-publish","format-standard","hentry","category-startseite"],"_links":{"self":[{"href":"https:\/\/www.fuldaernachrichten.de\/index.php?rest_route=\/wp\/v2\/posts\/93790","targetHints":{"allow":["GET"]}}],"collection":[{"href":"https:\/\/www.fuldaernachrichten.de\/index.php?rest_route=\/wp\/v2\/posts"}],"about":[{"href":"https:\/\/www.fuldaernachrichten.de\/index.php?rest_route=\/wp\/v2\/types\/post"}],"author":[{"embeddable":true,"href":"https:\/\/www.fuldaernachrichten.de\/index.php?rest_route=\/wp\/v2\/users\/1"}],"replies":[{"embeddable":true,"href":"https:\/\/www.fuldaernachrichten.de\/index.php?rest_route=%2Fwp%2Fv2%2Fcomments&post=93790"}],"version-history":[{"count":0,"href":"https:\/\/www.fuldaernachrichten.de\/index.php?rest_route=\/wp\/v2\/posts\/93790\/revisions"}],"wp:attachment":[{"href":"https:\/\/www.fuldaernachrichten.de\/index.php?rest_route=%2Fwp%2Fv2%2Fmedia&parent=93790"}],"wp:term":[{"taxonomy":"category","embeddable":true,"href":"https:\/\/www.fuldaernachrichten.de\/index.php?rest_route=%2Fwp%2Fv2%2Fcategories&post=93790"},{"taxonomy":"post_tag","embeddable":true,"href":"https:\/\/www.fuldaernachrichten.de\/index.php?rest_route=%2Fwp%2Fv2%2Ftags&post=93790"}],"curies":[{"name":"wp","href":"https:\/\/api.w.org\/{rel}","templated":true}]}}