{"id":93632,"date":"2011-12-09T00:10:11","date_gmt":"2011-12-09T00:10:11","guid":{"rendered":"http:\/\/www.fuldaer-nachrichten.de\/?p=93632"},"modified":"2011-12-09T14:16:46","modified_gmt":"2011-12-09T14:16:46","slug":"organpaten-werden-bundeszentrale-fur-gesundheitliche-aufklarung-zu-gast-in-fulda","status":"publish","type":"post","link":"https:\/\/www.fuldaernachrichten.de\/?p=93632","title":{"rendered":"\u201eORGANPATEN werden\u201c \u2013 Bundeszentrale f\u00fcr gesundheitliche Aufkl\u00e4rung zu Gast in Fulda"},"content":{"rendered":"<p><a href=\"http:\/\/www.fuldaer-nachrichten.de\/wp-content\/uploads\/2011\/12\/111209_Pate_0251.jpg\"><img fetchpriority=\"high\" decoding=\"async\" class=\"alignnone size-full wp-image-93633\" title=\"111209_Pate_025\" src=\"http:\/\/www.fuldaer-nachrichten.de\/wp-content\/uploads\/2011\/12\/111209_Pate_0251.jpg\" alt=\"\" width=\"560\" height=\"429\" \/><\/a><strong>Fulda. <\/strong>\u201eORGANPATEN werden\u201c \u2013 Informationstour der Bundeszentrale f\u00fcr gesundheitliche Aufkl\u00e4rung zu Gast in Fulda Deutschlandweite Tour informiert Bev\u00f6lkerung zum Thema Organspende. Die Bundeszentrale f\u00fcr gesundheitliche Aufkl\u00e4rung (BZgA) ist mit ihrer deutschlandweiten Informationstour \u201eORGANPATEN werden\u201c vom 09. bis 11. Dezember 2011 im Klinikum Fulda zu Gast. Die Tour ist das zentrale Element der gleichnamigen BZgA-Kampagne zur Organ- und Gewebespende. Ziel ist es, die Menschen umfassend \u00fcber das Thema zu informieren und sie als \u201eOrganpaten\u201c zu gewinnen \u2013 d.h. sie dazu anzuregen, sich mit dem Thema auseinanderzusetzen, einen Organspendeausweis auszuf\u00fcllen und bei sich zu tragen.<\/p>\n<p><strong>Fotos (36):<\/strong> Marzena Traber<!--more--><\/p>\n<p><a title=\"Foto: Marzena Traber\" href=\"http:\/\/www.fuldaer-nachrichten.de\/wp-content\/uploads\/2011\/12\/111209_Pate_013.jpg\" rel=\"lightbox[roadtrip]\" target=\"_blank\"><img decoding=\"async\" src=\"http:\/\/www.fuldaer-nachrichten.de\/wp-content\/uploads\/2011\/12\/111209_Pate_013.thumbnail.jpg\" alt=\"111209_Pate_013.jpg\" width=\"265\" \/><\/a> <a title=\"Foto: Marzena Traber\" href=\"http:\/\/www.fuldaer-nachrichten.de\/wp-content\/uploads\/2011\/12\/111209_Pate_014.jpg\" rel=\"lightbox[roadtrip]\" target=\"_blank\"><img decoding=\"async\" src=\"http:\/\/www.fuldaer-nachrichten.de\/wp-content\/uploads\/2011\/12\/111209_Pate_014.thumbnail.jpg\" alt=\"111209_Pate_014.jpg\" width=\"265\" \/><\/a><\/p>\n<p>Wie aus einer aktuellen Studie der BZgA hervorgeht, w\u00e4ren drei Viertel der deutschen Bev\u00f6lkerung grunds\u00e4tzlich bereit, Organe und Gewebe zu spenden, doch nur 25 Prozent haben einen Organspendeausweis ausgef\u00fcllt. &#8220;Sp\u00e4testens wer selbst einmal Kontakt mit einem Patienten hat oder hatte, der auf ein dringend ben\u00f6tigtes Spenderorgan wartet, wei\u00df, wie wichtig die Organspende ist. Sie kann \u00fcberlebenswichtig sein. Oder in weniger existenziellen F\u00e4llen, Betroffenen wieder zu mehr Lebensqualit\u00e4t verhelfen.<\/p>\n<p><a title=\"Foto: Marzena Traber\" href=\"http:\/\/www.fuldaer-nachrichten.de\/wp-content\/uploads\/2011\/12\/111209_Pate_012.jpg\" rel=\"lightbox[roadtrip]\" target=\"_blank\"><img decoding=\"async\" src=\"http:\/\/www.fuldaer-nachrichten.de\/wp-content\/uploads\/2011\/12\/111209_Pate_012.thumbnail.jpg\" alt=\"111209_Pate_012.jpg\" width=\"265\" \/><\/a> <a title=\"Foto: Marzena Traber\" href=\"http:\/\/www.fuldaer-nachrichten.de\/wp-content\/uploads\/2011\/12\/111209_Pate_010.jpg\" rel=\"lightbox[roadtrip]\" target=\"_blank\"><img decoding=\"async\" src=\"http:\/\/www.fuldaer-nachrichten.de\/wp-content\/uploads\/2011\/12\/111209_Pate_010.thumbnail.jpg\" alt=\"111209_Pate_010.jpg\" width=\"265\" \/><\/a><\/p>\n<p>Deshalb bin ich froh und dankbar \u00fcber die Initiative der Bundeszentrale f\u00fcr gesundheitliche Aufkl\u00e4rung, die bundesweit mit ihrer Informationstour unterwegs ist und auch in Fulda Interessierte f\u00fcr eine gute Sache gewinnen will&#8221;, so Gerhard M\u00f6ller, Oberb\u00fcrgermeister der Stadt Fulda. \u201eIm Falle einer m\u00f6glichen Organspende m\u00fcssen die Angeh\u00f6rigen nach dem potentiellen Willen des Verstorbenen entscheiden, diese schwierige Situation kann man den Angeh\u00f6rigen ersparen, wenn die Entscheidung vorher getroffen und in einem Organspenderausweis dokumentiert ist\u201c, erl\u00e4utert Prof. Dr. Marion Haubitz, Direktorin der Medizinischen Klinik III im Klinikum Fulda.<\/p>\n<p>\u201eBislang ist nur rund die H\u00e4lfte der deutschen Bev\u00f6lkerung ausreichend \u00fcber das Thema Organspende informiert\u201c, sagt Prof. Dr. Elisabeth Pott, Direktorin der Bundeszentrale f\u00fcr gesundheitliche Aufkl\u00e4rung. \u201eDies zeigt, wie gro\u00df der Aufkl\u00e4rungsbedarf bei den Menschen in Deutschland ist. Mit unserer Informationstour setzen wir genau da an und gehen dorthin, wo sich viele B\u00fcrgerinnen und B\u00fcrger tagt\u00e4glich aufhalten. So erhalten sie die M\u00f6glichkeit, sich umfassend mit dem Thema zu besch\u00e4ftigen und auch ganz pers\u00f6nliche Fragen zu kl\u00e4ren. Das ist die beste Voraussetzung, um eine selbstbestimmte Entscheidung zur Organspende zu treffen und in einem Ausweis zu dokumentieren.\u201c<\/p>\n<p><a title=\"Foto: Marzena Traber\" href=\"http:\/\/www.fuldaer-nachrichten.de\/wp-content\/uploads\/2011\/12\/111209_Pate_036.jpg\" rel=\"lightbox[roadtrip]\" target=\"_blank\"><img decoding=\"async\" src=\"http:\/\/www.fuldaer-nachrichten.de\/wp-content\/uploads\/2011\/12\/111209_Pate_036.thumbnail.jpg\" alt=\"111209_Pate_036.jpg\" width=\"265\" \/><\/a> <a title=\"Foto: Marzena Traber\" href=\"http:\/\/www.fuldaer-nachrichten.de\/wp-content\/uploads\/2011\/12\/111209_Pate_017.jpg\" rel=\"lightbox[roadtrip]\" target=\"_blank\"><img decoding=\"async\" src=\"http:\/\/www.fuldaer-nachrichten.de\/wp-content\/uploads\/2011\/12\/111209_Pate_017.thumbnail.jpg\" alt=\"111209_Pate_017.jpg\" width=\"265\" \/><\/a><\/p>\n<p><a title=\"Foto: Marzena Traber\" href=\"http:\/\/www.fuldaer-nachrichten.de\/wp-content\/uploads\/2011\/12\/111209_Pate_020.jpg\" rel=\"lightbox[roadtrip]\" target=\"_blank\"><img decoding=\"async\" src=\"http:\/\/www.fuldaer-nachrichten.de\/wp-content\/uploads\/2011\/12\/111209_Pate_020.thumbnail.jpg\" alt=\"111209_Pate_020.jpg\" width=\"265\" \/><\/a> <a title=\"Foto: Marzena Traber\" href=\"http:\/\/www.fuldaer-nachrichten.de\/wp-content\/uploads\/2011\/12\/111209_Pate_026.jpg\" rel=\"lightbox[roadtrip]\" target=\"_blank\"><img decoding=\"async\" src=\"http:\/\/www.fuldaer-nachrichten.de\/wp-content\/uploads\/2011\/12\/111209_Pate_026.thumbnail.jpg\" alt=\"111209_Pate_026.jpg\" width=\"265\" \/><\/a><\/p>\n<p>Die Informationstour zieht durch ganz Deutschland und macht Station an belebten Orten, wie in Einkaufszentren gro\u00dfer St\u00e4dte, bei Gro\u00dfveranstaltungen sowie in Kliniken. Im Mittelpunkt stehen elektronische und mechanische Module, an denen sich die Besucherinnen und Besucher anschaulich \u00fcber das Thema Organspende informieren k\u00f6nnen. Interaktive Stelen zeigen beispielsweise den Ablauf einer Organtransplantation, an Multi Touch-Tischen erh\u00e4lt man zudem einen virtuellen Einblick in den K\u00f6rper und erf\u00e4hrt, welche Organe transplantiert werden d\u00fcrfen. Ein geschultes Team der BZgA und Vertreterinnen und Vertreter von Selbsthilfegruppen stehen dar\u00fcber hinaus f\u00fcr pers\u00f6nliche Fragen und Gespr\u00e4che zur Verf\u00fcgung. Neben der Informationstour h\u00e4lt das Internetportal der Kampagne http:\/\/<a href=\"http:\/\/www.organpaten.de\" target=\"_blank\">www.organpaten.de<\/a> eine F\u00fclle an Informationen zum Thema bereit und bietet allen Interessierten die M\u00f6glichkeit, sich als Organpate oder Organpatin mit einem Statement einzutragen.<\/p>\n<p>Auch der Organspendeausweis steht dort zum Download zur Verf\u00fcgung. Ergebnisse der BZgA-Studie \u201eWissen, Einstellung und Verhalten der Allgemeinbev\u00f6lkerung zur Organspende 2010\u201c unter <a href=\"http:\/\/www.bzga.de\" target=\"_blank\">www.bzga.de<\/a><\/p>\n<p><a title=\"Foto: Marzena Traber\" href=\"http:\/\/www.fuldaer-nachrichten.de\/wp-content\/uploads\/2011\/12\/111209_Pate_005.jpg\" rel=\"lightbox[roadtrip]\" target=\"_blank\"><img decoding=\"async\" src=\"http:\/\/www.fuldaer-nachrichten.de\/wp-content\/uploads\/2011\/12\/111209_Pate_005.thumbnail.jpg\" alt=\"111209_Pate_005.jpg\" width=\"265\" height=\"406\" \/><\/a> <a title=\"Foto: Marzena Traber\" href=\"http:\/\/www.fuldaer-nachrichten.de\/wp-content\/uploads\/2011\/12\/111209_Pate_006.jpg\" rel=\"lightbox[roadtrip]\" target=\"_blank\"><img decoding=\"async\" src=\"http:\/\/www.fuldaer-nachrichten.de\/wp-content\/uploads\/2011\/12\/111209_Pate_006.thumbnail.jpg\" alt=\"111209_Pate_006.jpg\" width=\"265\" height=\"405\" \/><\/a><\/p>\n<p><a title=\"Foto: Marzena Traber\" href=\"http:\/\/www.fuldaer-nachrichten.de\/wp-content\/uploads\/2011\/12\/111209_Pate_011.jpg\" rel=\"lightbox[roadtrip]\" target=\"_blank\"><img decoding=\"async\" src=\"http:\/\/www.fuldaer-nachrichten.de\/wp-content\/uploads\/2011\/12\/111209_Pate_011.thumbnail.jpg\" alt=\"111209_Pate_011.jpg\" width=\"265\" \/><\/a> <a title=\"Foto: Marzena Traber\" href=\"http:\/\/www.fuldaer-nachrichten.de\/wp-content\/uploads\/2011\/12\/111209_Pate_009.jpg\" rel=\"lightbox[roadtrip]\" target=\"_blank\"><img decoding=\"async\" src=\"http:\/\/www.fuldaer-nachrichten.de\/wp-content\/uploads\/2011\/12\/111209_Pate_009.thumbnail.jpg\" alt=\"111209_Pate_009.jpg\" width=\"265\" \/><\/a><\/p>\n<p><a title=\"Foto: Marzena Traber\" href=\"http:\/\/www.fuldaer-nachrichten.de\/wp-content\/uploads\/2011\/12\/111209_Pate_015.jpg\" rel=\"lightbox[roadtrip]\" target=\"_blank\"><img decoding=\"async\" src=\"http:\/\/www.fuldaer-nachrichten.de\/wp-content\/uploads\/2011\/12\/111209_Pate_015.thumbnail.jpg\" alt=\"111209_Pate_015.jpg\" width=\"265\" \/><\/a> <a title=\"Foto: Marzena Traber\" href=\"http:\/\/www.fuldaer-nachrichten.de\/wp-content\/uploads\/2011\/12\/111209_Pate_016.jpg\" rel=\"lightbox[roadtrip]\" target=\"_blank\"><img decoding=\"async\" src=\"http:\/\/www.fuldaer-nachrichten.de\/wp-content\/uploads\/2011\/12\/111209_Pate_016.thumbnail.jpg\" alt=\"111209_Pate_016.jpg\" width=\"265\" \/><\/a><\/p>\n<p><a title=\"Foto: Marzena Traber\" href=\"http:\/\/www.fuldaer-nachrichten.de\/wp-content\/uploads\/2011\/12\/111209_Pate_004.jpg\" rel=\"lightbox[roadtrip]\" target=\"_blank\"><img loading=\"lazy\" decoding=\"async\" src=\"http:\/\/www.fuldaer-nachrichten.de\/wp-content\/uploads\/2011\/12\/111209_Pate_004.thumbnail.jpg\" alt=\"111209_Pate_004.jpg\" width=\"265\" height=\"406\" \/><\/a> <a title=\"Foto: Marzena Traber\" href=\"http:\/\/www.fuldaer-nachrichten.de\/wp-content\/uploads\/2011\/12\/111209_Pate_007.jpg\" rel=\"lightbox[roadtrip]\" target=\"_blank\"><img loading=\"lazy\" decoding=\"async\" src=\"http:\/\/www.fuldaer-nachrichten.de\/wp-content\/uploads\/2011\/12\/111209_Pate_007.thumbnail.jpg\" alt=\"111209_Pate_007.jpg\" width=\"265\" height=\"405\" \/><\/a><\/p>\n<p><a title=\"Foto: Marzena Traber\" href=\"http:\/\/www.fuldaer-nachrichten.de\/wp-content\/uploads\/2011\/12\/111209_Pate_024.jpg\" rel=\"lightbox[roadtrip]\" target=\"_blank\"><img decoding=\"async\" src=\"http:\/\/www.fuldaer-nachrichten.de\/wp-content\/uploads\/2011\/12\/111209_Pate_024.thumbnail.jpg\" alt=\"111209_Pate_024.jpg\" width=\"265\" \/><\/a> <a title=\"Foto: Marzena Traber\" href=\"http:\/\/www.fuldaer-nachrichten.de\/wp-content\/uploads\/2011\/12\/111209_Pate_018.jpg\" rel=\"lightbox[roadtrip]\" target=\"_blank\"><img decoding=\"async\" src=\"http:\/\/www.fuldaer-nachrichten.de\/wp-content\/uploads\/2011\/12\/111209_Pate_018.thumbnail.jpg\" alt=\"111209_Pate_018.jpg\" width=\"265\" \/><\/a><\/p>\n<p><a title=\"Foto: Marzena Traber\" href=\"http:\/\/www.fuldaer-nachrichten.de\/wp-content\/uploads\/2011\/12\/111209_Pate_031.jpg\" rel=\"lightbox[roadtrip]\" target=\"_blank\"><img decoding=\"async\" src=\"http:\/\/www.fuldaer-nachrichten.de\/wp-content\/uploads\/2011\/12\/111209_Pate_031.thumbnail.jpg\" alt=\"111209_Pate_031.jpg\" width=\"265\" \/><\/a> <a title=\"Foto: Marzena Traber\" href=\"http:\/\/www.fuldaer-nachrichten.de\/wp-content\/uploads\/2011\/12\/111209_Pate_037.jpg\" rel=\"lightbox[roadtrip]\" target=\"_blank\"><img decoding=\"async\" src=\"http:\/\/www.fuldaer-nachrichten.de\/wp-content\/uploads\/2011\/12\/111209_Pate_037.thumbnail.jpg\" alt=\"111209_Pate_037.jpg\" width=\"265\" \/><\/a><\/p>\n<p><a title=\"Foto: Marzena Traber\" href=\"http:\/\/www.fuldaer-nachrichten.de\/wp-content\/uploads\/2011\/12\/111209_Pate_008.jpg\" rel=\"lightbox[roadtrip]\" target=\"_blank\"><img loading=\"lazy\" decoding=\"async\" src=\"http:\/\/www.fuldaer-nachrichten.de\/wp-content\/uploads\/2011\/12\/111209_Pate_008.thumbnail.jpg\" alt=\"111209_Pate_008.jpg\" width=\"265\" height=\"429\" \/><\/a> <a title=\"Foto: Marzena Traber\" href=\"http:\/\/www.fuldaer-nachrichten.de\/wp-content\/uploads\/2011\/12\/111209_Pate_003.jpg\" rel=\"lightbox[roadtrip]\" target=\"_blank\"><img loading=\"lazy\" decoding=\"async\" src=\"http:\/\/www.fuldaer-nachrichten.de\/wp-content\/uploads\/2011\/12\/111209_Pate_003.thumbnail.jpg\" alt=\"111209_Pate_003.jpg\" width=\"265\" height=\"429\" \/><\/a><\/p>\n<p><a title=\"Foto: Marzena Traber\" href=\"http:\/\/www.fuldaer-nachrichten.de\/wp-content\/uploads\/2011\/12\/111209_Pate_021.jpg\" rel=\"lightbox[roadtrip]\" target=\"_blank\"><img loading=\"lazy\" decoding=\"async\" src=\"http:\/\/www.fuldaer-nachrichten.de\/wp-content\/uploads\/2011\/12\/111209_Pate_021.thumbnail.jpg\" alt=\"111209_Pate_021.jpg\" width=\"265\" height=\"164\" \/><\/a>\u00c2\u00a0<a title=\"Foto: Marzena Traber\" href=\"http:\/\/www.fuldaer-nachrichten.de\/wp-content\/uploads\/2011\/12\/111209_Pate_019.jpg\" rel=\"lightbox[roadtrip]\" target=\"_blank\"><img loading=\"lazy\" decoding=\"async\" src=\"http:\/\/www.fuldaer-nachrichten.de\/wp-content\/uploads\/2011\/12\/111209_Pate_019.thumbnail.jpg\" alt=\"111209_Pate_019.jpg\" width=\"265\" height=\"165\" \/><\/a><\/p>\n<p><a title=\"Foto: Marzena Traber\" href=\"http:\/\/www.fuldaer-nachrichten.de\/wp-content\/uploads\/2011\/12\/111209_Pate_001.jpg\" rel=\"lightbox[roadtrip]\" target=\"_blank\"><img decoding=\"async\" src=\"http:\/\/www.fuldaer-nachrichten.de\/wp-content\/uploads\/2011\/12\/111209_Pate_001.thumbnail.jpg\" alt=\"111209_Pate_001.jpg\" width=\"265\" \/><\/a> <a title=\"Foto: Marzena Traber\" href=\"http:\/\/www.fuldaer-nachrichten.de\/wp-content\/uploads\/2011\/12\/111209_Pate_002.jpg\" rel=\"lightbox[roadtrip]\" target=\"_blank\"><img decoding=\"async\" src=\"http:\/\/www.fuldaer-nachrichten.de\/wp-content\/uploads\/2011\/12\/111209_Pate_002.thumbnail.jpg\" alt=\"111209_Pate_002.jpg\" width=\"265\" \/><\/a><\/p>\n<p><a title=\"Foto: Marzena Traber\" href=\"http:\/\/www.fuldaer-nachrichten.de\/wp-content\/uploads\/2011\/12\/111209_Pate_029.jpg\" rel=\"lightbox[roadtrip]\" target=\"_blank\"><img decoding=\"async\" src=\"http:\/\/www.fuldaer-nachrichten.de\/wp-content\/uploads\/2011\/12\/111209_Pate_029.thumbnail.jpg\" alt=\"111209_Pate_029.jpg\" width=\"265\" \/><\/a> <a title=\"Foto: Marzena Traber\" href=\"http:\/\/www.fuldaer-nachrichten.de\/wp-content\/uploads\/2011\/12\/111209_Pate_030.jpg\" rel=\"lightbox[roadtrip]\" target=\"_blank\"><img decoding=\"async\" src=\"http:\/\/www.fuldaer-nachrichten.de\/wp-content\/uploads\/2011\/12\/111209_Pate_030.thumbnail.jpg\" alt=\"111209_Pate_030.jpg\" width=\"265\" \/><\/a><\/p>\n<p><a title=\"Foto: Marzena Traber\" href=\"http:\/\/www.fuldaer-nachrichten.de\/wp-content\/uploads\/2011\/12\/111209_Pate_023.jpg\" rel=\"lightbox[roadtrip]\" target=\"_blank\"><img loading=\"lazy\" decoding=\"async\" src=\"http:\/\/www.fuldaer-nachrichten.de\/wp-content\/uploads\/2011\/12\/111209_Pate_023.thumbnail.jpg\" alt=\"111209_Pate_023.jpg\" width=\"265\" height=\"181\" \/><\/a>\u00c2\u00a0<a title=\"Foto: Marzena Traber\" href=\"http:\/\/www.fuldaer-nachrichten.de\/wp-content\/uploads\/2011\/12\/111209_Pate_028.jpg\" rel=\"lightbox[roadtrip]\" target=\"_blank\"><img decoding=\"async\" src=\"http:\/\/www.fuldaer-nachrichten.de\/wp-content\/uploads\/2011\/12\/111209_Pate_028.thumbnail.jpg\" alt=\"111209_Pate_028.jpg\" width=\"265\" \/><\/a><\/p>\n<p><a title=\"Foto: Marzena Traber\" href=\"http:\/\/www.fuldaer-nachrichten.de\/wp-content\/uploads\/2011\/12\/111209_Pate_034.jpg\" rel=\"lightbox[roadtrip]\" target=\"_blank\"><img decoding=\"async\" src=\"http:\/\/www.fuldaer-nachrichten.de\/wp-content\/uploads\/2011\/12\/111209_Pate_034.thumbnail.jpg\" alt=\"111209_Pate_034.jpg\" width=\"265\" \/><\/a> <a title=\"Foto: Marzena Traber\" href=\"http:\/\/www.fuldaer-nachrichten.de\/wp-content\/uploads\/2011\/12\/111209_Pate_033.jpg\" rel=\"lightbox[roadtrip]\" target=\"_blank\"><img decoding=\"async\" src=\"http:\/\/www.fuldaer-nachrichten.de\/wp-content\/uploads\/2011\/12\/111209_Pate_033.thumbnail.jpg\" alt=\"111209_Pate_033.jpg\" width=\"265\" \/><\/a><\/p>\n<p><a title=\"Foto: Marzena Traber\" href=\"http:\/\/www.fuldaer-nachrichten.de\/wp-content\/uploads\/2011\/12\/111209_Pate_035.jpg\" rel=\"lightbox[roadtrip]\" target=\"_blank\"><img decoding=\"async\" src=\"http:\/\/www.fuldaer-nachrichten.de\/wp-content\/uploads\/2011\/12\/111209_Pate_035.thumbnail.jpg\" alt=\"111209_Pate_035.jpg\" width=\"265\" \/><\/a>\u00c2\u00a0<a title=\"Foto: Marzena Traber\" href=\"http:\/\/www.fuldaer-nachrichten.de\/wp-content\/uploads\/2011\/12\/111209_Pate_022.jpg\" rel=\"lightbox[roadtrip]\" target=\"_blank\"><img loading=\"lazy\" decoding=\"async\" src=\"http:\/\/www.fuldaer-nachrichten.de\/wp-content\/uploads\/2011\/12\/111209_Pate_022.thumbnail.jpg\" alt=\"111209_Pate_022.jpg\" width=\"265\" height=\"175\" \/><\/a><\/p>\n<p><a title=\"Foto: Marzena Traber\" href=\"http:\/\/www.fuldaer-nachrichten.de\/wp-content\/uploads\/2011\/12\/111209_Pate_032.jpg\" rel=\"lightbox[roadtrip]\" target=\"_blank\"><img decoding=\"async\" src=\"http:\/\/www.fuldaer-nachrichten.de\/wp-content\/uploads\/2011\/12\/111209_Pate_032.thumbnail.jpg\" alt=\"111209_Pate_032.jpg\" width=\"265\" \/><\/a><\/p>\n","protected":false},"excerpt":{"rendered":"<div class=\"tmnf_excerpt\"><p>Fulda. \u201eORGANPATEN werden\u201c \u2013 Informationstour der Bundeszentrale f\u00fcr gesundheitliche Aufkl\u00e4rung zu Gast in Fulda Deutschlandweite Tour informiert Bev\u00f6lkerung zum Thema Organspende. Die Bundeszentrale f\u00fcr gesundheitliche Aufkl\u00e4rung (BZgA) ist mit ihrer deutschlandweiten Informationstour \u201eORGANPATEN werden\u201c vom 09. bis 11. Dezember 2011 im Klinikum Fulda zu Gast. Die Tour ist das zentrale Element der gleichnamigen BZgA-Kampagne zur &hellip;<\/p>\n<\/div>","protected":false},"author":1,"featured_media":0,"comment_status":"closed","ping_status":"closed","sticky":false,"template":"","format":"standard","meta":{"footnotes":""},"categories":[1,54,51,78],"tags":[],"class_list":["post-93632","post","type-post","status-publish","format-standard","hentry","category-startseite","category-bildergalerien","category-medizin","category-topthema"],"_links":{"self":[{"href":"https:\/\/www.fuldaernachrichten.de\/index.php?rest_route=\/wp\/v2\/posts\/93632","targetHints":{"allow":["GET"]}}],"collection":[{"href":"https:\/\/www.fuldaernachrichten.de\/index.php?rest_route=\/wp\/v2\/posts"}],"about":[{"href":"https:\/\/www.fuldaernachrichten.de\/index.php?rest_route=\/wp\/v2\/types\/post"}],"author":[{"embeddable":true,"href":"https:\/\/www.fuldaernachrichten.de\/index.php?rest_route=\/wp\/v2\/users\/1"}],"replies":[{"embeddable":true,"href":"https:\/\/www.fuldaernachrichten.de\/index.php?rest_route=%2Fwp%2Fv2%2Fcomments&post=93632"}],"version-history":[{"count":0,"href":"https:\/\/www.fuldaernachrichten.de\/index.php?rest_route=\/wp\/v2\/posts\/93632\/revisions"}],"wp:attachment":[{"href":"https:\/\/www.fuldaernachrichten.de\/index.php?rest_route=%2Fwp%2Fv2%2Fmedia&parent=93632"}],"wp:term":[{"taxonomy":"category","embeddable":true,"href":"https:\/\/www.fuldaernachrichten.de\/index.php?rest_route=%2Fwp%2Fv2%2Fcategories&post=93632"},{"taxonomy":"post_tag","embeddable":true,"href":"https:\/\/www.fuldaernachrichten.de\/index.php?rest_route=%2Fwp%2Fv2%2Ftags&post=93632"}],"curies":[{"name":"wp","href":"https:\/\/api.w.org\/{rel}","templated":true}]}}