{"id":9331,"date":"2008-05-15T00:29:59","date_gmt":"2008-05-14T22:29:59","guid":{"rendered":"http:\/\/www.schoene-nachrichten.de\/?p=9331"},"modified":"2008-05-15T00:09:53","modified_gmt":"2008-05-14T22:09:53","slug":"fuldaer-abend-der-hochschule-liegt-die-zukunft-des-sozialstaates-in-europa","status":"publish","type":"post","link":"https:\/\/www.fuldaernachrichten.de\/?p=9331","title":{"rendered":"Fuldaer Abend der Hochschule: Liegt die Zukunft des Sozialstaates in Europa?"},"content":{"rendered":"<p><a rel=\"lightbox[roadtrip]\" href=\"http:\/\/www.schoene-nachrichten.de\/wp-content\/uploads\/2008\/05\/080514_hochschule_2.jpg\" target=\"_blank\"><img decoding=\"async\" class=\"alignleft size-thumbnail wp-image-9337\" title=\"080514_hochschule_2\" src=\"http:\/\/www.schoene-nachrichten.de\/wp-content\/uploads\/2008\/05\/080514_hochschule_2-128x85.jpg\" alt=\"\" hspace=\"5\" width=\"128\" height=\"85\" align=\"left\" \/><\/a><strong>Fulda.<\/strong> Deutsche Firmen verlagern ihre Produktion ins osteurop\u00e4ische Ausland; mit der Osterweiterung der Europ\u00e4ischen Union werden oft mehr Bedenken als Hoffnungen verbunden; es entsteht Angst vor der Zuwanderung billiger Arbeitskr\u00e4fte. Mit Blick auf solche Entwicklungen auf europ\u00e4ischer Ebene oder auch die Diskussion um das vielleicht nahende Ende der sozialen Sicherungssysteme in Deutschland, betreffen solche \u00dcberlegungen viele Menschen ganz pers\u00f6nlich.  <!--more--><\/p>\n<p>\u201eWo ist das soziale Europa?\u201c, fragte deshalb auch Prof. Eichenhofer zu Beginn seines Gastvortrages an der Hochschule Fulda in der letzten Woche. Er war im Rahmen der Vortragsreihe \u201eFuldaer Abende\u201c, angereist, die vom Fachbereich Sozial- und Kulturwissenschaften organisiert wird.<\/p>\n<p>In der Folge legte der in Jena t\u00e4tige Eichenhofer, der auch Vorsitzender der deutschen Sektion des \u201eEuropean Institute for Social Security\u201c mit viel Enthusiasmus dar, warum in seinen Augen nur ein Europa mit sozialpolitischen Zust\u00e4ndigkeiten zukunftsf\u00e4hig ist.<\/p>\n<p>\u201eEurope for all, or nothing at all\u201c \u2013 In der Europ\u00e4ischen Gemeinschaft sei von Anfang an diskutiert worden, wie die europ\u00e4ische Integration aussehen sollte: \u201eSoll Sozialpolitik eine Rolle spielen?\u201c Nach zaghafter Integration sozialpolitischer Aspekte in den Europ\u00e4ischen Wirtschaftsvertrag von 1955 \u2013 die Mitgliedstaaten sollten erreichte Standards in der Gleichstellungspolitik beibehalten und keine Feiertage abschaffen \u2013 habe die Errichtung des Binnenmarktes Mitte der 90er Jahre Europa \u201eeinen neuen Push\u201c gegeben, so Eichenhofer.<\/p>\n<p>Der neue \u201esoziale Dialog\u201c habe mit Fokus auf Arbeitsschutz sozialpolitische Aspekte in den Mittelpunkt ger\u00fcckt. In der Darstellung der erreichten europ\u00e4ischen Standards in Sachen sozialer Sicherung \u2013 von der Anrechnung von Arbeitsjahren im europ\u00e4ischen Ausland auf die Rente bis hin zur Antidiskriminierungsrichtlinie \u2013 machte Eichenhofer deutlich: \u201eEuropa hat sozialpolitische Zust\u00e4ndigkeiten\u201c, und muss sie haben. Heute gebe es mit der \u201eOffenen Methode der Koordinierung\u201c einen regen Austausch sozialpolitischer Erfahrungen zwischen den L\u00e4ndern der Union \u2013 Beispiel eines Resultats solchen Austausches sei z.B. die deutsche Agenda 2010.<\/p>\n<p>Trotz der sozialpolitischen europ\u00e4ischen Entwicklungen betonte er weiter: Ein Markt, auch der europ\u00e4ische Binnenmarkt, sei \u201eniemals sozial\u201c. Sozial werde er erst durch politische Rahmensetzung und Regulierung &#8211; Und die habe in der Zukunft Herausforderungen zu bew\u00e4ltigen, m\u00fcsse sich anpassen und neue Strukturen f\u00f6rdern: \u201eWir k\u00f6nnen den Sozialstaat nur retten, wenn wir ihn umstellen auf eine postindustrielle Gesellschaft\u201c, forderte Eichenhofer. Geschehen m\u00fcsse dies auf europ\u00e4ischer Ebene: Denn nur so w\u00fcrde Europa seiner sozialpolitischen Verantwortung gerecht, und erarbeitete Standards k\u00f6nnten erhalten bleiben.<\/p>\n","protected":false},"excerpt":{"rendered":"<div class=\"tmnf_excerpt\"><p>Fulda. Deutsche Firmen verlagern ihre Produktion ins osteurop\u00e4ische Ausland; mit der Osterweiterung der Europ\u00e4ischen Union werden oft mehr Bedenken als Hoffnungen verbunden; es entsteht Angst vor der Zuwanderung billiger Arbeitskr\u00e4fte. Mit Blick auf solche Entwicklungen auf europ\u00e4ischer Ebene oder auch die Diskussion um das vielleicht nahende Ende der sozialen Sicherungssysteme in Deutschland, betreffen solche \u00dcberlegungen &hellip;<\/p>\n<\/div>","protected":false},"author":1,"featured_media":0,"comment_status":"closed","ping_status":"closed","sticky":false,"template":"","format":"standard","meta":{"footnotes":""},"categories":[1,53,44,29,48],"tags":[],"class_list":["post-9331","post","type-post","status-publish","format-standard","hentry","category-startseite","category-bildung","category-kultur","category-politik","category-forschung"],"_links":{"self":[{"href":"https:\/\/www.fuldaernachrichten.de\/index.php?rest_route=\/wp\/v2\/posts\/9331","targetHints":{"allow":["GET"]}}],"collection":[{"href":"https:\/\/www.fuldaernachrichten.de\/index.php?rest_route=\/wp\/v2\/posts"}],"about":[{"href":"https:\/\/www.fuldaernachrichten.de\/index.php?rest_route=\/wp\/v2\/types\/post"}],"author":[{"embeddable":true,"href":"https:\/\/www.fuldaernachrichten.de\/index.php?rest_route=\/wp\/v2\/users\/1"}],"replies":[{"embeddable":true,"href":"https:\/\/www.fuldaernachrichten.de\/index.php?rest_route=%2Fwp%2Fv2%2Fcomments&post=9331"}],"version-history":[{"count":0,"href":"https:\/\/www.fuldaernachrichten.de\/index.php?rest_route=\/wp\/v2\/posts\/9331\/revisions"}],"wp:attachment":[{"href":"https:\/\/www.fuldaernachrichten.de\/index.php?rest_route=%2Fwp%2Fv2%2Fmedia&parent=9331"}],"wp:term":[{"taxonomy":"category","embeddable":true,"href":"https:\/\/www.fuldaernachrichten.de\/index.php?rest_route=%2Fwp%2Fv2%2Fcategories&post=9331"},{"taxonomy":"post_tag","embeddable":true,"href":"https:\/\/www.fuldaernachrichten.de\/index.php?rest_route=%2Fwp%2Fv2%2Ftags&post=9331"}],"curies":[{"name":"wp","href":"https:\/\/api.w.org\/{rel}","templated":true}]}}