{"id":9327,"date":"2008-05-15T00:13:23","date_gmt":"2008-05-14T22:13:23","guid":{"rendered":"http:\/\/www.schoene-nachrichten.de\/?p=9327"},"modified":"2008-05-15T00:13:23","modified_gmt":"2008-05-14T22:13:23","slug":"erste-gemeindliche-photovoltaikanlage-in-burghaun-in-betrieb-genommen","status":"publish","type":"post","link":"https:\/\/www.fuldaernachrichten.de\/?p=9327","title":{"rendered":"Erste Gemeindliche Photovoltaikanlage in Burghaun in Betrieb genommen"},"content":{"rendered":"<p><a rel=\"lightbox[roadtrip]\" href=\"http:\/\/www.schoene-nachrichten.de\/wp-content\/uploads\/2008\/05\/photovoltaikanlage-001.jpg\" target=\"_blank\"><img decoding=\"async\" class=\"alignleft size-thumbnail wp-image-9339\" title=\"photovoltaikanlage-001\" src=\"http:\/\/www.schoene-nachrichten.de\/wp-content\/uploads\/2008\/05\/photovoltaikanlage-001-128x85.jpg\" alt=\"\" hspace=\"5\" width=\"128\" height=\"85\" align=\"left\" \/><\/a><strong>Burghaun. <\/strong>\u201eIch bin froh, dass sich zu diesem Anlass das Wetter von seiner besten Seite zeigt und wir bei herrlichem Sonnenschein die erste Photovoltaikanlage auf dem Wasserwerk \u201eZielhecke\u201c in Burghaun in Betriebnehmen k\u00f6nnen, denn eine solche Anlage braucht sch\u00f6nes Wetter\u201c, so B\u00fcrgermeister Alexander Hohmann w\u00e4h-rend der Inbetriebnahme der Anlage. Man f\u00f6rdere nun nicht nur hochwertiges Trinkwasser im Wasserwerk, sondern auch noch sauberen Strom auf desen Dach.<!--more--><\/p>\n<p>Die 1. gemeindliche Photovoltaikanlage wurde in den vergangnen Tagen durch ein Burghauner Elektrounternehmen installiert und hat eine Leistung 6,9 KW. Insgesamt sind daf\u00fcr 39 Module a\u00c2\u00b4 175 Watt auf dem Dach des Wasserwerks montiert worden. Die Gesamtkosten der Anlage belaufen sich auf 35.000 EURO.<\/p>\n<p>\u201eWir gehen davon aus, dass sich die Anschaffungskosten in einem Zeitraum von 12 Jahren amortisieren und wir dann weiterhin gewinnbringend sauberen Strom erzeugen\u201c, so B\u00fcrgermeister Hohmann. Ziel sei, in der Gemeinde Burghaun mittelfristig einen Energiemix aus Solarstrom, Wasserkraft, und Bioenergie zu erreichen, der dazu f\u00fchre, dass deutlich weniger fossile Brennstoffe ben\u00f6tigt w\u00fcrden. Dies sei \u00f6kologisch sinnvoll aber auch wirtschaft effektiv, gerade auch vor dem Hintergrund deutlich steigender Energiepreise f\u00fcr \u00d6l und Gas.<\/p>\n<p>Hohmann k\u00fcndigte an, dass noch in diesem Jahr auch weitere Dachfl\u00e4chen auf dem gemeindlichen Bauhof und dem neuen Feuerwehrgeb\u00e4ude in Burghaun mit Photovoltaikanlage ausgestattet w\u00fcrden. Daneben sei aber auch vorgesehen im Geb\u00e4udekomplex Bauhof\/Feuerwehr eine Hackschnitzelfeuerung zur Beheizung einzubauen, ebenso wie im Dorfgemeinschaftshaus in Rothenkirchen.<\/p>\n<p>\u201eDie Marktgemeinde Burghaun wird damit hoffentlich auch zu einem Vorbild f\u00fcr andere Kommunen, ebenso wie f\u00fcr m\u00f6glichst viele Hauseigent\u00fcmer, die sich \u00fcber die zuk\u00fcnftige Energieversorgung Gedanken machen. Anstatt alternative Energiegewinnung durch die Kommune zu behindern, sehe ich es vielmehr als notwendig an, dass die Gemeinde eine Vorreiterrolle bei diesem wichtigen Thema einnimmt\u201c, erkl\u00e4rte B\u00fcrgermeister Alexander Hohmann abschlie\u00dfend<\/p>\n","protected":false},"excerpt":{"rendered":"<div class=\"tmnf_excerpt\"><p>Burghaun. \u201eIch bin froh, dass sich zu diesem Anlass das Wetter von seiner besten Seite zeigt und wir bei herrlichem Sonnenschein die erste Photovoltaikanlage auf dem Wasserwerk \u201eZielhecke\u201c in Burghaun in Betriebnehmen k\u00f6nnen, denn eine solche Anlage braucht sch\u00f6nes Wetter\u201c, so B\u00fcrgermeister Alexander Hohmann w\u00e4h-rend der Inbetriebnahme der Anlage. Man f\u00f6rdere nun nicht nur hochwertiges &hellip;<\/p>\n<\/div>","protected":false},"author":1,"featured_media":0,"comment_status":"closed","ping_status":"closed","sticky":false,"template":"","format":"standard","meta":{"footnotes":""},"categories":[1,29,52],"tags":[],"class_list":["post-9327","post","type-post","status-publish","format-standard","hentry","category-startseite","category-politik","category-umwelt"],"_links":{"self":[{"href":"https:\/\/www.fuldaernachrichten.de\/index.php?rest_route=\/wp\/v2\/posts\/9327","targetHints":{"allow":["GET"]}}],"collection":[{"href":"https:\/\/www.fuldaernachrichten.de\/index.php?rest_route=\/wp\/v2\/posts"}],"about":[{"href":"https:\/\/www.fuldaernachrichten.de\/index.php?rest_route=\/wp\/v2\/types\/post"}],"author":[{"embeddable":true,"href":"https:\/\/www.fuldaernachrichten.de\/index.php?rest_route=\/wp\/v2\/users\/1"}],"replies":[{"embeddable":true,"href":"https:\/\/www.fuldaernachrichten.de\/index.php?rest_route=%2Fwp%2Fv2%2Fcomments&post=9327"}],"version-history":[{"count":0,"href":"https:\/\/www.fuldaernachrichten.de\/index.php?rest_route=\/wp\/v2\/posts\/9327\/revisions"}],"wp:attachment":[{"href":"https:\/\/www.fuldaernachrichten.de\/index.php?rest_route=%2Fwp%2Fv2%2Fmedia&parent=9327"}],"wp:term":[{"taxonomy":"category","embeddable":true,"href":"https:\/\/www.fuldaernachrichten.de\/index.php?rest_route=%2Fwp%2Fv2%2Fcategories&post=9327"},{"taxonomy":"post_tag","embeddable":true,"href":"https:\/\/www.fuldaernachrichten.de\/index.php?rest_route=%2Fwp%2Fv2%2Ftags&post=9327"}],"curies":[{"name":"wp","href":"https:\/\/api.w.org\/{rel}","templated":true}]}}