{"id":932,"date":"2007-01-19T17:00:53","date_gmt":"2007-01-19T16:00:53","guid":{"rendered":"http:\/\/www.schoene-nachrichten.de\/?p=932"},"modified":"2007-06-10T23:46:44","modified_gmt":"2007-06-10T21:46:44","slug":"der-tag-nach-dem-orkan-eine-zwischenbilanz","status":"publish","type":"post","link":"https:\/\/www.fuldaernachrichten.de\/?p=932","title":{"rendered":"Der Tag nach dem Orkan &#8211; Eine Zwischenbilanz"},"content":{"rendered":"<p><strong>Fulda.<\/strong> Keine Schneise der Verw\u00fcstung, aber doch sehr deutliche Spuren hat Orkantief Kyrill in der vergangenen Nacht im Landkreis Fulda hinterlassen. Die Kreisverwaltung Fulda, Polizei und Feuerwehr zogen heute Mittag eine Zwischenbilanz der Sturmnacht. Fazit: Im Vergleich zu anderen Kreisen in Hessen ging es in der Region Fulda noch relativ glimpflich ab.<\/p>\n<p><strong>Fotos (6) und Videos (2):<\/strong> Max Colin Heydenreich<\/p>\n<p><a target=\"_blank\" href=\"http:\/\/www.schoene-nachrichten.de\/wp-content\/uploads\/2007\/01\/070119_sturm_2.jpg\" title=\"Fotos: Max Colin Heydenreich\"><img decoding=\"async\" src=\"http:\/\/www.schoene-nachrichten.de\/wp-content\/uploads\/2007\/01\/070119_sturm_2.thumbnail.jpg\" alt=\"070119_sturm_2.jpg\" height=\"85\" id=\"image934\" \/><\/a>\u00c2\u00a0<a target=\"_blank\" href=\"http:\/\/www.schoene-nachrichten.de\/wp-content\/uploads\/2007\/01\/070119_sturm_6.jpg\" title=\"Fotos: Max Colin Heydenreich\"><img decoding=\"async\" src=\"http:\/\/www.schoene-nachrichten.de\/wp-content\/uploads\/2007\/01\/070119_sturm_6.thumbnail.jpg\" alt=\"070119_sturm_6.jpg\" height=\"85\" id=\"image938\" \/><\/a>\u00c2\u00a0<a target=\"_blank\" href=\"http:\/\/www.schoene-nachrichten.de\/wp-content\/uploads\/2007\/01\/070119_sturm_4.jpg\" title=\"Foto: Max Colin Heydenreich\"><img decoding=\"async\" src=\"http:\/\/www.schoene-nachrichten.de\/wp-content\/uploads\/2007\/01\/070119_sturm_4.thumbnail.jpg\" alt=\"070119_sturm_4.jpg\" height=\"85\" id=\"image936\" \/><\/a><\/p>\n<p><!--more--><\/p>\n<p><strong>Ein Schwerverletzter, umgest\u00fcrzte B\u00e4ume, leichte Unf\u00e4lle<\/strong><\/p>\n<p>Gl\u00fccklicherweise hat das Sturmtief in unserer Region keine Menschenleben gefordert. In ganz Deutschland wurden bislang elf Todesopfer gez\u00e4hlt. Die vorl\u00e4ufige Regionalbilanz: Ein 57-j\u00e4hriger Mann aus der Gro\u00dfgemeinde Kalbach wurde von einem umst\u00fcrzenden Baum eingeklemmt und schwer verletzt. Unz\u00e4hlige B\u00e4ume blockierten Bundes-, Land- und Kreisstra\u00dfen, die \u00fcber mehrere Stunden gesperrt werden mussten. Die Polizei verzeichnete insgesamt 16 unwetterbedingte Verkehrsunf\u00e4lle, bei denen aber niemand verletzt wurde sowie sechs Meldungen zu \u00fcberfluteten Stra\u00dfen und Kellerr\u00e4umen.<\/p>\n<p><strong>Behinderungen auf Stra\u00dfen\u00c2\u00a0&amp; Schienen \u2013 600 Bahnreisende sa\u00dfen in Fulda fest<\/strong><\/p>\n<p>Verkehrsbehinderungen gab es auf der Autobahn A7 in H\u00f6he Grenzwaldbr\u00fccke. Dort war ein Lastwagen umgekippt. Weil die A7 mehrere Stunden blockiert war, mussten die Autos umgeleitet werden, so dass es auch auf der B27 der Verkehr sehr z\u00e4h floss. Behinderungen erlebten auch die Nutzer der Deutschen Bahn. F\u00fcr 600 Bahnfahrer endete die Reise gestern Abend im Bahnhof Fulda. Sie fanden zum Teil in Fuldaer Hotels Quartier oder verbrachten die Nacht in den zwei ICE-Z\u00fcgen. Die Malteser Ortsverband Steinhaus versorgten die Reisenden bis in die fr\u00fchen Morgenstunden mit Essen und Getr\u00e4nken.<\/p>\n<p><strong>Stromausf\u00e4lle, kein Busverkehr und Befreiung aus Hotelaufzug<\/strong><\/p>\n<p>Der Energieversorger \u00dcWAG meldete zahlreiche St\u00f6rungen im Stromnetz. In einer Nacht gab es fast so viele Fehlermeldungen wie im gesamten zur\u00fcckliegenden Jahr, hie\u00df es in einer Presseinformation des Unternehmens. Freileitungen waren durch umst\u00fcrzende B\u00e4ume und umherfliegende Gegenst\u00e4nde besch\u00e4digt worden. Laut \u00dcWAG mussten zeitweise mehr als 30 Trassen in der ganzen Region abgeschaltet werden. L\u00e4ngere Stromausf\u00e4lle blieben aber die Ausnahme.<\/p>\n<p><a target=\"_blank\" href=\"http:\/\/www.schoene-nachrichten.de\/wp-content\/uploads\/2007\/01\/070119_sturm_3.jpg\" title=\"Fotos: Max Colin Heydenreich\"><img decoding=\"async\" src=\"http:\/\/www.schoene-nachrichten.de\/wp-content\/uploads\/2007\/01\/070119_sturm_3.thumbnail.jpg\" alt=\"070119_sturm_3.jpg\" height=\"85\" id=\"image935\" \/><\/a>\u00c2\u00a0<a target=\"_blank\" href=\"http:\/\/www.schoene-nachrichten.de\/wp-content\/uploads\/2007\/01\/070119_sturm_5.jpg\" title=\"Fotos: Max Colin Heydenreich\"><img decoding=\"async\" src=\"http:\/\/www.schoene-nachrichten.de\/wp-content\/uploads\/2007\/01\/070119_sturm_5.thumbnail.jpg\" alt=\"070119_sturm_5.jpg\" height=\"85\" id=\"image937\" \/><\/a>\u00c2\u00a0<a target=\"_blank\" href=\"http:\/\/www.schoene-nachrichten.de\/wp-content\/uploads\/2007\/01\/070119_sturm_1.jpg\" title=\"Fotos: Max Colin Heydenreich\"><img decoding=\"async\" src=\"http:\/\/www.schoene-nachrichten.de\/wp-content\/uploads\/2007\/01\/070119_sturm_1.thumbnail.jpg\" alt=\"070119_sturm_1.jpg\" height=\"85\" id=\"image933\" \/><\/a><\/p>\n<p>Heute Vormittag seien nur noch einzelne Aussiedlerh\u00f6fe und abgelegene Geh\u00f6fte von der Stromversorgung abgeschnitten gewesen. Aus Sicherheitsgr\u00fcnden war der Busverkehr gegen 20.30 Uhr vorsorglich eingestellt worden. Bis dahin konnten die Busse ohne gr\u00f6\u00dfere St\u00f6rungen fahren, so die \u00dcWAG \u2013Verkehrsbetriebe. Im B\u00e4derpark Hotel in K\u00fcnzell war wegen des Stromausfalls der Aufzug stecken geblieben. Rettungskr\u00e4fte der Feuerwehr mussten die \u201eeingeklemmten Passagiere\u201c befreien.<\/p>\n<p><strong>Millionenschaden bei EDAG \u2013 Orkan fegte Dach weg<\/strong><\/p>\n<p>Sachschaden in Millionenh\u00f6he entstand bei dem Fuldaer Automobilentwickler EDAG im Industriegebiet West. Eine Sturmb\u00f6e hatte das Dach des B\u00fcrogeb\u00e4udes erfasst und die darunter liegende, rund 1.000 Quadratmeter gro\u00dfe, B\u00fcrofl\u00e4che freigelegt.<\/p>\n<p><strong>Lange Nacht f\u00fcr Feuerwehr, Polizei, Rettungskr\u00e4fte, \u00c4mter und Beh\u00f6rden<\/strong><\/p>\n<p>Es war eine lange und sehr arbeitsintensive Nacht vor allem f\u00fcr\u00c2\u00a0Feuerwehr, Polizei und Rettungskr\u00e4fte. Vertreter der Einsatzkr\u00e4fte sowie Entscheidungstr\u00e4ger zust\u00e4ndiger \u00c4mter und Beh\u00f6rden waren bereits seit gestern Morgen in Alarmbereitschaft und gut auf Sturmb\u00f6en und Starkregen vorbereitet. Dementsprechend fanden Landrat Bernd Woide und Erster Kreisbeigeordneter Dr. Heiko Wingenfeld heute anerkennende und lobende Worte f\u00fcr alle Helfer und beteiligten Institutionen, die f\u00fcr die Sicherheit der B\u00fcrger und Begrenzung der Sch\u00e4den im Einsatz waren.<\/p>\n<p><strong>H\u00f6ren Sie dazu\u00c2\u00a0die Interviews:<\/strong><\/p>\n<p><strong>Dr. Heiko Wingenfeld <\/strong><\/p>\n<p><strong><img decoding=\"async\" src=\"http:\/\/www.schoene-nachrichten.de\/wp-content\/uploads\/2007\/02\/x_sponsor.gif\" alt=\"x_sponsor.gif\" \/>[local \/wp-content\/uploads\/2007\/02\/070119_sturm.wmv]<\/strong><\/p>\n<p><strong>Thomas Hinz, Leiter der Feuerwehr Fulda<\/strong><\/p>\n<p><strong><img decoding=\"async\" src=\"http:\/\/www.schoene-nachrichten.de\/wp-content\/uploads\/2007\/02\/x_sponsor.gif\" alt=\"x_sponsor.gif\" \/>[local \/wp-content\/uploads\/2007\/02\/070119_feuerwehr.wmv]<\/strong><\/p>\n","protected":false},"excerpt":{"rendered":"<div class=\"tmnf_excerpt\"><p>Fulda. Keine Schneise der Verw\u00fcstung, aber doch sehr deutliche Spuren hat Orkantief Kyrill in der vergangenen Nacht im Landkreis Fulda hinterlassen. Die Kreisverwaltung Fulda, Polizei und Feuerwehr zogen heute Mittag eine Zwischenbilanz der Sturmnacht. Fazit: Im Vergleich zu anderen Kreisen in Hessen ging es in der Region Fulda noch relativ glimpflich ab. Fotos (6) und &hellip;<\/p>\n<\/div>","protected":false},"author":1,"featured_media":0,"comment_status":"closed","ping_status":"closed","sticky":false,"template":"","format":"standard","meta":{"footnotes":""},"categories":[1,71,52],"tags":[],"class_list":["post-932","post","type-post","status-publish","format-standard","hentry","category-startseite","category-feuerwehr","category-umwelt"],"_links":{"self":[{"href":"https:\/\/www.fuldaernachrichten.de\/index.php?rest_route=\/wp\/v2\/posts\/932","targetHints":{"allow":["GET"]}}],"collection":[{"href":"https:\/\/www.fuldaernachrichten.de\/index.php?rest_route=\/wp\/v2\/posts"}],"about":[{"href":"https:\/\/www.fuldaernachrichten.de\/index.php?rest_route=\/wp\/v2\/types\/post"}],"author":[{"embeddable":true,"href":"https:\/\/www.fuldaernachrichten.de\/index.php?rest_route=\/wp\/v2\/users\/1"}],"replies":[{"embeddable":true,"href":"https:\/\/www.fuldaernachrichten.de\/index.php?rest_route=%2Fwp%2Fv2%2Fcomments&post=932"}],"version-history":[{"count":0,"href":"https:\/\/www.fuldaernachrichten.de\/index.php?rest_route=\/wp\/v2\/posts\/932\/revisions"}],"wp:attachment":[{"href":"https:\/\/www.fuldaernachrichten.de\/index.php?rest_route=%2Fwp%2Fv2%2Fmedia&parent=932"}],"wp:term":[{"taxonomy":"category","embeddable":true,"href":"https:\/\/www.fuldaernachrichten.de\/index.php?rest_route=%2Fwp%2Fv2%2Fcategories&post=932"},{"taxonomy":"post_tag","embeddable":true,"href":"https:\/\/www.fuldaernachrichten.de\/index.php?rest_route=%2Fwp%2Fv2%2Ftags&post=932"}],"curies":[{"name":"wp","href":"https:\/\/api.w.org\/{rel}","templated":true}]}}