{"id":93023,"date":"2011-11-25T00:08:35","date_gmt":"2011-11-25T00:08:35","guid":{"rendered":"http:\/\/www.fuldaer-nachrichten.de\/?p=93023"},"modified":"2011-11-28T12:45:41","modified_gmt":"2011-11-28T12:45:41","slug":"der-charme-des-unvollkommenen-integratives-hiphop-musical-feiert-am-10-12-premiere-in-petersberg","status":"publish","type":"post","link":"https:\/\/www.fuldaernachrichten.de\/?p=93023","title":{"rendered":"Der Charme des Unvollkommenen &#8211; Integratives HipHop-Musical feiert am 10.12. Premiere in Petersberg"},"content":{"rendered":"<p><img fetchpriority=\"high\" decoding=\"async\" class=\"alignnone size-full wp-image-93024\" title=\"111124_Kitz1\" src=\"http:\/\/www.fuldaer-nachrichten.de\/wp-content\/uploads\/2011\/11\/111124_Kitz1.jpg\" alt=\"\" width=\"560\" height=\"394\" \/><\/p>\n<p><strong>Fulda.<\/strong> \u201eEs ist nicht die Perfektion, sondern der Charme des Unvollkommenen, der dieses Projekt auszeichnet\u201c, meint Jessica Stukenberg. Seit den Sommerferien probt die Theaterp\u00e4dagogin mit jugendlichen Nachwuchsschauspie-lern f\u00fcr das HipHop-Musical \u201eDurch meine Augen\u201c. Und langsam wird es ernst f\u00fcr die spielfreudigen Akteure &#8211; denn die Premiere r\u00fcckt immer n\u00e4her. Am 10. Dezember wird das Musical erstmals im Propsteihaus Petersberg aufgef\u00fchrt. An dem musikalischen B\u00fchnenwerk werden neben den 17 Laienschauspielern auch jugendliche Rapper, T\u00e4nzer, ein Chor sowie Kindergarten- und Grundschulkinder mitwirken. Ein derartiges Gro\u00dfprojekt mit mehr als 100 Laien auf die B\u00fchne zu bringen, kommt einer logistischen Meisterleistung gleich.<\/p>\n<p>Fotos (36): Marzena Traber<!--more--><\/p>\n<p><a title=\"Foto: Marzena Traber\" href=\"http:\/\/www.fuldaer-nachrichten.de\/wp-content\/uploads\/2011\/11\/111128_KidZ_022.jpg\" rel=\"lightbox[roadtrip]\" target=\"_blank\"><img decoding=\"async\" src=\"http:\/\/www.fuldaer-nachrichten.de\/wp-content\/uploads\/2011\/11\/111128_KidZ_022.thumbnail.jpg\" alt=\"111128_KidZ_022.jpg\" width=\"265\" \/><\/a> <a title=\"Foto: Marzena Traber\" href=\"http:\/\/www.fuldaer-nachrichten.de\/wp-content\/uploads\/2011\/11\/111128_KidZ_029.jpg\" rel=\"lightbox[roadtrip]\" target=\"_blank\"><img decoding=\"async\" src=\"http:\/\/www.fuldaer-nachrichten.de\/wp-content\/uploads\/2011\/11\/111128_KidZ_029.thumbnail.jpg\" alt=\"111128_KidZ_029.jpg\" width=\"265\" \/><\/a><\/p>\n<p>\u201eEs gibt zwar einen ganz pragmatischen Terminplan, aber ansonsten z\u00e4hlt auch bei dieser k\u00fcnstlerischen Arbeit die Flexibilit\u00e4t\u201c, wei\u00df Stukenberg, die nach einer Idee von Tim F\u00fctterer (Rapper TeMain) das Drehbuch geschrieben hat. \u201eDie Darsteller kommen aus unterschiedlichen Ecken, sind also ein bunt zusammengew\u00fcrfelter Haufen \u2013 da ist es spannend zu sehen, wie sich die Gruppe entwickelt und zusammenw\u00e4chst\u201c, betont die Theaterp\u00e4dagogin.<\/p>\n<p>F\u00fcr die zw\u00f6lf M\u00e4dchen und f\u00fcnf Jungen, die sich einmal w\u00f6chentlich f\u00fcr eineinhalb Stunden im Helene-Weber-Haus zur Probe treffen, wird der Auftritt vor einem gro\u00dfen Publikum eine ganz neue Erfahrung sein. Zwar scheint die Premiere f\u00fcr die jungen Leute noch in weiter Ferne zu liegen, doch unter der professionellen Regie Stukenbergs wird schnell klar: Es gibt keine Zeit mehr zu verlieren.<\/p>\n<p><a href=\"http:\/\/www.fuldaer-nachrichten.de\/wp-content\/uploads\/2011\/11\/111128_KidZ_0131.jpg\"><img decoding=\"async\" class=\"alignnone size-thumbnail wp-image-93190\" title=\"111128_KidZ_013\" src=\"http:\/\/www.fuldaer-nachrichten.de\/wp-content\/uploads\/2011\/11\/111128_KidZ_0131-265x398.jpg\" alt=\"\" width=\"265\" height=\"398\" srcset=\"https:\/\/www.fuldaernachrichten.de\/wp-content\/uploads\/2011\/11\/111128_KidZ_0131-265x398.jpg 265w, https:\/\/www.fuldaernachrichten.de\/wp-content\/uploads\/2011\/11\/111128_KidZ_0131-176x265.jpg 176w, https:\/\/www.fuldaernachrichten.de\/wp-content\/uploads\/2011\/11\/111128_KidZ_0131.jpg 399w\" sizes=\"(max-width: 265px) 100vw, 265px\" \/><\/a> <a title=\"Foto: Marzena Traber\" href=\"http:\/\/www.fuldaer-nachrichten.de\/wp-content\/uploads\/2011\/11\/111128_KidZ_006.jpg\" rel=\"lightbox[roadtrip]\" target=\"_blank\"><img decoding=\"async\" src=\"http:\/\/www.fuldaer-nachrichten.de\/wp-content\/uploads\/2011\/11\/111128_KidZ_006.thumbnail.jpg\" alt=\"111128_KidZ_006.jpg\" width=\"265\" \/><\/a><\/p>\n<p>Mimik, Gestik, Stimmlage, B\u00fchnengleichgewicht \u2013 der erfahrenen Theaterp\u00e4dagogin entgeht nichts. Sie kritisiert konstruktiv, korrigiert mit einer Prise Humor und lobt bei gelungenen Szenen \u201edie wunderbare Energie\u201c. Das motiviert die M\u00e4dchen und Jungen, die auf der B\u00fchne entweder ziemlich coole oder besonders verzickte Jugendliche darstellen oder parallel dazu noch eine zweite Rolle aus der Erwachsenenwelt spielen.<\/p>\n<p>\u201eAuf jeden Fall k\u00f6nnen sich viele mit dem Thema identifizieren\u201c, sagt die 14-j\u00e4hrige Maike. Denn in der Geschichte geht es um einen Jungen namens \u201eKalle\u201c, der sich von den Eltern und seinen Mitsch\u00fclern unverstanden f\u00fchlt. Kalle, der vom dem 18-j\u00e4hrigen Christoph Giez gespielt wird, ist auf der Suche nach der eigenen Identit\u00e4t, den richtigen Freunden und nach R\u00fcckhalt und Unterst\u00fctzung in der Familie.<\/p>\n<p><a href=\"http:\/\/www.fuldaer-nachrichten.de\/wp-content\/uploads\/2011\/11\/111128_KidZ_0141.jpg\"><img decoding=\"async\" class=\"alignnone size-thumbnail wp-image-93192\" title=\"111128_KidZ_014\" src=\"http:\/\/www.fuldaer-nachrichten.de\/wp-content\/uploads\/2011\/11\/111128_KidZ_0141-265x176.jpg\" alt=\"\" width=\"265\" height=\"176\" srcset=\"https:\/\/www.fuldaernachrichten.de\/wp-content\/uploads\/2011\/11\/111128_KidZ_0141-265x176.jpg 265w, https:\/\/www.fuldaernachrichten.de\/wp-content\/uploads\/2011\/11\/111128_KidZ_0141.jpg 592w\" sizes=\"(max-width: 265px) 100vw, 265px\" \/><\/a> <a title=\"Foto: Marzena Traber\" href=\"http:\/\/www.fuldaer-nachrichten.de\/wp-content\/uploads\/2011\/11\/111128_KidZ_034.jpg\" rel=\"lightbox[roadtrip]\" target=\"_blank\"><img decoding=\"async\" src=\"http:\/\/www.fuldaer-nachrichten.de\/wp-content\/uploads\/2011\/11\/111128_KidZ_034.thumbnail.jpg\" alt=\"111128_KidZ_034.jpg\" width=\"265\" \/><\/a><\/p>\n<p>\u201eDas St\u00fcck trifft unseren Geschmack und die Proben machen viel Spa\u00df\u201c, erkl\u00e4ren die jungen Darsteller unisono. Sie finden es alle \u201erichtig cool\u201c, auf der B\u00fchne zu stehen und hoffen darauf, dass viele Eltern, Freude, Klassenkameraden und interessierte Besucher am 10. und 11. Dezember den Weg nach Petersberg ins Propsteihaus finden, um das Musical \u201eDurch meine Augen\u201c zu erleben. +++<\/p>\n<p><a title=\"Foto: Marzena Traber\" href=\"http:\/\/www.fuldaer-nachrichten.de\/wp-content\/uploads\/2011\/11\/111128_KidZ_030.jpg\" rel=\"lightbox[roadtrip]\" target=\"_blank\"><img decoding=\"async\" src=\"http:\/\/www.fuldaer-nachrichten.de\/wp-content\/uploads\/2011\/11\/111128_KidZ_030.thumbnail.jpg\" alt=\"111128_KidZ_030.jpg\" width=\"265\" \/><\/a>\u00c2\u00a0<a title=\"Foto: Marzena Traber\" href=\"http:\/\/www.fuldaer-nachrichten.de\/wp-content\/uploads\/2011\/11\/111128_KidZ_033.jpg\" rel=\"lightbox[roadtrip]\" target=\"_blank\"><img decoding=\"async\" src=\"http:\/\/www.fuldaer-nachrichten.de\/wp-content\/uploads\/2011\/11\/111128_KidZ_033.thumbnail.jpg\" alt=\"111128_KidZ_033.jpg\" width=\"265\" \/><\/a><\/p>\n<p><strong>Hintergrund:<\/strong> Bei dem Musical treffen Kinder und Jugendliche mit und ohne Behinderung\/en, mit und ohne Migrationshintergrund sowie aus ganz unterschiedlichen sozialen Schichten aufeinander. Initiiert wurde das Musical von der Initiative KiTz (Kinder im Takt zusammen f\u00fchren). Diese wiederum wurde von dem Verein Jollydent e.V. ins Leben gerufen, der die KiTz-Projekte aus der Vereinskasse und mit Unterst\u00fctzung regionaler Sponsoren finanziert. Das Musical wird am Samstag, 10. Dezember 2011, um 19 Uhr sowie am Sonntag, 11. Dezember 2011, um 16 Uhr aufgef\u00fchrt. Karten sind im Vorverkauf bei allen Gesch\u00e4ftsstellen der Fuldaer Zeitung erh\u00e4ltlich. Die Karten kosten f\u00fcr Erwachsene 12 Euro; Jugendliche bis 16 Jahre, Sch\u00fcler, Azubis, Studenten und Behinderte zahlen 7 Euro; Kinder bis 12 Jahre 5 Euro.<\/p>\n<p>Zum Gruppenfoto: Theaterp\u00e4dagogin Jessica Stukenberg (hintere Reihe, 4.v.r.) probt mit den jugendlichen Laiendarstellern f\u00fcr das integrative Hip-Hop Musical \u201eDurch meine Augen\u201c<\/p>\n<p><a title=\"Foto: Marzena Traber\" href=\"http:\/\/www.fuldaer-nachrichten.de\/wp-content\/uploads\/2011\/11\/111128_KidZ_001.jpg\" rel=\"lightbox[roadtrip]\" target=\"_blank\"><img decoding=\"async\" src=\"http:\/\/www.fuldaer-nachrichten.de\/wp-content\/uploads\/2011\/11\/111128_KidZ_001.thumbnail.jpg\" alt=\"111128_KidZ_001.jpg\" width=\"265\" \/><\/a>\u00c2\u00a0<a title=\"Foto: Marzena Traber\" href=\"http:\/\/www.fuldaer-nachrichten.de\/wp-content\/uploads\/2011\/11\/111128_KidZ_005.jpg\" rel=\"lightbox[roadtrip]\" target=\"_blank\"><img decoding=\"async\" src=\"http:\/\/www.fuldaer-nachrichten.de\/wp-content\/uploads\/2011\/11\/111128_KidZ_005.thumbnail.jpg\" alt=\"111128_KidZ_005.jpg\" width=\"265\" \/><\/a><\/p>\n<p><a title=\"Foto: Marzena Traber\" href=\"http:\/\/www.fuldaer-nachrichten.de\/wp-content\/uploads\/2011\/11\/111128_KidZ_026.jpg\" rel=\"lightbox[roadtrip]\" target=\"_blank\"><img decoding=\"async\" src=\"http:\/\/www.fuldaer-nachrichten.de\/wp-content\/uploads\/2011\/11\/111128_KidZ_026.thumbnail.jpg\" alt=\"111128_KidZ_026.jpg\" width=\"265\" \/><\/a> <a title=\"Foto: Marzena Traber\" href=\"http:\/\/www.fuldaer-nachrichten.de\/wp-content\/uploads\/2011\/11\/111128_KidZ_015.jpg\" rel=\"lightbox[roadtrip]\" target=\"_blank\"><img decoding=\"async\" src=\"http:\/\/www.fuldaer-nachrichten.de\/wp-content\/uploads\/2011\/11\/111128_KidZ_015.thumbnail.jpg\" alt=\"111128_KidZ_015.jpg\" width=\"265\" \/><\/a><\/p>\n<p><a title=\"Foto: Marzena Traber\" href=\"http:\/\/www.fuldaer-nachrichten.de\/wp-content\/uploads\/2011\/11\/111128_KidZ_017.jpg\" rel=\"lightbox[roadtrip]\" target=\"_blank\"><img decoding=\"async\" src=\"http:\/\/www.fuldaer-nachrichten.de\/wp-content\/uploads\/2011\/11\/111128_KidZ_017.thumbnail.jpg\" alt=\"111128_KidZ_017.jpg\" width=\"265\" \/><\/a> <a title=\"Foto: Marzena Traber\" href=\"http:\/\/www.fuldaer-nachrichten.de\/wp-content\/uploads\/2011\/11\/111128_KidZ_018.jpg\" rel=\"lightbox[roadtrip]\" target=\"_blank\"><img decoding=\"async\" src=\"http:\/\/www.fuldaer-nachrichten.de\/wp-content\/uploads\/2011\/11\/111128_KidZ_018.thumbnail.jpg\" alt=\"111128_KidZ_018.jpg\" width=\"265\" \/><\/a><\/p>\n<p><a title=\"Foto: Marzena Traber\" href=\"http:\/\/www.fuldaer-nachrichten.de\/wp-content\/uploads\/2011\/11\/111128_KidZ_004.jpg\" rel=\"lightbox[roadtrip]\" target=\"_blank\"><img decoding=\"async\" src=\"http:\/\/www.fuldaer-nachrichten.de\/wp-content\/uploads\/2011\/11\/111128_KidZ_004.thumbnail.jpg\" alt=\"111128_KidZ_004.jpg\" width=\"265\" \/><\/a>\u00c2\u00a0<a title=\"Foto: Marzena Traber\" href=\"http:\/\/www.fuldaer-nachrichten.de\/wp-content\/uploads\/2011\/11\/111128_KidZ_011.jpg\" rel=\"lightbox[roadtrip]\" target=\"_blank\"><img decoding=\"async\" src=\"http:\/\/www.fuldaer-nachrichten.de\/wp-content\/uploads\/2011\/11\/111128_KidZ_011.thumbnail.jpg\" alt=\"111128_KidZ_011.jpg\" width=\"265\" \/><\/a><\/p>\n<p><a title=\"Foto: Marzena Traber\" href=\"http:\/\/www.fuldaer-nachrichten.de\/wp-content\/uploads\/2011\/11\/111128_KidZ_019.jpg\" rel=\"lightbox[roadtrip]\" target=\"_blank\"><img decoding=\"async\" src=\"http:\/\/www.fuldaer-nachrichten.de\/wp-content\/uploads\/2011\/11\/111128_KidZ_019.thumbnail.jpg\" alt=\"111128_KidZ_019.jpg\" width=\"265\" \/><\/a> <a title=\"Foto: Marzena Traber\" href=\"http:\/\/www.fuldaer-nachrichten.de\/wp-content\/uploads\/2011\/11\/111128_KidZ_020.jpg\" rel=\"lightbox[roadtrip]\" target=\"_blank\"><img decoding=\"async\" src=\"http:\/\/www.fuldaer-nachrichten.de\/wp-content\/uploads\/2011\/11\/111128_KidZ_020.thumbnail.jpg\" alt=\"111128_KidZ_020.jpg\" width=\"265\" \/><\/a><\/p>\n<p><a title=\"Foto: Marzena Traber\" href=\"http:\/\/www.fuldaer-nachrichten.de\/wp-content\/uploads\/2011\/11\/111128_KidZ_021.jpg\" rel=\"lightbox[roadtrip]\" target=\"_blank\"><img decoding=\"async\" src=\"http:\/\/www.fuldaer-nachrichten.de\/wp-content\/uploads\/2011\/11\/111128_KidZ_021.thumbnail.jpg\" alt=\"111128_KidZ_021.jpg\" width=\"265\" \/><\/a> <a title=\"Foto: Marzena Traber\" href=\"http:\/\/www.fuldaer-nachrichten.de\/wp-content\/uploads\/2011\/11\/111128_KidZ_024.jpg\" rel=\"lightbox[roadtrip]\" target=\"_blank\"><img decoding=\"async\" src=\"http:\/\/www.fuldaer-nachrichten.de\/wp-content\/uploads\/2011\/11\/111128_KidZ_024.thumbnail.jpg\" alt=\"111128_KidZ_024.jpg\" width=\"265\" \/><\/a><\/p>\n<p><a title=\"Foto: Marzena Traber\" href=\"http:\/\/www.fuldaer-nachrichten.de\/wp-content\/uploads\/2011\/11\/111128_KidZ_009.jpg\" rel=\"lightbox[roadtrip]\" target=\"_blank\"><img decoding=\"async\" src=\"http:\/\/www.fuldaer-nachrichten.de\/wp-content\/uploads\/2011\/11\/111128_KidZ_009.thumbnail.jpg\" alt=\"111128_KidZ_009.jpg\" width=\"265\" \/><\/a> <a title=\"Foto: Marzena Traber\" href=\"http:\/\/www.fuldaer-nachrichten.de\/wp-content\/uploads\/2011\/11\/111128_KidZ_012.jpg\" rel=\"lightbox[roadtrip]\" target=\"_blank\"> <img decoding=\"async\" src=\"http:\/\/www.fuldaer-nachrichten.de\/wp-content\/uploads\/2011\/11\/111128_KidZ_012.thumbnail.jpg\" alt=\"111128_KidZ_012.jpg\" width=\"265\" \/><\/a><\/p>\n<p><a title=\"Foto: Marzena Traber\" href=\"http:\/\/www.fuldaer-nachrichten.de\/wp-content\/uploads\/2011\/11\/111128_KidZ_025.jpg\" rel=\"lightbox[roadtrip]\" target=\"_blank\"><img decoding=\"async\" src=\"http:\/\/www.fuldaer-nachrichten.de\/wp-content\/uploads\/2011\/11\/111128_KidZ_025.thumbnail.jpg\" alt=\"111128_KidZ_025.jpg\" width=\"265\" \/><\/a> <a title=\"Foto: Marzena Traber\" href=\"http:\/\/www.fuldaer-nachrichten.de\/wp-content\/uploads\/2011\/11\/111128_KidZ_028.jpg\" rel=\"lightbox[roadtrip]\" target=\"_blank\"><img decoding=\"async\" src=\"http:\/\/www.fuldaer-nachrichten.de\/wp-content\/uploads\/2011\/11\/111128_KidZ_028.thumbnail.jpg\" alt=\"111128_KidZ_028.jpg\" width=\"265\" \/><\/a><\/p>\n<p><a title=\"Foto: Marzena Traber\" href=\"http:\/\/www.fuldaer-nachrichten.de\/wp-content\/uploads\/2011\/11\/111128_KidZ_003.jpg\" rel=\"lightbox[roadtrip]\" target=\"_blank\"><img decoding=\"async\" src=\"http:\/\/www.fuldaer-nachrichten.de\/wp-content\/uploads\/2011\/11\/111128_KidZ_003.thumbnail.jpg\" alt=\"111128_KidZ_003.jpg\" width=\"265\" \/><\/a>\u00c2\u00a0<a href=\"http:\/\/www.fuldaer-nachrichten.de\/wp-content\/uploads\/2011\/11\/111128_KidZ_0021.jpg\"><img loading=\"lazy\" decoding=\"async\" title=\"111128_KidZ_002\" src=\"http:\/\/www.fuldaer-nachrichten.de\/wp-content\/uploads\/2011\/11\/111128_KidZ_0021-265x398.jpg\" alt=\"\" width=\"265\" height=\"398\" \/><\/a><\/p>\n<p><a title=\"Foto: Marzena Traber\" href=\"http:\/\/www.fuldaer-nachrichten.de\/wp-content\/uploads\/2011\/11\/111128_KidZ_023.jpg\" rel=\"lightbox[roadtrip]\" target=\"_blank\"><img decoding=\"async\" src=\"http:\/\/www.fuldaer-nachrichten.de\/wp-content\/uploads\/2011\/11\/111128_KidZ_023.thumbnail.jpg\" alt=\"111128_KidZ_023.jpg\" width=\"265\" \/><\/a> <a title=\"Foto: Marzena Traber\" href=\"http:\/\/www.fuldaer-nachrichten.de\/wp-content\/uploads\/2011\/11\/111128_KidZ_016.jpg\" rel=\"lightbox[roadtrip]\" target=\"_blank\"><img decoding=\"async\" src=\"http:\/\/www.fuldaer-nachrichten.de\/wp-content\/uploads\/2011\/11\/111128_KidZ_016.thumbnail.jpg\" alt=\"111128_KidZ_016.jpg\" width=\"265\" \/><\/a><\/p>\n<p><a title=\"Foto: Marzena Traber\" href=\"http:\/\/www.fuldaer-nachrichten.de\/wp-content\/uploads\/2011\/11\/111128_KidZ_027.jpg\" rel=\"lightbox[roadtrip]\" target=\"_blank\"><img decoding=\"async\" src=\"http:\/\/www.fuldaer-nachrichten.de\/wp-content\/uploads\/2011\/11\/111128_KidZ_027.thumbnail.jpg\" alt=\"111128_KidZ_027.jpg\" width=\"265\" \/><\/a> <a title=\"Foto: Marzena Traber\" href=\"http:\/\/www.fuldaer-nachrichten.de\/wp-content\/uploads\/2011\/11\/111128_KidZ_031.jpg\" rel=\"lightbox[roadtrip]\" target=\"_blank\"><img decoding=\"async\" src=\"http:\/\/www.fuldaer-nachrichten.de\/wp-content\/uploads\/2011\/11\/111128_KidZ_031.thumbnail.jpg\" alt=\"111128_KidZ_031.jpg\" width=\"265\" \/><\/a><\/p>\n<p><a title=\"Foto: Marzena Traber\" href=\"http:\/\/www.fuldaer-nachrichten.de\/wp-content\/uploads\/2011\/11\/111128_KidZ_008.jpg\" rel=\"lightbox[roadtrip]\" target=\"_blank\"><img decoding=\"async\" src=\"http:\/\/www.fuldaer-nachrichten.de\/wp-content\/uploads\/2011\/11\/111128_KidZ_008.thumbnail.jpg\" alt=\"111128_KidZ_008.jpg\" width=\"265\" \/><\/a>\u00c2\u00a0<a title=\"Foto: Marzena Traber\" href=\"http:\/\/www.fuldaer-nachrichten.de\/wp-content\/uploads\/2011\/11\/111128_KidZ_007.jpg\" rel=\"lightbox[roadtrip]\" target=\"_blank\"><img decoding=\"async\" src=\"http:\/\/www.fuldaer-nachrichten.de\/wp-content\/uploads\/2011\/11\/111128_KidZ_007.thumbnail.jpg\" alt=\"111128_KidZ_007.jpg\" width=\"265\" \/><\/a><\/p>\n<p><a title=\"Foto: Marzena Traber\" href=\"http:\/\/www.fuldaer-nachrichten.de\/wp-content\/uploads\/2011\/11\/111128_KidZ_010.jpg\" rel=\"lightbox[roadtrip]\" target=\"_blank\"><img decoding=\"async\" src=\"http:\/\/www.fuldaer-nachrichten.de\/wp-content\/uploads\/2011\/11\/111128_KidZ_010.thumbnail.jpg\" alt=\"111128_KidZ_010.jpg\" width=\"265\" \/><\/a> <a title=\"Foto: Marzena Traber\" href=\"http:\/\/www.fuldaer-nachrichten.de\/wp-content\/uploads\/2011\/11\/111128_KidZ_032.jpg\" rel=\"lightbox[roadtrip]\" target=\"_blank\"><img decoding=\"async\" src=\"http:\/\/www.fuldaer-nachrichten.de\/wp-content\/uploads\/2011\/11\/111128_KidZ_032.thumbnail.jpg\" alt=\"111128_KidZ_032.jpg\" width=\"265\" \/><\/a><\/p>\n<p>&nbsp;<\/p>\n","protected":false},"excerpt":{"rendered":"<div class=\"tmnf_excerpt\"><p>Fulda. \u201eEs ist nicht die Perfektion, sondern der Charme des Unvollkommenen, der dieses Projekt auszeichnet\u201c, meint Jessica Stukenberg. Seit den Sommerferien probt die Theaterp\u00e4dagogin mit jugendlichen Nachwuchsschauspie-lern f\u00fcr das HipHop-Musical \u201eDurch meine Augen\u201c. Und langsam wird es ernst f\u00fcr die spielfreudigen Akteure &#8211; denn die Premiere r\u00fcckt immer n\u00e4her. Am 10. Dezember wird das Musical &hellip;<\/p>\n<\/div>","protected":false},"author":1,"featured_media":0,"comment_status":"closed","ping_status":"closed","sticky":false,"template":"","format":"standard","meta":{"footnotes":""},"categories":[1,54,53,72,44,78],"tags":[],"class_list":["post-93023","post","type-post","status-publish","format-standard","hentry","category-startseite","category-bildergalerien","category-bildung","category-jugend","category-kultur","category-topthema"],"_links":{"self":[{"href":"https:\/\/www.fuldaernachrichten.de\/index.php?rest_route=\/wp\/v2\/posts\/93023","targetHints":{"allow":["GET"]}}],"collection":[{"href":"https:\/\/www.fuldaernachrichten.de\/index.php?rest_route=\/wp\/v2\/posts"}],"about":[{"href":"https:\/\/www.fuldaernachrichten.de\/index.php?rest_route=\/wp\/v2\/types\/post"}],"author":[{"embeddable":true,"href":"https:\/\/www.fuldaernachrichten.de\/index.php?rest_route=\/wp\/v2\/users\/1"}],"replies":[{"embeddable":true,"href":"https:\/\/www.fuldaernachrichten.de\/index.php?rest_route=%2Fwp%2Fv2%2Fcomments&post=93023"}],"version-history":[{"count":1,"href":"https:\/\/www.fuldaernachrichten.de\/index.php?rest_route=\/wp\/v2\/posts\/93023\/revisions"}],"predecessor-version":[{"id":93030,"href":"https:\/\/www.fuldaernachrichten.de\/index.php?rest_route=\/wp\/v2\/posts\/93023\/revisions\/93030"}],"wp:attachment":[{"href":"https:\/\/www.fuldaernachrichten.de\/index.php?rest_route=%2Fwp%2Fv2%2Fmedia&parent=93023"}],"wp:term":[{"taxonomy":"category","embeddable":true,"href":"https:\/\/www.fuldaernachrichten.de\/index.php?rest_route=%2Fwp%2Fv2%2Fcategories&post=93023"},{"taxonomy":"post_tag","embeddable":true,"href":"https:\/\/www.fuldaernachrichten.de\/index.php?rest_route=%2Fwp%2Fv2%2Ftags&post=93023"}],"curies":[{"name":"wp","href":"https:\/\/api.w.org\/{rel}","templated":true}]}}