{"id":93018,"date":"2011-11-25T00:12:14","date_gmt":"2011-11-25T00:12:14","guid":{"rendered":"http:\/\/www.fuldaer-nachrichten.de\/?p=93018"},"modified":"2011-11-23T14:17:01","modified_gmt":"2011-11-23T14:17:01","slug":"broschure-ehrenamtskonzept-der-stationaren-caritas-altenhilfe-vorgestellt","status":"publish","type":"post","link":"https:\/\/www.fuldaernachrichten.de\/?p=93018","title":{"rendered":"Brosch\u00fcre \u201eEhrenamtskonzept\u201c der Station\u00e4ren Caritas-Altenhilfe vorgestellt"},"content":{"rendered":"<p><strong><a href=\"http:\/\/www.fuldaer-nachrichten.de\/wp-content\/uploads\/2011\/11\/zu_94cs_Ehrenamtskonzept_IMG_9042.jpg\"><img fetchpriority=\"high\" decoding=\"async\" class=\"alignleft size-thumbnail wp-image-93019\" title=\"zu_94cs_Ehrenamtskonzept_IMG_9042\" src=\"http:\/\/www.fuldaer-nachrichten.de\/wp-content\/uploads\/2011\/11\/zu_94cs_Ehrenamtskonzept_IMG_9042-265x222.jpg\" alt=\"\" width=\"265\" height=\"222\" srcset=\"https:\/\/www.fuldaernachrichten.de\/wp-content\/uploads\/2011\/11\/zu_94cs_Ehrenamtskonzept_IMG_9042-265x222.jpg 265w, https:\/\/www.fuldaernachrichten.de\/wp-content\/uploads\/2011\/11\/zu_94cs_Ehrenamtskonzept_IMG_9042.jpg 592w\" sizes=\"(max-width: 265px) 100vw, 265px\" \/><\/a>Fulda<\/strong><em> <\/em><strong>(cif). <\/strong>Offiziell der \u00d6ffentlichkeit vorgestellt wurde jetzt das neu erarbeitete Ehrenamtskonzept f\u00fcr die Station\u00e4re Altenhilfe der Caritas im Bistum Fulda: (v. li.) Di\u00f6zesan-Caritasdirektor Dr. Markus Juch, Referentin f\u00fcr Qualit\u00e4tsentwicklung in der station\u00e4ren Altenpflege Simone M\u00fcller sowie Achim Eng, Ressortleiter Jugend- und Altenhilfe, pr\u00e4sentierten gemeinsam die fertig gestellte Brosch\u00fcre (Foto).<!--more--><\/p>\n<p>\u201eDie Caritas legt gro\u00dfen Wert auf die Einbindung von ehrenamtlichen Mitarbeitern bei der Betreuung der Bewohner von Caritas-Einrichtungen\u201c, betonte Caritasdirektor Dr. Juch, \u201edenn so ist die von uns gew\u00fcnschte ganzheitliche Begleitung der Seniorinnen und Senioren am besten zu realisieren. Au\u00dferdem entspricht das Mittun von Freiwilligen auch unserem christlichem Bild von gelebter N\u00e4chstenliebe!\u201c<\/p>\n<p>\u201eDas Ehrenamtskonzept soll allen haupt- und ehrenamtlichen Mitarbeitern als Anregung f\u00fcr die t\u00e4gliche T\u00e4tigkeit bei der Betreuung unserer Bewohner zur Verf\u00fcgung stehen\u201c, erl\u00e4uterte Achim Eng. \u201eEs definiert den Ehrenamtsbegriff, bietet ein tragf\u00e4higes Ger\u00fcst f\u00fcr die Zusammenarbeit zwischen Hauptamtlichen und Freiwilligen, und es steckt den Rahmen f\u00fcr die Begleitung der Ehrenamtlichen durch die Einrichtungen von der Einarbeitung \u00fcber Fragen des Versicherungsschutzes und der Aufwandsentsch\u00e4digung bis hin zur Wertsch\u00e4tzung und Anerkennung\u201c.<\/p>\n<p>Auch die Arbeitsfelder, in denen Ehrenamtliche in den Altenpflegeheimen aktiv sein k\u00f6nnen, werden in der Brosch\u00fcre aufgezeigt: \u201eFreiwillige k\u00f6nnen viele sch\u00f6ne Aufgaben im Bereich der Einzelbetreuung von Senioren \u00fcbernehmen\u201c, res\u00fcmierte Simone M\u00fcller bei der Pr\u00e4sentation des Konzeptes. \u201eAber auch in der Gruppenbetreuung sind die Funktionen vielseitig und attraktiv. Hier bietet die Brosch\u00fcre Anregungen f\u00fcr jeden, der sich engagieren will!\u201c<\/p>\n<div>\n<p>Interessierte an einer ehrenamtlichen Mitarbeit in der Station\u00e4ren Altenhilfe k\u00f6nnen sich direkt an die einzelnen Caritas-Altenpflegeheime \u00c2\u00a0wenden. Eine \u00dcbersicht\u00c2\u00a0 der Einrichtungen ist im Internet unter <a href=\"http:\/\/www.caritas-fulda.de\/\">www.caritas-fulda.de<\/a> zu finden (Arbeitsfeld \u201eAlte Menschen\u201c anklicken). Schriftlich k\u00f6nnen die Adressen der Altenpflegeheime auch erfragt werden beim Caritasverband f\u00fcr die Di\u00f6zese Fulda, Ressort Altenhilfe, Wilhelmstra\u00dfe 2, 36037 Fulda bzw. per E-Mail unter kathrin.mihm@caritas-fulda.de. Unter dieser Anschrift k\u00f6nnen auch Einzelexemplare der Brosch\u00fcre \u201eEhrenamtskonzept\u201c kostenlos angefordert werden.<\/p>\n<\/div>\n","protected":false},"excerpt":{"rendered":"<div class=\"tmnf_excerpt\"><p>Fulda (cif). Offiziell der \u00d6ffentlichkeit vorgestellt wurde jetzt das neu erarbeitete Ehrenamtskonzept f\u00fcr die Station\u00e4re Altenhilfe der Caritas im Bistum Fulda: (v. li.) Di\u00f6zesan-Caritasdirektor Dr. Markus Juch, Referentin f\u00fcr Qualit\u00e4tsentwicklung in der station\u00e4ren Altenpflege Simone M\u00fcller sowie Achim Eng, Ressortleiter Jugend- und Altenhilfe, pr\u00e4sentierten gemeinsam die fertig gestellte Brosch\u00fcre (Foto).<\/p>\n<\/div>","protected":false},"author":1,"featured_media":0,"comment_status":"closed","ping_status":"closed","sticky":false,"template":"","format":"standard","meta":{"footnotes":""},"categories":[1,50],"tags":[],"class_list":["post-93018","post","type-post","status-publish","format-standard","hentry","category-startseite","category-kirche"],"_links":{"self":[{"href":"https:\/\/www.fuldaernachrichten.de\/index.php?rest_route=\/wp\/v2\/posts\/93018","targetHints":{"allow":["GET"]}}],"collection":[{"href":"https:\/\/www.fuldaernachrichten.de\/index.php?rest_route=\/wp\/v2\/posts"}],"about":[{"href":"https:\/\/www.fuldaernachrichten.de\/index.php?rest_route=\/wp\/v2\/types\/post"}],"author":[{"embeddable":true,"href":"https:\/\/www.fuldaernachrichten.de\/index.php?rest_route=\/wp\/v2\/users\/1"}],"replies":[{"embeddable":true,"href":"https:\/\/www.fuldaernachrichten.de\/index.php?rest_route=%2Fwp%2Fv2%2Fcomments&post=93018"}],"version-history":[{"count":0,"href":"https:\/\/www.fuldaernachrichten.de\/index.php?rest_route=\/wp\/v2\/posts\/93018\/revisions"}],"wp:attachment":[{"href":"https:\/\/www.fuldaernachrichten.de\/index.php?rest_route=%2Fwp%2Fv2%2Fmedia&parent=93018"}],"wp:term":[{"taxonomy":"category","embeddable":true,"href":"https:\/\/www.fuldaernachrichten.de\/index.php?rest_route=%2Fwp%2Fv2%2Fcategories&post=93018"},{"taxonomy":"post_tag","embeddable":true,"href":"https:\/\/www.fuldaernachrichten.de\/index.php?rest_route=%2Fwp%2Fv2%2Ftags&post=93018"}],"curies":[{"name":"wp","href":"https:\/\/api.w.org\/{rel}","templated":true}]}}