{"id":93014,"date":"2011-11-25T00:12:01","date_gmt":"2011-11-25T00:12:01","guid":{"rendered":"http:\/\/www.fuldaer-nachrichten.de\/?p=93014"},"modified":"2011-11-23T14:12:22","modified_gmt":"2011-11-23T14:12:22","slug":"kommenden-dienstag-beratung-bei-sprachproblemen-in-schlitz","status":"publish","type":"post","link":"https:\/\/www.fuldaernachrichten.de\/?p=93014","title":{"rendered":"Kommenden Dienstag Beratung bei Sprachproblemen in Schlitz"},"content":{"rendered":"<p>Vogelsbergkreis. Die Sprachheilbeauftragte Margit Applegate bietet am Dienstag, 29. November, in der Zeit von 17 bis 18:30 Uhr in der Dieffenbach-Grundschule in Schlitz Sprechstunden an, in denen sich Eltern sprachauff\u00e4lliger Kinder kostenlos und fachkundig beraten lassen und sich \u00fcber eventuell weitere zu veranlassende Ma\u00dfnahmen informieren k\u00f6nnen. Um Anmeldung \u00fcber das Gesundheitsamt des Vogelsbergkreises (Tel. 06641 \/ 977-183) wird gebeten.<\/p>\n","protected":false},"excerpt":{"rendered":"<div class=\"tmnf_excerpt\"><p>Vogelsbergkreis. Die Sprachheilbeauftragte Margit Applegate bietet am Dienstag, 29. November, in der Zeit von 17 bis 18:30 Uhr in der Dieffenbach-Grundschule in Schlitz Sprechstunden an, in denen sich Eltern sprachauff\u00e4lliger Kinder kostenlos und fachkundig beraten lassen und sich \u00fcber eventuell weitere zu veranlassende Ma\u00dfnahmen informieren k\u00f6nnen. Um Anmeldung \u00fcber das Gesundheitsamt des Vogelsbergkreises (Tel. 06641 &hellip;<\/p>\n<\/div>","protected":false},"author":1,"featured_media":0,"comment_status":"closed","ping_status":"closed","sticky":false,"template":"","format":"standard","meta":{"footnotes":""},"categories":[1],"tags":[],"class_list":["post-93014","post","type-post","status-publish","format-standard","hentry","category-startseite"],"_links":{"self":[{"href":"https:\/\/www.fuldaernachrichten.de\/index.php?rest_route=\/wp\/v2\/posts\/93014","targetHints":{"allow":["GET"]}}],"collection":[{"href":"https:\/\/www.fuldaernachrichten.de\/index.php?rest_route=\/wp\/v2\/posts"}],"about":[{"href":"https:\/\/www.fuldaernachrichten.de\/index.php?rest_route=\/wp\/v2\/types\/post"}],"author":[{"embeddable":true,"href":"https:\/\/www.fuldaernachrichten.de\/index.php?rest_route=\/wp\/v2\/users\/1"}],"replies":[{"embeddable":true,"href":"https:\/\/www.fuldaernachrichten.de\/index.php?rest_route=%2Fwp%2Fv2%2Fcomments&post=93014"}],"version-history":[{"count":0,"href":"https:\/\/www.fuldaernachrichten.de\/index.php?rest_route=\/wp\/v2\/posts\/93014\/revisions"}],"wp:attachment":[{"href":"https:\/\/www.fuldaernachrichten.de\/index.php?rest_route=%2Fwp%2Fv2%2Fmedia&parent=93014"}],"wp:term":[{"taxonomy":"category","embeddable":true,"href":"https:\/\/www.fuldaernachrichten.de\/index.php?rest_route=%2Fwp%2Fv2%2Fcategories&post=93014"},{"taxonomy":"post_tag","embeddable":true,"href":"https:\/\/www.fuldaernachrichten.de\/index.php?rest_route=%2Fwp%2Fv2%2Ftags&post=93014"}],"curies":[{"name":"wp","href":"https:\/\/api.w.org\/{rel}","templated":true}]}}