{"id":92820,"date":"2011-11-16T00:13:31","date_gmt":"2011-11-16T00:13:31","guid":{"rendered":"http:\/\/www.fuldaer-nachrichten.de\/?p=92820"},"modified":"2011-11-16T09:58:44","modified_gmt":"2011-11-16T09:58:44","slug":"gewalt-kein-thema-fur-die-jugendfeuerwehr-impulsveranstaltung-am-19-november","status":"publish","type":"post","link":"https:\/\/www.fuldaernachrichten.de\/?p=92820","title":{"rendered":"Gewalt kein Thema f\u00fcr die Jugendfeuerwehr &#8211; Impulsveranstaltung am 19. November"},"content":{"rendered":"<p>Osthessen. Immer mehr Jugendliche machen in ihrer Umgebung negative Erfahrungen mit Gewalt, sei es durch modernen Medien, Schule, Ausbildung, durch den n\u00e4heren Bekanntenkreis oder im schlimmsten Falle auch direkt und pers\u00f6nlich. Im Ehrenamt kann auf Gewalt positiv\u00c2\u00a0 hingewirkt werden, erfordert aber viel Fingerspitzengef\u00fchl und theoretisches Wissen. Um das ehrenamtliche Engagement in diesem Bereich zu st\u00e4rken m\u00f6chten die Kreisjugendfeuerwehren Fulda, Hersfeld-Rotenburg und Vogelsbergkreis als Dachverb\u00e4nde aller Jugendfeuerwehren in den Landkreisen dieses aktuelle Thema f\u00fcr die verantwortlichen Jugendfeuerwehrwarte und Betreuer aufarbeiten.<!--more--><br \/>\nMit Unterst\u00fctzung des Polizeipr\u00e4sidiums Osthessen soll der Startschuss f\u00fcr eine Kampagne zur Gewaltpr\u00e4vention steigen. Hierzu findet am 19. November 2011 eine Impulsveranstaltung zum Thema \u201eJugend und Gewalt, erkennen und vorbeugen\u201c in der Landesmusikakademie in Schlitz statt. Es werden \u00fcber 100 Teilnehmer aus den Reihen der Jugendfeuerwehrf\u00fchrungskr\u00e4fte, Kommunalpolitik, den Jugend\u00e4mtern sowie des Polizeipr\u00e4sidiums Osthessen erwartet. Die Inhalte des Treffens sollen einen\u00c2\u00a0 Aufschluss \u00fcber die Rolle der Opfer und T\u00e4ter, die verschiedenen Formen der Gewalt und des Missbrauchs sowie die M\u00f6glichkeiten zur Pr\u00e4vention ergeben. Kriminaloberkommissarin Rosmarie Welke wird die Problematik darstellen und durch das Programm der Veranstaltung f\u00fchren. Zum Abschluss sind eine Diskussion zur Gewaltpr\u00e4vention sowie ein Ausblick \u00fcber Fortbildungsma\u00dfnahmen geplant.<\/p>\n<p>Die Arbeit der Jugendfeuerwehren ist jetzt schon sehr vielseitig, denn diese m\u00fchen sind schon seit Jahren, um ein demokratisches Zusammenleben wie beispielsweise die Wahl von Jugendaussch\u00fcssen, die Mitbestimmung in Jugendforen oder die Festlegung von Regeln bei der Gruppenstunde, um einen reibungslosen Ablauf ohne Streitigkeiten zu gew\u00e4hrleisten. Weiterhin werden bei den Nachwuchsgruppen auch Kindern und Jugendlichen mit Migrationshintergrund oder Handicap in die Gruppen integriert.<\/p>\n<p>Eine solche Kooperation der drei Landkreise m\u00f6chte man auch k\u00fcnftig bei anderen Angelegenheiten weiterf\u00fchren und somit gemeinsame Synergieeffekt nuten, denn die Probleme in der Jugendfeuerwehrarbeit seien fast \u00fcberall die gleichen.<\/p>\n","protected":false},"excerpt":{"rendered":"<div class=\"tmnf_excerpt\"><p>Osthessen. Immer mehr Jugendliche machen in ihrer Umgebung negative Erfahrungen mit Gewalt, sei es durch modernen Medien, Schule, Ausbildung, durch den n\u00e4heren Bekanntenkreis oder im schlimmsten Falle auch direkt und pers\u00f6nlich. Im Ehrenamt kann auf Gewalt positiv\u00c2\u00a0 hingewirkt werden, erfordert aber viel Fingerspitzengef\u00fchl und theoretisches Wissen. Um das ehrenamtliche Engagement in diesem Bereich zu st\u00e4rken &hellip;<\/p>\n<\/div>","protected":false},"author":1,"featured_media":0,"comment_status":"closed","ping_status":"closed","sticky":false,"template":"","format":"standard","meta":{"footnotes":""},"categories":[1,71],"tags":[],"class_list":["post-92820","post","type-post","status-publish","format-standard","hentry","category-startseite","category-feuerwehr"],"_links":{"self":[{"href":"https:\/\/www.fuldaernachrichten.de\/index.php?rest_route=\/wp\/v2\/posts\/92820","targetHints":{"allow":["GET"]}}],"collection":[{"href":"https:\/\/www.fuldaernachrichten.de\/index.php?rest_route=\/wp\/v2\/posts"}],"about":[{"href":"https:\/\/www.fuldaernachrichten.de\/index.php?rest_route=\/wp\/v2\/types\/post"}],"author":[{"embeddable":true,"href":"https:\/\/www.fuldaernachrichten.de\/index.php?rest_route=\/wp\/v2\/users\/1"}],"replies":[{"embeddable":true,"href":"https:\/\/www.fuldaernachrichten.de\/index.php?rest_route=%2Fwp%2Fv2%2Fcomments&post=92820"}],"version-history":[{"count":0,"href":"https:\/\/www.fuldaernachrichten.de\/index.php?rest_route=\/wp\/v2\/posts\/92820\/revisions"}],"wp:attachment":[{"href":"https:\/\/www.fuldaernachrichten.de\/index.php?rest_route=%2Fwp%2Fv2%2Fmedia&parent=92820"}],"wp:term":[{"taxonomy":"category","embeddable":true,"href":"https:\/\/www.fuldaernachrichten.de\/index.php?rest_route=%2Fwp%2Fv2%2Fcategories&post=92820"},{"taxonomy":"post_tag","embeddable":true,"href":"https:\/\/www.fuldaernachrichten.de\/index.php?rest_route=%2Fwp%2Fv2%2Ftags&post=92820"}],"curies":[{"name":"wp","href":"https:\/\/api.w.org\/{rel}","templated":true}]}}