{"id":92687,"date":"2011-11-14T00:10:56","date_gmt":"2011-11-14T00:10:56","guid":{"rendered":"http:\/\/www.fuldaer-nachrichten.de\/?p=92687"},"modified":"2011-11-14T09:04:34","modified_gmt":"2011-11-14T09:04:34","slug":"jugendfeuerwehren-aus-landkreisen-fulda-vogelsberg-und-hersfeld-rotenburg-starten-kampagne-zur-gewaltpravention","status":"publish","type":"post","link":"https:\/\/www.fuldaernachrichten.de\/?p=92687","title":{"rendered":"Jugendfeuerwehren aus Landkreisen Fulda, Vogelsberg und Hersfeld-Rotenburg starten Kampagne zur Gewaltpr\u00e4vention"},"content":{"rendered":"<p>Fulda\/Schlitz. Immer mehr Jugendliche machen in ihrer Umgebung negative Erfahrungen mit Gewalt, sei es durch moderne Medien, Schule, Ausbildung, im n\u00e4heren Bekanntenkreis oder im schlimmsten Falle auch direkt und pers\u00f6nlich. Im Ehrenamt kann Gewalt positiv entgegengewirkt werden. Allerdings erfordert dies viel Fingerspitzengef\u00fchl und theoretisches Wissen.<!--more--><\/p>\n<p>Um das ehrenamtliche Engagement in diesem Bereich zu st\u00e4rken, m\u00f6chte die Kreisjugendfeuerwehr Fulda als Dachverband aller Jugendfeuerwehren im Landkreis das Thema Gewalt mit den verantwortlichen Jugendfeuerwehrwarten und Betreuern aufarbeiten. Zusammen mit den Kreisjugendfeuerwehren aus den Nachbarkreisen Vogelsberg und Hersfeld-Rotenburg sowie mit Unterst\u00fctzung des Polizeipr\u00e4sidiums Osthessen soll der Startschuss f\u00fcr eine Kampagne zur Gewaltpr\u00e4vention gegeben werden.<\/p>\n<p>Hierzu findet am Samstag, 19. November, eine Impulsveranstaltung \u201eJugend und Gewalt, erkennen und vorbeugen\u201c in der Landesmusikakademie in Schlitz statt. Es werden \u00fcber 100 Teilnehmer aus den Reihen der Jugendfeuerwehrf\u00fchrungskr\u00e4fte, Kommunalpolitik, der Jugend\u00e4mter sowie des Polizeipr\u00e4sidiums Osthessen erwartet. Das Treffen soll Aufschluss \u00fcber die Rolle der Opfer und T\u00e4ter, die verschiedenen Formen der Gewalt und des Missbrauchs sowie \u00fcber M\u00f6glichkeiten der Pr\u00e4vention geben.<\/p>\n<p>Die Jugendfeuerwehren sind schon seit Jahren bem\u00fcht, ein demokratisches Zusammenleben zum Beispiel durch die Wahl von Jugendaussch\u00fcssen, die Mitbestimmung in Jugendforen oder die Festlegung von Regeln f\u00fcr Gruppenstunden zu gew\u00e4hrleisten. Dabei werden auch Kinder und Jugendliche mit Migrationshintergrund oder Handicap integriert. Die Kooperation der drei Landkreise m\u00f6chte man k\u00fcnftig auch bei anderen Gelegenheiten fortf\u00fchren und somit Synergieeffekte nutzen, denn die Probleme in der Jugendfeuerwehr d\u00fcrften fast \u00fcberall gleich sein.<\/p>\n","protected":false},"excerpt":{"rendered":"<div class=\"tmnf_excerpt\"><p>Fulda\/Schlitz. Immer mehr Jugendliche machen in ihrer Umgebung negative Erfahrungen mit Gewalt, sei es durch moderne Medien, Schule, Ausbildung, im n\u00e4heren Bekanntenkreis oder im schlimmsten Falle auch direkt und pers\u00f6nlich. Im Ehrenamt kann Gewalt positiv entgegengewirkt werden. Allerdings erfordert dies viel Fingerspitzengef\u00fchl und theoretisches Wissen.<\/p>\n<\/div>","protected":false},"author":1,"featured_media":0,"comment_status":"closed","ping_status":"closed","sticky":false,"template":"","format":"standard","meta":{"footnotes":""},"categories":[1,71],"tags":[],"class_list":["post-92687","post","type-post","status-publish","format-standard","hentry","category-startseite","category-feuerwehr"],"_links":{"self":[{"href":"https:\/\/www.fuldaernachrichten.de\/index.php?rest_route=\/wp\/v2\/posts\/92687","targetHints":{"allow":["GET"]}}],"collection":[{"href":"https:\/\/www.fuldaernachrichten.de\/index.php?rest_route=\/wp\/v2\/posts"}],"about":[{"href":"https:\/\/www.fuldaernachrichten.de\/index.php?rest_route=\/wp\/v2\/types\/post"}],"author":[{"embeddable":true,"href":"https:\/\/www.fuldaernachrichten.de\/index.php?rest_route=\/wp\/v2\/users\/1"}],"replies":[{"embeddable":true,"href":"https:\/\/www.fuldaernachrichten.de\/index.php?rest_route=%2Fwp%2Fv2%2Fcomments&post=92687"}],"version-history":[{"count":0,"href":"https:\/\/www.fuldaernachrichten.de\/index.php?rest_route=\/wp\/v2\/posts\/92687\/revisions"}],"wp:attachment":[{"href":"https:\/\/www.fuldaernachrichten.de\/index.php?rest_route=%2Fwp%2Fv2%2Fmedia&parent=92687"}],"wp:term":[{"taxonomy":"category","embeddable":true,"href":"https:\/\/www.fuldaernachrichten.de\/index.php?rest_route=%2Fwp%2Fv2%2Fcategories&post=92687"},{"taxonomy":"post_tag","embeddable":true,"href":"https:\/\/www.fuldaernachrichten.de\/index.php?rest_route=%2Fwp%2Fv2%2Ftags&post=92687"}],"curies":[{"name":"wp","href":"https:\/\/api.w.org\/{rel}","templated":true}]}}