{"id":92168,"date":"2011-10-28T00:05:38","date_gmt":"2011-10-28T00:05:38","guid":{"rendered":"http:\/\/www.fuldaer-nachrichten.de\/?p=92168"},"modified":"2011-10-28T12:16:12","modified_gmt":"2011-10-28T12:16:12","slug":"bewegung-und-spas-haben-zumba-party-fur-guten-zweck","status":"publish","type":"post","link":"https:\/\/www.fuldaernachrichten.de\/?p=92168","title":{"rendered":"\u201eBewegung und Spa\u00df haben\u201c &#8211; Zumba-Party f\u00fcr guten Zweck &#8211; \u00dcber 3000 \u00e2\u201a\u00ac f\u00fcr Schl\u00fcchterner Kita &#8220;Hoppetosse&#8221;"},"content":{"rendered":"<p><strong><a href=\"http:\/\/www.fuldaer-nachrichten.de\/wp-content\/uploads\/2011\/10\/111028_Spende.jpg\"><img fetchpriority=\"high\" decoding=\"async\" class=\"alignnone size-full wp-image-92194\" title=\"111028_Spende\" src=\"http:\/\/www.fuldaer-nachrichten.de\/wp-content\/uploads\/2011\/10\/111028_Spende.jpg\" alt=\"\" width=\"592\" height=\"394\" srcset=\"https:\/\/www.fuldaernachrichten.de\/wp-content\/uploads\/2011\/10\/111028_Spende.jpg 592w, https:\/\/www.fuldaernachrichten.de\/wp-content\/uploads\/2011\/10\/111028_Spende-265x176.jpg 265w\" sizes=\"(max-width: 592px) 100vw, 592px\" \/><\/a><\/strong><\/p>\n<p><strong>Schl\u00fcchtern. <\/strong>Das ist doch wirklich einmal eine richtig gute Nachricht. Und zwar f\u00fcr die Kindertagespflegest\u00e4tte Hoppetosse in Schl\u00fcchtern, die sich \u00fcber einen Scheck in H\u00f6he von \u00fcber 3000,00 Euro freuen durfte. Der Erl\u00f6s der \u201eZumba-Party\u201c am vergangenen Mittwoch, aber auch die Einnahmen weiterer \u00c2\u00a0Zumba-Events sind gesammelt worden, um ein regionales Kinderhilfsprojekt zu unterst\u00fctzen. Radi Albrecht, die <a href=\"http:\/\/zumba-steinau.de\" target=\"_blank\">zumba-steinau.de<\/a> ins Leben gerufen hat, war gl\u00fccklich und stolz darauf, dass ein solch gro\u00dfer Betrag \u00fcberreicht werden konnte. Ihr Dank galt vor allem den vielen, vielen Teilnehmern, die flei\u00dfig Zumba getanzt haben und deren Eintritt jetzt Kindern in der Region zu Gute kommt.<\/p>\n<p>Fotos (47): Marzena Traber<!--more--><\/p>\n<p>\u201eRadi\u00c2\u00b4s Partys\u201c sind inzwischen Kult. Begeisterung pur war auch diesmal das Fazit der Zumba Party! Jeder Teilnehmer wurde mit einem Prosecco (oder auch etwas Alkoholfreiem) begr\u00fc\u00dft, dann starteten \u00fcber 200 Zumbianer die eigentliche Party. Alle Instruktoren heizten die riesige Gruppe an, bevor drei absolute Zumba-Profis aus Brasilien den Saal gerockt haben. Jeder Schritt wurde verfolgt und versucht nachzumachen. \u00dcber drei Stunden ging das Programm, bevor alle v\u00f6llig fertig, aber zufrieden und gl\u00fccklich den sp\u00e4ten Heimweg angetreten haben.<\/p>\n<p><a title=\"Foto: Marzena Traber\" href=\"http:\/\/www.fuldaer-nachrichten.de\/wp-content\/uploads\/2011\/10\/111028_Zumba_007.jpg\" rel=\"lightbox[roadtrip]\" target=\"_blank\"><img decoding=\"async\" src=\"http:\/\/www.fuldaer-nachrichten.de\/wp-content\/uploads\/2011\/10\/111028_Zumba_007.thumbnail.jpg\" alt=\"110813_Sorg_007.jpg\" width=\"265\" \/><\/a> <a title=\"Foto: Marzena Traber\" href=\"http:\/\/www.fuldaer-nachrichten.de\/wp-content\/uploads\/2011\/10\/111028_Zumba_008.jpg\" rel=\"lightbox[roadtrip]\" target=\"_blank\"><img decoding=\"async\" src=\"http:\/\/www.fuldaer-nachrichten.de\/wp-content\/uploads\/2011\/10\/111028_Zumba_008.thumbnail.jpg\" alt=\"110813_Sorg_008.jpg\" width=\"265\" \/><\/a><\/p>\n<p><a title=\"Foto: Marzena Traber\" href=\"http:\/\/www.fuldaer-nachrichten.de\/wp-content\/uploads\/2011\/10\/111028_Zumba_021.jpg\" rel=\"lightbox[roadtrip]\" target=\"_blank\"><img decoding=\"async\" src=\"http:\/\/www.fuldaer-nachrichten.de\/wp-content\/uploads\/2011\/10\/111028_Zumba_021.thumbnail.jpg\" alt=\"110813_Sorg_021.jpg\" width=\"265\" \/><\/a> <a title=\"Foto: Marzena Traber\" href=\"http:\/\/www.fuldaer-nachrichten.de\/wp-content\/uploads\/2011\/10\/111028_Zumba_017.jpg\" rel=\"lightbox[roadtrip]\" target=\"_blank\"><img decoding=\"async\" src=\"http:\/\/www.fuldaer-nachrichten.de\/wp-content\/uploads\/2011\/10\/111028_Zumba_017.thumbnail.jpg\" alt=\"110813_Sorg_017.jpg\" width=\"265\" \/><\/a><\/p>\n<p>F\u00fcr diejenigen, die es noch nicht kennen: Zumba ist der spanische Slang f\u00fcr \u201eBewegung und Spa\u00df haben\u201c und seit l\u00e4ngerem schon ein riesiger Erfolg in US \u2013 Fitness-Clubs und Tanzstudios. Bei einem Musik-Mix aus Salsa, Merengue, Calypso oder Flamenco kommt nicht nur \u201eUrlaubs-Feeling\u201c auf, sondern auch die Lust an der Bewegung. Ohne Vorkenntnisse einsteigen, ohne sich Gedanken \u00fcber komplizierte Choreografien, ohne den Stress, ob man das \u00fcberhaupt schafft. Zumba packt jeden und ist f\u00fcr alle Menschen, ob jung, ob alt, ob dick, ob d\u00fcnn. Zumba baut Stress ab und l\u00e4sst die Alltagssorgen in den Hintergrund treten. Und \u00fcber das ein oder andere Pfund weniger auf den H\u00fcften, kann uns allen doch in der Regel auch nicht wirklich schaden.<\/p>\n<p><a title=\"Foto: Marzena Traber\" href=\"http:\/\/www.fuldaer-nachrichten.de\/wp-content\/uploads\/2011\/10\/111028_Zumba_035.jpg\" rel=\"lightbox[roadtrip]\" target=\"_blank\"><img decoding=\"async\" src=\"http:\/\/www.fuldaer-nachrichten.de\/wp-content\/uploads\/2011\/10\/111028_Zumba_035.thumbnail.jpg\" alt=\"110813_Sorg_035.jpg\" width=\"265\" \/><\/a> <a title=\"Foto: Marzena Traber\" href=\"http:\/\/www.fuldaer-nachrichten.de\/wp-content\/uploads\/2011\/10\/111028_Zumba_031.jpg\" rel=\"lightbox[roadtrip]\" target=\"_blank\"><img decoding=\"async\" src=\"http:\/\/www.fuldaer-nachrichten.de\/wp-content\/uploads\/2011\/10\/111028_Zumba_031.thumbnail.jpg\" alt=\"110813_Sorg_031.jpg\" width=\"265\" \/><\/a><\/p>\n<p><a title=\"Foto: Marzena Traber\" href=\"http:\/\/www.fuldaer-nachrichten.de\/wp-content\/uploads\/2011\/10\/111028_Zumba_039.jpg\" rel=\"lightbox[roadtrip]\" target=\"_blank\"><img decoding=\"async\" src=\"http:\/\/www.fuldaer-nachrichten.de\/wp-content\/uploads\/2011\/10\/111028_Zumba_039.thumbnail.jpg\" alt=\"110813_Sorg_039.jpg\" width=\"265\" \/><\/a> <a title=\"Foto: Marzena Traber\" href=\"http:\/\/www.fuldaer-nachrichten.de\/wp-content\/uploads\/2011\/10\/111028_Zumba_040.jpg\" rel=\"lightbox[roadtrip]\" target=\"_blank\"><img decoding=\"async\" src=\"http:\/\/www.fuldaer-nachrichten.de\/wp-content\/uploads\/2011\/10\/111028_Zumba_040.thumbnail.jpg\" alt=\"110813_Sorg_040.jpg\" width=\"265\" \/><\/a><\/p>\n<p>Aber Vorsicht! Der Zumba-Virus ist h\u00f6chst ansteckend! In Steinau und Schl\u00fcchtern bereits \u00fcber 500 Infizierte. Und \u201eRadi\u201c sorgt jetzt auch noch f\u00fcr weitere Verbreiterung in Fulda. Ab dem 1. November startet sie eine Kooperation mit dem Paradiso in Fulda, um auch hier die Begeisterung f\u00fcr Zumba-Fitness zu wecken. Durch die Zusammenarbeit k\u00f6nnen beide Parteien k\u00fcnftig \u00fcber 12 Instruktoren verf\u00fcgen, die sich untereinander austauschen. Das sorgt f\u00fcr Abwechslung in den Kursen und der \u201eBewegungs-Virus\u201c kann so noch besser und noch schneller mutieren. Die wohl einzig akzeptable Virus-Infektion! Alle Interessenten k\u00f6nnen sowohl in Steinau, Schl\u00fcchtern als auch im Paradiso in Fulda Zumba ohne Vertrag \u2013 ohne Bindung zu einem kleinen, fairen Preis machen. Auch das ist eine gute Nachricht.<\/p>\n<p><a title=\"Foto: Marzena Traber\" href=\"http:\/\/www.fuldaer-nachrichten.de\/wp-content\/uploads\/2011\/10\/111028_Zumba_001.jpg\" rel=\"lightbox[roadtrip]\" target=\"_blank\"><img decoding=\"async\" src=\"http:\/\/www.fuldaer-nachrichten.de\/wp-content\/uploads\/2011\/10\/111028_Zumba_001.thumbnail.jpg\" alt=\"110813_Sorg_001.jpg\" width=\"265\" height=\"152\" \/><\/a> <a title=\"Foto: Marzena Traber\" href=\"http:\/\/www.fuldaer-nachrichten.de\/wp-content\/uploads\/2011\/10\/111028_Zumba_002.jpg\" rel=\"lightbox[roadtrip]\" target=\"_blank\"><img decoding=\"async\" src=\"http:\/\/www.fuldaer-nachrichten.de\/wp-content\/uploads\/2011\/10\/111028_Zumba_002.thumbnail.jpg\" alt=\"110813_Sorg_002.jpg\" width=\"265\" height=\"152\" \/><\/a><\/p>\n<p><a title=\"Foto: Marzena Traber\" href=\"http:\/\/www.fuldaer-nachrichten.de\/wp-content\/uploads\/2011\/10\/111028_Zumba_003.jpg\" rel=\"lightbox[roadtrip]\" target=\"_blank\"><img decoding=\"async\" src=\"http:\/\/www.fuldaer-nachrichten.de\/wp-content\/uploads\/2011\/10\/111028_Zumba_003.thumbnail.jpg\" alt=\"110813_Sorg_003.jpg\" width=\"265\" \/><\/a> <a title=\"Foto: Marzena Traber\" href=\"http:\/\/www.fuldaer-nachrichten.de\/wp-content\/uploads\/2011\/10\/111028_Zumba_004.jpg\" rel=\"lightbox[roadtrip]\" target=\"_blank\"><img decoding=\"async\" src=\"http:\/\/www.fuldaer-nachrichten.de\/wp-content\/uploads\/2011\/10\/111028_Zumba_004.thumbnail.jpg\" alt=\"110813_Sorg_004.jpg\" width=\"265\" \/><\/a><\/p>\n<p><a title=\"Foto: Marzena Traber\" href=\"http:\/\/www.fuldaer-nachrichten.de\/wp-content\/uploads\/2011\/10\/111028_Zumba_005.jpg\" rel=\"lightbox[roadtrip]\" target=\"_blank\"><img decoding=\"async\" src=\"http:\/\/www.fuldaer-nachrichten.de\/wp-content\/uploads\/2011\/10\/111028_Zumba_005.thumbnail.jpg\" alt=\"110813_Sorg_005.jpg\" width=\"265\" \/><\/a> <a title=\"Foto: Marzena Traber\" href=\"http:\/\/www.fuldaer-nachrichten.de\/wp-content\/uploads\/2011\/10\/111028_Zumba_009.jpg\" rel=\"lightbox[roadtrip]\" target=\"_blank\"><img decoding=\"async\" src=\"http:\/\/www.fuldaer-nachrichten.de\/wp-content\/uploads\/2011\/10\/111028_Zumba_009.thumbnail.jpg\" alt=\"110813_Sorg_009.jpg\" width=\"265\" \/><\/a><\/p>\n<p><a title=\"Foto: Marzena Traber\" href=\"http:\/\/www.fuldaer-nachrichten.de\/wp-content\/uploads\/2011\/10\/111028_Zumba_010.jpg\" rel=\"lightbox[roadtrip]\" target=\"_blank\"><img decoding=\"async\" src=\"http:\/\/www.fuldaer-nachrichten.de\/wp-content\/uploads\/2011\/10\/111028_Zumba_010.thumbnail.jpg\" alt=\"110813_Sorg_010.jpg\" width=\"265\" \/><\/a> <a title=\"Foto: Marzena Traber\" href=\"http:\/\/www.fuldaer-nachrichten.de\/wp-content\/uploads\/2011\/10\/111028_Zumba_006.jpg\" rel=\"lightbox[roadtrip]\" target=\"_blank\"><img decoding=\"async\" src=\"http:\/\/www.fuldaer-nachrichten.de\/wp-content\/uploads\/2011\/10\/111028_Zumba_006.thumbnail.jpg\" alt=\"110813_Sorg_006.jpg\" width=\"265\" \/><\/a><\/p>\n<p><a title=\"Foto: Marzena Traber\" href=\"http:\/\/www.fuldaer-nachrichten.de\/wp-content\/uploads\/2011\/10\/111028_Zumba_012.jpg\" rel=\"lightbox[roadtrip]\" target=\"_blank\"><img decoding=\"async\" src=\"http:\/\/www.fuldaer-nachrichten.de\/wp-content\/uploads\/2011\/10\/111028_Zumba_012.thumbnail.jpg\" alt=\"110813_Sorg_012.jpg\" width=\"265\" \/><\/a> <a title=\"Foto: Marzena Traber\" href=\"http:\/\/www.fuldaer-nachrichten.de\/wp-content\/uploads\/2011\/10\/111028_Zumba_018.jpg\" rel=\"lightbox[roadtrip]\" target=\"_blank\"><img decoding=\"async\" src=\"http:\/\/www.fuldaer-nachrichten.de\/wp-content\/uploads\/2011\/10\/111028_Zumba_018.thumbnail.jpg\" alt=\"110813_Sorg_018.jpg\" width=\"265\" \/><\/a><\/p>\n<p><a title=\"Foto: Marzena Traber\" href=\"http:\/\/www.fuldaer-nachrichten.de\/wp-content\/uploads\/2011\/10\/111028_Zumba_014.jpg\" rel=\"lightbox[roadtrip]\" target=\"_blank\"><img decoding=\"async\" src=\"http:\/\/www.fuldaer-nachrichten.de\/wp-content\/uploads\/2011\/10\/111028_Zumba_014.thumbnail.jpg\" alt=\"110813_Sorg_014.jpg\" width=\"265\" \/><\/a> <a title=\"Foto: Marzena Traber\" href=\"http:\/\/www.fuldaer-nachrichten.de\/wp-content\/uploads\/2011\/10\/111028_Zumba_013.jpg\" rel=\"lightbox[roadtrip]\" target=\"_blank\"><img decoding=\"async\" src=\"http:\/\/www.fuldaer-nachrichten.de\/wp-content\/uploads\/2011\/10\/111028_Zumba_013.thumbnail.jpg\" alt=\"110813_Sorg_013.jpg\" width=\"265\" \/><\/a><\/p>\n<p><a title=\"Foto: Marzena Traber\" href=\"http:\/\/www.fuldaer-nachrichten.de\/wp-content\/uploads\/2011\/10\/111028_Zumba_016.jpg\" rel=\"lightbox[roadtrip]\" target=\"_blank\"><img decoding=\"async\" src=\"http:\/\/www.fuldaer-nachrichten.de\/wp-content\/uploads\/2011\/10\/111028_Zumba_016.thumbnail.jpg\" alt=\"110813_Sorg_016.jpg\" width=\"265\" \/><\/a> <a title=\"Foto: Marzena Traber\" href=\"http:\/\/www.fuldaer-nachrichten.de\/wp-content\/uploads\/2011\/10\/111028_Zumba_011.jpg\" rel=\"lightbox[roadtrip]\" target=\"_blank\"><img decoding=\"async\" src=\"http:\/\/www.fuldaer-nachrichten.de\/wp-content\/uploads\/2011\/10\/111028_Zumba_011.thumbnail.jpg\" alt=\"110813_Sorg_011.jpg\" width=\"265\" \/><\/a><\/p>\n<p><a title=\"Foto: Marzena Traber\" href=\"http:\/\/www.fuldaer-nachrichten.de\/wp-content\/uploads\/2011\/10\/111028_Zumba_019.jpg\" rel=\"lightbox[roadtrip]\" target=\"_blank\"><img decoding=\"async\" src=\"http:\/\/www.fuldaer-nachrichten.de\/wp-content\/uploads\/2011\/10\/111028_Zumba_019.thumbnail.jpg\" alt=\"110813_Sorg_019.jpg\" width=\"265\" \/><\/a> <a title=\"Foto: Marzena Traber\" href=\"http:\/\/www.fuldaer-nachrichten.de\/wp-content\/uploads\/2011\/10\/111028_Zumba_038.jpg\" rel=\"lightbox[roadtrip]\" target=\"_blank\"><img decoding=\"async\" src=\"http:\/\/www.fuldaer-nachrichten.de\/wp-content\/uploads\/2011\/10\/111028_Zumba_038.thumbnail.jpg\" alt=\"110813_Sorg_038.jpg\" width=\"265\" \/><\/a><\/p>\n<p><a title=\"Foto: Marzena Traber\" href=\"http:\/\/www.fuldaer-nachrichten.de\/wp-content\/uploads\/2011\/10\/111028_Zumba_022.jpg\" rel=\"lightbox[roadtrip]\" target=\"_blank\"><img decoding=\"async\" src=\"http:\/\/www.fuldaer-nachrichten.de\/wp-content\/uploads\/2011\/10\/111028_Zumba_022.thumbnail.jpg\" alt=\"110813_Sorg_022.jpg\" width=\"265\" \/><\/a> <a title=\"Foto: Marzena Traber\" href=\"http:\/\/www.fuldaer-nachrichten.de\/wp-content\/uploads\/2011\/10\/111028_Zumba_023.jpg\" rel=\"lightbox[roadtrip]\" target=\"_blank\"><img decoding=\"async\" src=\"http:\/\/www.fuldaer-nachrichten.de\/wp-content\/uploads\/2011\/10\/111028_Zumba_023.thumbnail.jpg\" alt=\"110813_Sorg_023.jpg\" width=\"265\" \/><\/a><\/p>\n<p><a title=\"Foto: Marzena Traber\" href=\"http:\/\/www.fuldaer-nachrichten.de\/wp-content\/uploads\/2011\/10\/111028_Zumba_024.jpg\" rel=\"lightbox[roadtrip]\" target=\"_blank\"><img decoding=\"async\" src=\"http:\/\/www.fuldaer-nachrichten.de\/wp-content\/uploads\/2011\/10\/111028_Zumba_024.thumbnail.jpg\" alt=\"110813_Sorg_024.jpg\" width=\"265\" \/><\/a> <a title=\"Foto: Marzena Traber\" href=\"http:\/\/www.fuldaer-nachrichten.de\/wp-content\/uploads\/2011\/10\/111028_Zumba_025.jpg\" rel=\"lightbox[roadtrip]\" target=\"_blank\"><img decoding=\"async\" src=\"http:\/\/www.fuldaer-nachrichten.de\/wp-content\/uploads\/2011\/10\/111028_Zumba_025.thumbnail.jpg\" alt=\"110813_Sorg_025.jpg\" width=\"265\" \/><\/a><\/p>\n<p><a title=\"Foto: Marzena Traber\" href=\"http:\/\/www.fuldaer-nachrichten.de\/wp-content\/uploads\/2011\/10\/111028_Zumba_027.jpg\" rel=\"lightbox[roadtrip]\" target=\"_blank\"><img loading=\"lazy\" decoding=\"async\" src=\"http:\/\/www.fuldaer-nachrichten.de\/wp-content\/uploads\/2011\/10\/111028_Zumba_027.thumbnail.jpg\" alt=\"110813_Sorg_027.jpg\" width=\"265\" height=\"436\" \/><\/a>\u00c2\u00a0<a title=\"Foto: Marzena Traber\" href=\"http:\/\/www.fuldaer-nachrichten.de\/wp-content\/uploads\/2011\/10\/111028_Zumba_015.jpg\" rel=\"lightbox[roadtrip]\" target=\"_blank\"><img loading=\"lazy\" decoding=\"async\" src=\"http:\/\/www.fuldaer-nachrichten.de\/wp-content\/uploads\/2011\/10\/111028_Zumba_015.thumbnail.jpg\" alt=\"110813_Sorg_015.jpg\" width=\"265\" height=\"436\" \/><\/a><\/p>\n<p><a title=\"Foto: Marzena Traber\" href=\"http:\/\/www.fuldaer-nachrichten.de\/wp-content\/uploads\/2011\/10\/111028_Zumba_026.jpg\" rel=\"lightbox[roadtrip]\" target=\"_blank\"><img decoding=\"async\" src=\"http:\/\/www.fuldaer-nachrichten.de\/wp-content\/uploads\/2011\/10\/111028_Zumba_026.thumbnail.jpg\" alt=\"110813_Sorg_026.jpg\" width=\"265\" \/><\/a> <a title=\"Foto: Marzena Traber\" href=\"http:\/\/www.fuldaer-nachrichten.de\/wp-content\/uploads\/2011\/10\/111028_Zumba_028.jpg\" rel=\"lightbox[roadtrip]\" target=\"_blank\"><img decoding=\"async\" src=\"http:\/\/www.fuldaer-nachrichten.de\/wp-content\/uploads\/2011\/10\/111028_Zumba_028.thumbnail.jpg\" alt=\"110813_Sorg_028.jpg\" width=\"265\" \/><\/a><\/p>\n<p><a title=\"Foto: Marzena Traber\" href=\"http:\/\/www.fuldaer-nachrichten.de\/wp-content\/uploads\/2011\/10\/111028_Zumba_037.jpg\" rel=\"lightbox[roadtrip]\" target=\"_blank\"><img loading=\"lazy\" decoding=\"async\" src=\"http:\/\/www.fuldaer-nachrichten.de\/wp-content\/uploads\/2011\/10\/111028_Zumba_037.thumbnail.jpg\" alt=\"110813_Sorg_037.jpg\" width=\"265\" height=\"165\" \/><\/a>\u00c2\u00a0<a title=\"Foto: Marzena Traber\" href=\"http:\/\/www.fuldaer-nachrichten.de\/wp-content\/uploads\/2011\/10\/111028_Zumba_020.jpg\" rel=\"lightbox[roadtrip]\" target=\"_blank\"><img decoding=\"async\" src=\"http:\/\/www.fuldaer-nachrichten.de\/wp-content\/uploads\/2011\/10\/111028_Zumba_020.thumbnail.jpg\" alt=\"110813_Sorg_020.jpg\" width=\"265\" \/><\/a><\/p>\n<p><a title=\"Foto: Marzena Traber\" href=\"http:\/\/www.fuldaer-nachrichten.de\/wp-content\/uploads\/2011\/10\/111028_Zumba_036.jpg\" rel=\"lightbox[roadtrip]\" target=\"_blank\"><img decoding=\"async\" src=\"http:\/\/www.fuldaer-nachrichten.de\/wp-content\/uploads\/2011\/10\/111028_Zumba_036.thumbnail.jpg\" alt=\"110813_Sorg_036.jpg\" width=\"265\" \/><\/a> <a title=\"Foto: Marzena Traber\" href=\"http:\/\/www.fuldaer-nachrichten.de\/wp-content\/uploads\/2011\/10\/111028_Zumba_032.jpg\" rel=\"lightbox[roadtrip]\" target=\"_blank\"><img decoding=\"async\" src=\"http:\/\/www.fuldaer-nachrichten.de\/wp-content\/uploads\/2011\/10\/111028_Zumba_032.thumbnail.jpg\" alt=\"110813_Sorg_032.jpg\" width=\"265\" \/><\/a><\/p>\n<p><a title=\"Foto: Marzena Traber\" href=\"http:\/\/www.fuldaer-nachrichten.de\/wp-content\/uploads\/2011\/10\/111028_Zumba_033.jpg\" rel=\"lightbox[roadtrip]\" target=\"_blank\"><img decoding=\"async\" src=\"http:\/\/www.fuldaer-nachrichten.de\/wp-content\/uploads\/2011\/10\/111028_Zumba_033.thumbnail.jpg\" alt=\"110813_Sorg_033.jpg\" width=\"265\" \/><\/a> <a title=\"Foto: Marzena Traber\" href=\"http:\/\/www.fuldaer-nachrichten.de\/wp-content\/uploads\/2011\/10\/111028_Zumba_034.jpg\" rel=\"lightbox[roadtrip]\" target=\"_blank\"><img decoding=\"async\" src=\"http:\/\/www.fuldaer-nachrichten.de\/wp-content\/uploads\/2011\/10\/111028_Zumba_034.thumbnail.jpg\" alt=\"110813_Sorg_034.jpg\" width=\"265\" \/><\/a><\/p>\n<p><a title=\"Foto: Marzena Traber\" href=\"http:\/\/www.fuldaer-nachrichten.de\/wp-content\/uploads\/2011\/10\/111028_Zumba_048.jpg\" rel=\"lightbox[roadtrip]\" target=\"_blank\"><img decoding=\"async\" src=\"http:\/\/www.fuldaer-nachrichten.de\/wp-content\/uploads\/2011\/10\/111028_Zumba_048.thumbnail.jpg\" alt=\"110813_Sorg_048.jpg\" width=\"265\" \/><\/a>\u00c2\u00a0<a title=\"Foto: Marzena Traber\" href=\"http:\/\/www.fuldaer-nachrichten.de\/wp-content\/uploads\/2011\/10\/111028_Zumba_043.jpg\" rel=\"lightbox[roadtrip]\" target=\"_blank\"><img decoding=\"async\" src=\"http:\/\/www.fuldaer-nachrichten.de\/wp-content\/uploads\/2011\/10\/111028_Zumba_043.thumbnail.jpg\" alt=\"110813_Sorg_043.jpg\" width=\"265\" \/><\/a><\/p>\n<p><a title=\"Foto: Marzena Traber\" href=\"http:\/\/www.fuldaer-nachrichten.de\/wp-content\/uploads\/2011\/10\/111028_Zumba_045.jpg\" rel=\"lightbox[roadtrip]\" target=\"_blank\"><img decoding=\"async\" src=\"http:\/\/www.fuldaer-nachrichten.de\/wp-content\/uploads\/2011\/10\/111028_Zumba_045.thumbnail.jpg\" alt=\"110813_Sorg_045.jpg\" width=\"265\" \/><\/a> <a title=\"Foto: Marzena Traber\" href=\"http:\/\/www.fuldaer-nachrichten.de\/wp-content\/uploads\/2011\/10\/111028_Zumba_046.jpg\" rel=\"lightbox[roadtrip]\" target=\"_blank\"><img decoding=\"async\" src=\"http:\/\/www.fuldaer-nachrichten.de\/wp-content\/uploads\/2011\/10\/111028_Zumba_046.thumbnail.jpg\" alt=\"110813_Sorg_046.jpg\" width=\"265\" \/><\/a><\/p>\n<p><a title=\"Foto: Marzena Traber\" href=\"http:\/\/www.fuldaer-nachrichten.de\/wp-content\/uploads\/2011\/10\/111028_Zumba_047.jpg\" rel=\"lightbox[roadtrip]\" target=\"_blank\"><img decoding=\"async\" src=\"http:\/\/www.fuldaer-nachrichten.de\/wp-content\/uploads\/2011\/10\/111028_Zumba_047.thumbnail.jpg\" alt=\"110813_Sorg_047.jpg\" width=\"265\" \/><\/a> <a title=\"Foto: Marzena Traber\" href=\"http:\/\/www.fuldaer-nachrichten.de\/wp-content\/uploads\/2011\/10\/111028_Zumba_050.jpg\" rel=\"lightbox[roadtrip]\" target=\"_blank\"><img decoding=\"async\" src=\"http:\/\/www.fuldaer-nachrichten.de\/wp-content\/uploads\/2011\/10\/111028_Zumba_050.thumbnail.jpg\" alt=\"110813_Sorg_050.jpg\" width=\"265\" \/><\/a><\/p>\n<p><a title=\"Foto: Marzena Traber\" href=\"http:\/\/www.fuldaer-nachrichten.de\/wp-content\/uploads\/2011\/10\/111028_Zumba_029.jpg\" rel=\"lightbox[roadtrip]\" target=\"_blank\"><img decoding=\"async\" src=\"http:\/\/www.fuldaer-nachrichten.de\/wp-content\/uploads\/2011\/10\/111028_Zumba_029.thumbnail.jpg\" alt=\"110813_Sorg_029.jpg\" width=\"265\" \/><\/a> <a title=\"Foto: Marzena Traber\" href=\"http:\/\/www.fuldaer-nachrichten.de\/wp-content\/uploads\/2011\/10\/111028_Zumba_030.jpg\" rel=\"lightbox[roadtrip]\" target=\"_blank\"><img decoding=\"async\" src=\"http:\/\/www.fuldaer-nachrichten.de\/wp-content\/uploads\/2011\/10\/111028_Zumba_030.thumbnail.jpg\" alt=\"110813_Sorg_030.jpg\" width=\"265\" \/><\/a><\/p>\n<p>&nbsp;<\/p>\n","protected":false},"excerpt":{"rendered":"<div class=\"tmnf_excerpt\"><p>Schl\u00fcchtern. Das ist doch wirklich einmal eine richtig gute Nachricht. Und zwar f\u00fcr die Kindertagespflegest\u00e4tte Hoppetosse in Schl\u00fcchtern, die sich \u00fcber einen Scheck in H\u00f6he von \u00fcber 3000,00 Euro freuen durfte. Der Erl\u00f6s der \u201eZumba-Party\u201c am vergangenen Mittwoch, aber auch die Einnahmen weiterer \u00c2\u00a0Zumba-Events sind gesammelt worden, um ein regionales Kinderhilfsprojekt zu unterst\u00fctzen. Radi Albrecht, &hellip;<\/p>\n<\/div>","protected":false},"author":1,"featured_media":0,"comment_status":"closed","ping_status":"closed","sticky":false,"template":"","format":"standard","meta":{"footnotes":""},"categories":[1,54,78],"tags":[],"class_list":["post-92168","post","type-post","status-publish","format-standard","hentry","category-startseite","category-bildergalerien","category-topthema"],"_links":{"self":[{"href":"https:\/\/www.fuldaernachrichten.de\/index.php?rest_route=\/wp\/v2\/posts\/92168","targetHints":{"allow":["GET"]}}],"collection":[{"href":"https:\/\/www.fuldaernachrichten.de\/index.php?rest_route=\/wp\/v2\/posts"}],"about":[{"href":"https:\/\/www.fuldaernachrichten.de\/index.php?rest_route=\/wp\/v2\/types\/post"}],"author":[{"embeddable":true,"href":"https:\/\/www.fuldaernachrichten.de\/index.php?rest_route=\/wp\/v2\/users\/1"}],"replies":[{"embeddable":true,"href":"https:\/\/www.fuldaernachrichten.de\/index.php?rest_route=%2Fwp%2Fv2%2Fcomments&post=92168"}],"version-history":[{"count":1,"href":"https:\/\/www.fuldaernachrichten.de\/index.php?rest_route=\/wp\/v2\/posts\/92168\/revisions"}],"predecessor-version":[{"id":92199,"href":"https:\/\/www.fuldaernachrichten.de\/index.php?rest_route=\/wp\/v2\/posts\/92168\/revisions\/92199"}],"wp:attachment":[{"href":"https:\/\/www.fuldaernachrichten.de\/index.php?rest_route=%2Fwp%2Fv2%2Fmedia&parent=92168"}],"wp:term":[{"taxonomy":"category","embeddable":true,"href":"https:\/\/www.fuldaernachrichten.de\/index.php?rest_route=%2Fwp%2Fv2%2Fcategories&post=92168"},{"taxonomy":"post_tag","embeddable":true,"href":"https:\/\/www.fuldaernachrichten.de\/index.php?rest_route=%2Fwp%2Fv2%2Ftags&post=92168"}],"curies":[{"name":"wp","href":"https:\/\/api.w.org\/{rel}","templated":true}]}}