{"id":91714,"date":"2011-10-14T00:13:46","date_gmt":"2011-10-14T00:13:46","guid":{"rendered":"http:\/\/www.fuldaer-nachrichten.de\/?p=91714"},"modified":"2011-10-13T09:54:36","modified_gmt":"2011-10-13T09:54:36","slug":"neue-professorin-am-fachbereich-wirtschaft-3","status":"publish","type":"post","link":"https:\/\/www.fuldaernachrichten.de\/?p=91714","title":{"rendered":"Neue Professorin am Fachbereich Wirtschaft"},"content":{"rendered":"<p><a href=\"http:\/\/www.fuldaer-nachrichten.de\/wp-content\/uploads\/2011\/10\/Wirtschaft-Thies.jpg\"><img fetchpriority=\"high\" decoding=\"async\" class=\"alignleft size-thumbnail wp-image-91715\" title=\"Wirtschaft-Thies\" src=\"http:\/\/www.fuldaer-nachrichten.de\/wp-content\/uploads\/2011\/10\/Wirtschaft-Thies-265x397.jpg\" alt=\"\" width=\"265\" height=\"397\" srcset=\"https:\/\/www.fuldaernachrichten.de\/wp-content\/uploads\/2011\/10\/Wirtschaft-Thies-265x397.jpg 265w, https:\/\/www.fuldaernachrichten.de\/wp-content\/uploads\/2011\/10\/Wirtschaft-Thies-176x265.jpg 176w, https:\/\/www.fuldaernachrichten.de\/wp-content\/uploads\/2011\/10\/Wirtschaft-Thies.jpg 399w\" sizes=\"(max-width: 265px) 100vw, 265px\" \/><\/a>Fulda. Dr. Anja Thies wurde als Professorin f\u00fcr Allgemeine Betriebswirtschaftslehre, insbesondere Personalmanagement im Fachbereich Wirtschaft berufen. Dr. Thies studierte an der Universit\u00e4t Mannheim Betriebswirtschaftslehre mit den Schwerpunkten Marketing, Personalwesen und Arbeitsrecht und promovierte auf dem Gebiet Personalmanagement. Vor ihrem Wechsel an die Hochschule Fulda war sie \u00fcber 15 Jahre im Personalbereich eines f\u00fchrenden und global agierenden Healthcare-Unternehmens in der Rhein-Neckar-Region t\u00e4tig. Als Personalleiterin verantwortete sie operative wie strategisch-konzeptionelle Aufgaben. Ihre Berufserfahrung fokussiert sich auf Mitarbeiterbetreuung, F\u00fchrungskr\u00e4fteberatung, Personalmarketing und \u2013rekrutierung, Personalentwicklung und Mitarbeiterf\u00fchrung. Diese wird sie im Rahmen ihrer Lehr- und Forschungst\u00e4tigkeit an der Hochschule Fulda einbringen.<\/p>\n<p>&nbsp;<\/p>\n","protected":false},"excerpt":{"rendered":"<div class=\"tmnf_excerpt\"><p>Fulda. Dr. Anja Thies wurde als Professorin f\u00fcr Allgemeine Betriebswirtschaftslehre, insbesondere Personalmanagement im Fachbereich Wirtschaft berufen. Dr. Thies studierte an der Universit\u00e4t Mannheim Betriebswirtschaftslehre mit den Schwerpunkten Marketing, Personalwesen und Arbeitsrecht und promovierte auf dem Gebiet Personalmanagement. Vor ihrem Wechsel an die Hochschule Fulda war sie \u00fcber 15 Jahre im Personalbereich eines f\u00fchrenden und global &hellip;<\/p>\n<\/div>","protected":false},"author":1,"featured_media":0,"comment_status":"closed","ping_status":"closed","sticky":false,"template":"","format":"standard","meta":{"footnotes":""},"categories":[1,53,48],"tags":[],"class_list":["post-91714","post","type-post","status-publish","format-standard","hentry","category-startseite","category-bildung","category-forschung"],"_links":{"self":[{"href":"https:\/\/www.fuldaernachrichten.de\/index.php?rest_route=\/wp\/v2\/posts\/91714","targetHints":{"allow":["GET"]}}],"collection":[{"href":"https:\/\/www.fuldaernachrichten.de\/index.php?rest_route=\/wp\/v2\/posts"}],"about":[{"href":"https:\/\/www.fuldaernachrichten.de\/index.php?rest_route=\/wp\/v2\/types\/post"}],"author":[{"embeddable":true,"href":"https:\/\/www.fuldaernachrichten.de\/index.php?rest_route=\/wp\/v2\/users\/1"}],"replies":[{"embeddable":true,"href":"https:\/\/www.fuldaernachrichten.de\/index.php?rest_route=%2Fwp%2Fv2%2Fcomments&post=91714"}],"version-history":[{"count":0,"href":"https:\/\/www.fuldaernachrichten.de\/index.php?rest_route=\/wp\/v2\/posts\/91714\/revisions"}],"wp:attachment":[{"href":"https:\/\/www.fuldaernachrichten.de\/index.php?rest_route=%2Fwp%2Fv2%2Fmedia&parent=91714"}],"wp:term":[{"taxonomy":"category","embeddable":true,"href":"https:\/\/www.fuldaernachrichten.de\/index.php?rest_route=%2Fwp%2Fv2%2Fcategories&post=91714"},{"taxonomy":"post_tag","embeddable":true,"href":"https:\/\/www.fuldaernachrichten.de\/index.php?rest_route=%2Fwp%2Fv2%2Ftags&post=91714"}],"curies":[{"name":"wp","href":"https:\/\/api.w.org\/{rel}","templated":true}]}}