{"id":91689,"date":"2011-10-14T00:11:40","date_gmt":"2011-10-14T00:11:40","guid":{"rendered":"http:\/\/www.fuldaer-nachrichten.de\/?p=91689"},"modified":"2011-10-13T08:21:18","modified_gmt":"2011-10-13T08:21:18","slug":"herbstabschlussubung-in-loschenrod-stapler-in-flammen-personen-vermisst","status":"publish","type":"post","link":"https:\/\/www.fuldaernachrichten.de\/?p=91689","title":{"rendered":"Herbstabschluss\u00fcbung in L\u00f6schenrod: Stapler in Flammen, Personen vermisst"},"content":{"rendered":"<p><a href=\"http:\/\/www.fuldaer-nachrichten.de\/wp-content\/uploads\/2011\/10\/k-RIMG0070.jpg\"><img fetchpriority=\"high\" decoding=\"async\" class=\"alignleft size-thumbnail wp-image-91704\" title=\"k-RIMG0070\" src=\"http:\/\/www.fuldaer-nachrichten.de\/wp-content\/uploads\/2011\/10\/k-RIMG0070-265x198.jpg\" alt=\"\" width=\"265\" height=\"198\" srcset=\"https:\/\/www.fuldaernachrichten.de\/wp-content\/uploads\/2011\/10\/k-RIMG0070-265x198.jpg 265w, https:\/\/www.fuldaernachrichten.de\/wp-content\/uploads\/2011\/10\/k-RIMG0070.jpg 600w\" sizes=\"(max-width: 265px) 100vw, 265px\" \/><\/a>L\u00f6schenrod. Manchmal ist so eine Herbstabschluss\u00fcbung der Feuerwehren nicht nur zum \u00dcben gut, sondern macht auch auf kleine Verbesserungsm\u00f6glichkeiten aufmerksam. So lief bei der diesj\u00e4hrigen Abschluss\u00fcbung der Freiwilligen Feuerwehren aus Eichenzell, L\u00f6schenrod und Kerzell vor dem Gartencenter Dehner fast alles reibungslos \u2013 nur die Wasserversorgung klappte nicht ganz ohne ein paar kleinere Probleme.<!--more--><\/p>\n<p>Gegen 17.05 Uhr wurde die Feuerwehr Eichenzell mit dem Stichwort \u201eBrandmeldeanlage Firma Dehner Gartencenter&#8221; alarmiert. Beim Eintreffen an\u00c2\u00a0der Einsatzstelle stellte der Eichenzeller Wehrf\u00fchrer Bernd Bachmann fest, dass sich ein Stapler in der Lagerhalle im Vollbrand befand und zus\u00e4tzlich sechs Personen vermisst wurden. Daraufhin alarmierten die Eichenzeller Einsatzkr\u00e4fte auch die Feuerwehren L\u00f6schenrod und Kerzell. Nach deren Eintreffen \u00fcbernahmen die Feuerwehren aus Eichenzell und L\u00f6schenrod mit drei Trupps die Suche nach den sechs vermissten Personen unter Atemschutz. Die Feuerwehr Kerzell k\u00fcmmerte sich um die Brandbek\u00e4mpfung und die Wasserf\u00f6rderung.<\/p>\n<p>Insgesamt nahmen 38 Feuerwehrleute an der Herbstabschluss\u00fcbung teil, die vom L\u00f6schenroder Wehrf\u00fchrer Dominik H\u00f6rl geleitet wurde. Als Beobachter der \u00dcbung fungierten sowohl der Gemeindebrandinspektor Martin Fischer als auch sein Stellvertreter Andr\u00e9 M\u00fcller, die sich abschlie\u00dfend zufrieden mit dem Verlauf der \u00dcbung zeigten. \u201eAu\u00dfer ein paar kleinen Widrigkeiten, hat alles funktioniert und die Einsatzkr\u00e4fte haben gut miteinander kommuniziert\u201c, zieht M\u00fcller eine positive Bilanz.<\/p>\n<p>Bei der abschlie\u00dfenden Besprechung im Feuerwehrhaus L\u00f6schenrod bedankten sich sowohl der Eichenzeller B\u00fcrgermeister Dieter Kolb als auch der stellvertretende Ortsvorsteher von L\u00f6schenrod, Stefan Wassermann,\u00c2\u00a0bei den Feuerwehrleuten f\u00fcr ihren Einsatz in der Freizeit. Beide zeigten sich erfreut \u00fcber den guten Leistungsstand der Feuerwehren. Ganz herzlicher Dank galt auch der Firma Dehner Gartencenter, die nicht nur den Platz f\u00fcr diese \u00dcbung anbot, sondern die Feuerwehr bei der Organisation auch tatkr\u00e4ftig unterst\u00fctzte. (Text &amp; Bilder: Markus G\u00f6bel)<\/p>\n\n\t\t<style type=\"text\/css\">\n\t\t\t#gallery-1 {\n\t\t\t\tmargin: auto;\n\t\t\t}\n\t\t\t#gallery-1 .gallery-item {\n\t\t\t\tfloat: left;\n\t\t\t\tmargin-top: 10px;\n\t\t\t\ttext-align: center;\n\t\t\t\twidth: 50%;\n\t\t\t}\n\t\t\t#gallery-1 img {\n\t\t\t\tborder: 2px solid #cfcfcf;\n\t\t\t}\n\t\t\t#gallery-1 .gallery-caption {\n\t\t\t\tmargin-left: 0;\n\t\t\t}\n\t\t\t\/* see gallery_shortcode() in wp-includes\/media.php *\/\n\t\t<\/style>\n\t\t<div id='gallery-1' class='gallery galleryid-91689 gallery-columns-2 gallery-size-thumbnail'><dl class='gallery-item'>\n\t\t\t<dt class='gallery-icon landscape'>\n\t\t\t\t<a href='https:\/\/www.fuldaernachrichten.de\/wp-content\/uploads\/2011\/10\/k-RIMG0017.jpg'><img decoding=\"async\" width=\"150\" height=\"112\" src=\"https:\/\/www.fuldaernachrichten.de\/wp-content\/uploads\/2011\/10\/k-RIMG0017-265x198.jpg\" class=\"attachment-thumbnail size-thumbnail\" alt=\"\" srcset=\"https:\/\/www.fuldaernachrichten.de\/wp-content\/uploads\/2011\/10\/k-RIMG0017-265x198.jpg 265w, https:\/\/www.fuldaernachrichten.de\/wp-content\/uploads\/2011\/10\/k-RIMG0017.jpg 600w\" sizes=\"(max-width: 150px) 100vw, 150px\" \/><\/a>\n\t\t\t<\/dt><\/dl><dl class='gallery-item'>\n\t\t\t<dt class='gallery-icon landscape'>\n\t\t\t\t<a href='https:\/\/www.fuldaernachrichten.de\/wp-content\/uploads\/2011\/10\/k-RIMG0018.jpg'><img decoding=\"async\" width=\"150\" height=\"112\" src=\"https:\/\/www.fuldaernachrichten.de\/wp-content\/uploads\/2011\/10\/k-RIMG0018-265x198.jpg\" class=\"attachment-thumbnail size-thumbnail\" alt=\"\" srcset=\"https:\/\/www.fuldaernachrichten.de\/wp-content\/uploads\/2011\/10\/k-RIMG0018-265x198.jpg 265w, https:\/\/www.fuldaernachrichten.de\/wp-content\/uploads\/2011\/10\/k-RIMG0018.jpg 600w\" sizes=\"(max-width: 150px) 100vw, 150px\" \/><\/a>\n\t\t\t<\/dt><\/dl><br style=\"clear: both\" \/><dl class='gallery-item'>\n\t\t\t<dt class='gallery-icon landscape'>\n\t\t\t\t<a href='https:\/\/www.fuldaernachrichten.de\/wp-content\/uploads\/2011\/10\/k-RIMG0019.jpg'><img loading=\"lazy\" decoding=\"async\" width=\"150\" height=\"112\" src=\"https:\/\/www.fuldaernachrichten.de\/wp-content\/uploads\/2011\/10\/k-RIMG0019-265x198.jpg\" class=\"attachment-thumbnail size-thumbnail\" alt=\"\" srcset=\"https:\/\/www.fuldaernachrichten.de\/wp-content\/uploads\/2011\/10\/k-RIMG0019-265x198.jpg 265w, https:\/\/www.fuldaernachrichten.de\/wp-content\/uploads\/2011\/10\/k-RIMG0019.jpg 600w\" sizes=\"(max-width: 150px) 100vw, 150px\" \/><\/a>\n\t\t\t<\/dt><\/dl><dl class='gallery-item'>\n\t\t\t<dt class='gallery-icon landscape'>\n\t\t\t\t<a href='https:\/\/www.fuldaernachrichten.de\/wp-content\/uploads\/2011\/10\/k-RIMG0024.jpg'><img loading=\"lazy\" decoding=\"async\" width=\"150\" height=\"112\" src=\"https:\/\/www.fuldaernachrichten.de\/wp-content\/uploads\/2011\/10\/k-RIMG0024-265x198.jpg\" class=\"attachment-thumbnail size-thumbnail\" alt=\"\" srcset=\"https:\/\/www.fuldaernachrichten.de\/wp-content\/uploads\/2011\/10\/k-RIMG0024-265x198.jpg 265w, https:\/\/www.fuldaernachrichten.de\/wp-content\/uploads\/2011\/10\/k-RIMG0024.jpg 600w\" sizes=\"(max-width: 150px) 100vw, 150px\" \/><\/a>\n\t\t\t<\/dt><\/dl><br style=\"clear: both\" \/><dl class='gallery-item'>\n\t\t\t<dt class='gallery-icon landscape'>\n\t\t\t\t<a href='https:\/\/www.fuldaernachrichten.de\/wp-content\/uploads\/2011\/10\/k-RIMG0025.jpg'><img loading=\"lazy\" decoding=\"async\" width=\"150\" height=\"112\" src=\"https:\/\/www.fuldaernachrichten.de\/wp-content\/uploads\/2011\/10\/k-RIMG0025-265x198.jpg\" class=\"attachment-thumbnail size-thumbnail\" alt=\"\" srcset=\"https:\/\/www.fuldaernachrichten.de\/wp-content\/uploads\/2011\/10\/k-RIMG0025-265x198.jpg 265w, https:\/\/www.fuldaernachrichten.de\/wp-content\/uploads\/2011\/10\/k-RIMG0025.jpg 600w\" sizes=\"(max-width: 150px) 100vw, 150px\" \/><\/a>\n\t\t\t<\/dt><\/dl><dl class='gallery-item'>\n\t\t\t<dt class='gallery-icon landscape'>\n\t\t\t\t<a href='https:\/\/www.fuldaernachrichten.de\/wp-content\/uploads\/2011\/10\/k-RIMG0028.jpg'><img loading=\"lazy\" decoding=\"async\" width=\"150\" height=\"112\" src=\"https:\/\/www.fuldaernachrichten.de\/wp-content\/uploads\/2011\/10\/k-RIMG0028-265x198.jpg\" class=\"attachment-thumbnail size-thumbnail\" alt=\"\" srcset=\"https:\/\/www.fuldaernachrichten.de\/wp-content\/uploads\/2011\/10\/k-RIMG0028-265x198.jpg 265w, https:\/\/www.fuldaernachrichten.de\/wp-content\/uploads\/2011\/10\/k-RIMG0028.jpg 600w\" sizes=\"(max-width: 150px) 100vw, 150px\" \/><\/a>\n\t\t\t<\/dt><\/dl><br style=\"clear: both\" \/><dl class='gallery-item'>\n\t\t\t<dt class='gallery-icon landscape'>\n\t\t\t\t<a href='https:\/\/www.fuldaernachrichten.de\/wp-content\/uploads\/2011\/10\/k-RIMG0029.jpg'><img loading=\"lazy\" decoding=\"async\" width=\"150\" height=\"112\" src=\"https:\/\/www.fuldaernachrichten.de\/wp-content\/uploads\/2011\/10\/k-RIMG0029-265x198.jpg\" class=\"attachment-thumbnail size-thumbnail\" alt=\"\" srcset=\"https:\/\/www.fuldaernachrichten.de\/wp-content\/uploads\/2011\/10\/k-RIMG0029-265x198.jpg 265w, https:\/\/www.fuldaernachrichten.de\/wp-content\/uploads\/2011\/10\/k-RIMG0029.jpg 600w\" sizes=\"(max-width: 150px) 100vw, 150px\" \/><\/a>\n\t\t\t<\/dt><\/dl><dl class='gallery-item'>\n\t\t\t<dt class='gallery-icon landscape'>\n\t\t\t\t<a href='https:\/\/www.fuldaernachrichten.de\/wp-content\/uploads\/2011\/10\/k-RIMG0032.jpg'><img loading=\"lazy\" decoding=\"async\" width=\"150\" height=\"112\" src=\"https:\/\/www.fuldaernachrichten.de\/wp-content\/uploads\/2011\/10\/k-RIMG0032-265x198.jpg\" class=\"attachment-thumbnail size-thumbnail\" alt=\"\" srcset=\"https:\/\/www.fuldaernachrichten.de\/wp-content\/uploads\/2011\/10\/k-RIMG0032-265x198.jpg 265w, https:\/\/www.fuldaernachrichten.de\/wp-content\/uploads\/2011\/10\/k-RIMG0032.jpg 600w\" sizes=\"(max-width: 150px) 100vw, 150px\" \/><\/a>\n\t\t\t<\/dt><\/dl><br style=\"clear: both\" \/><dl class='gallery-item'>\n\t\t\t<dt class='gallery-icon landscape'>\n\t\t\t\t<a href='https:\/\/www.fuldaernachrichten.de\/wp-content\/uploads\/2011\/10\/k-RIMG0037.jpg'><img loading=\"lazy\" decoding=\"async\" width=\"150\" height=\"112\" src=\"https:\/\/www.fuldaernachrichten.de\/wp-content\/uploads\/2011\/10\/k-RIMG0037-265x198.jpg\" class=\"attachment-thumbnail size-thumbnail\" alt=\"\" srcset=\"https:\/\/www.fuldaernachrichten.de\/wp-content\/uploads\/2011\/10\/k-RIMG0037-265x198.jpg 265w, https:\/\/www.fuldaernachrichten.de\/wp-content\/uploads\/2011\/10\/k-RIMG0037.jpg 600w\" sizes=\"(max-width: 150px) 100vw, 150px\" \/><\/a>\n\t\t\t<\/dt><\/dl><dl class='gallery-item'>\n\t\t\t<dt class='gallery-icon landscape'>\n\t\t\t\t<a href='https:\/\/www.fuldaernachrichten.de\/wp-content\/uploads\/2011\/10\/k-RIMG0044.jpg'><img loading=\"lazy\" decoding=\"async\" width=\"150\" height=\"112\" src=\"https:\/\/www.fuldaernachrichten.de\/wp-content\/uploads\/2011\/10\/k-RIMG0044-265x198.jpg\" class=\"attachment-thumbnail size-thumbnail\" alt=\"\" srcset=\"https:\/\/www.fuldaernachrichten.de\/wp-content\/uploads\/2011\/10\/k-RIMG0044-265x198.jpg 265w, https:\/\/www.fuldaernachrichten.de\/wp-content\/uploads\/2011\/10\/k-RIMG0044.jpg 600w\" sizes=\"(max-width: 150px) 100vw, 150px\" \/><\/a>\n\t\t\t<\/dt><\/dl><br style=\"clear: both\" \/><dl class='gallery-item'>\n\t\t\t<dt class='gallery-icon landscape'>\n\t\t\t\t<a href='https:\/\/www.fuldaernachrichten.de\/wp-content\/uploads\/2011\/10\/k-RIMG0049.jpg'><img loading=\"lazy\" decoding=\"async\" width=\"150\" height=\"112\" src=\"https:\/\/www.fuldaernachrichten.de\/wp-content\/uploads\/2011\/10\/k-RIMG0049-265x198.jpg\" class=\"attachment-thumbnail size-thumbnail\" alt=\"\" srcset=\"https:\/\/www.fuldaernachrichten.de\/wp-content\/uploads\/2011\/10\/k-RIMG0049-265x198.jpg 265w, https:\/\/www.fuldaernachrichten.de\/wp-content\/uploads\/2011\/10\/k-RIMG0049.jpg 600w\" sizes=\"(max-width: 150px) 100vw, 150px\" \/><\/a>\n\t\t\t<\/dt><\/dl><dl class='gallery-item'>\n\t\t\t<dt class='gallery-icon landscape'>\n\t\t\t\t<a href='https:\/\/www.fuldaernachrichten.de\/wp-content\/uploads\/2011\/10\/k-RIMG0050.jpg'><img loading=\"lazy\" decoding=\"async\" width=\"150\" height=\"112\" src=\"https:\/\/www.fuldaernachrichten.de\/wp-content\/uploads\/2011\/10\/k-RIMG0050-265x198.jpg\" class=\"attachment-thumbnail size-thumbnail\" alt=\"\" srcset=\"https:\/\/www.fuldaernachrichten.de\/wp-content\/uploads\/2011\/10\/k-RIMG0050-265x198.jpg 265w, https:\/\/www.fuldaernachrichten.de\/wp-content\/uploads\/2011\/10\/k-RIMG0050.jpg 600w\" sizes=\"(max-width: 150px) 100vw, 150px\" \/><\/a>\n\t\t\t<\/dt><\/dl><br style=\"clear: both\" \/><dl class='gallery-item'>\n\t\t\t<dt class='gallery-icon landscape'>\n\t\t\t\t<a href='https:\/\/www.fuldaernachrichten.de\/wp-content\/uploads\/2011\/10\/k-RIMG0065.jpg'><img loading=\"lazy\" decoding=\"async\" width=\"150\" height=\"112\" src=\"https:\/\/www.fuldaernachrichten.de\/wp-content\/uploads\/2011\/10\/k-RIMG0065-265x198.jpg\" class=\"attachment-thumbnail size-thumbnail\" alt=\"\" srcset=\"https:\/\/www.fuldaernachrichten.de\/wp-content\/uploads\/2011\/10\/k-RIMG0065-265x198.jpg 265w, https:\/\/www.fuldaernachrichten.de\/wp-content\/uploads\/2011\/10\/k-RIMG0065.jpg 600w\" sizes=\"(max-width: 150px) 100vw, 150px\" \/><\/a>\n\t\t\t<\/dt><\/dl><dl class='gallery-item'>\n\t\t\t<dt class='gallery-icon landscape'>\n\t\t\t\t<a href='https:\/\/www.fuldaernachrichten.de\/wp-content\/uploads\/2011\/10\/k-RIMG0069.jpg'><img loading=\"lazy\" decoding=\"async\" width=\"150\" height=\"112\" src=\"https:\/\/www.fuldaernachrichten.de\/wp-content\/uploads\/2011\/10\/k-RIMG0069-265x198.jpg\" class=\"attachment-thumbnail size-thumbnail\" alt=\"\" srcset=\"https:\/\/www.fuldaernachrichten.de\/wp-content\/uploads\/2011\/10\/k-RIMG0069-265x198.jpg 265w, https:\/\/www.fuldaernachrichten.de\/wp-content\/uploads\/2011\/10\/k-RIMG0069.jpg 600w\" sizes=\"(max-width: 150px) 100vw, 150px\" \/><\/a>\n\t\t\t<\/dt><\/dl><br style=\"clear: both\" \/><dl class='gallery-item'>\n\t\t\t<dt class='gallery-icon landscape'>\n\t\t\t\t<a href='https:\/\/www.fuldaernachrichten.de\/wp-content\/uploads\/2011\/10\/k-RIMG0070.jpg'><img loading=\"lazy\" decoding=\"async\" width=\"150\" height=\"112\" src=\"https:\/\/www.fuldaernachrichten.de\/wp-content\/uploads\/2011\/10\/k-RIMG0070-265x198.jpg\" class=\"attachment-thumbnail size-thumbnail\" alt=\"\" srcset=\"https:\/\/www.fuldaernachrichten.de\/wp-content\/uploads\/2011\/10\/k-RIMG0070-265x198.jpg 265w, https:\/\/www.fuldaernachrichten.de\/wp-content\/uploads\/2011\/10\/k-RIMG0070.jpg 600w\" sizes=\"(max-width: 150px) 100vw, 150px\" \/><\/a>\n\t\t\t<\/dt><\/dl><dl class='gallery-item'>\n\t\t\t<dt class='gallery-icon landscape'>\n\t\t\t\t<a href='https:\/\/www.fuldaernachrichten.de\/wp-content\/uploads\/2011\/10\/k-RIMG0075.jpg'><img loading=\"lazy\" decoding=\"async\" width=\"150\" height=\"112\" src=\"https:\/\/www.fuldaernachrichten.de\/wp-content\/uploads\/2011\/10\/k-RIMG0075-265x198.jpg\" class=\"attachment-thumbnail size-thumbnail\" alt=\"\" srcset=\"https:\/\/www.fuldaernachrichten.de\/wp-content\/uploads\/2011\/10\/k-RIMG0075-265x198.jpg 265w, https:\/\/www.fuldaernachrichten.de\/wp-content\/uploads\/2011\/10\/k-RIMG0075.jpg 600w\" sizes=\"(max-width: 150px) 100vw, 150px\" \/><\/a>\n\t\t\t<\/dt><\/dl><br style=\"clear: both\" \/>\n\t\t<\/div>\n\n","protected":false},"excerpt":{"rendered":"<div class=\"tmnf_excerpt\"><p>L\u00f6schenrod. Manchmal ist so eine Herbstabschluss\u00fcbung der Feuerwehren nicht nur zum \u00dcben gut, sondern macht auch auf kleine Verbesserungsm\u00f6glichkeiten aufmerksam. So lief bei der diesj\u00e4hrigen Abschluss\u00fcbung der Freiwilligen Feuerwehren aus Eichenzell, L\u00f6schenrod und Kerzell vor dem Gartencenter Dehner fast alles reibungslos \u2013 nur die Wasserversorgung klappte nicht ganz ohne ein paar kleinere Probleme.<\/p>\n<\/div>","protected":false},"author":1,"featured_media":0,"comment_status":"closed","ping_status":"closed","sticky":false,"template":"","format":"standard","meta":{"footnotes":""},"categories":[1,71],"tags":[],"class_list":["post-91689","post","type-post","status-publish","format-standard","hentry","category-startseite","category-feuerwehr"],"_links":{"self":[{"href":"https:\/\/www.fuldaernachrichten.de\/index.php?rest_route=\/wp\/v2\/posts\/91689","targetHints":{"allow":["GET"]}}],"collection":[{"href":"https:\/\/www.fuldaernachrichten.de\/index.php?rest_route=\/wp\/v2\/posts"}],"about":[{"href":"https:\/\/www.fuldaernachrichten.de\/index.php?rest_route=\/wp\/v2\/types\/post"}],"author":[{"embeddable":true,"href":"https:\/\/www.fuldaernachrichten.de\/index.php?rest_route=\/wp\/v2\/users\/1"}],"replies":[{"embeddable":true,"href":"https:\/\/www.fuldaernachrichten.de\/index.php?rest_route=%2Fwp%2Fv2%2Fcomments&post=91689"}],"version-history":[{"count":0,"href":"https:\/\/www.fuldaernachrichten.de\/index.php?rest_route=\/wp\/v2\/posts\/91689\/revisions"}],"wp:attachment":[{"href":"https:\/\/www.fuldaernachrichten.de\/index.php?rest_route=%2Fwp%2Fv2%2Fmedia&parent=91689"}],"wp:term":[{"taxonomy":"category","embeddable":true,"href":"https:\/\/www.fuldaernachrichten.de\/index.php?rest_route=%2Fwp%2Fv2%2Fcategories&post=91689"},{"taxonomy":"post_tag","embeddable":true,"href":"https:\/\/www.fuldaernachrichten.de\/index.php?rest_route=%2Fwp%2Fv2%2Ftags&post=91689"}],"curies":[{"name":"wp","href":"https:\/\/api.w.org\/{rel}","templated":true}]}}