{"id":91682,"date":"2011-10-13T08:16:52","date_gmt":"2011-10-13T08:16:52","guid":{"rendered":"http:\/\/www.fuldaer-nachrichten.de\/?p=91682"},"modified":"2011-10-13T08:16:52","modified_gmt":"2011-10-13T08:16:52","slug":"fuldaer-feuerwehr-veranstaltet-berufsfeuerwehrtag-fur-jugendliche","status":"publish","type":"post","link":"https:\/\/www.fuldaernachrichten.de\/?p=91682","title":{"rendered":"Fuldaer Feuerwehr veranstaltet Berufsfeuerwehrtag f\u00fcr Jugendliche"},"content":{"rendered":"<p><a href=\"http:\/\/www.fuldaer-nachrichten.de\/wp-content\/uploads\/2011\/10\/111013_feuerwehr3.jpg\"><img decoding=\"async\" class=\"alignleft size-thumbnail wp-image-91685\" title=\"111013_feuerwehr3\" src=\"http:\/\/www.fuldaer-nachrichten.de\/wp-content\/uploads\/2011\/10\/111013_feuerwehr3-265x176.jpg\" alt=\"\" width=\"265\" height=\"176\" srcset=\"https:\/\/www.fuldaernachrichten.de\/wp-content\/uploads\/2011\/10\/111013_feuerwehr3-265x176.jpg 265w, https:\/\/www.fuldaernachrichten.de\/wp-content\/uploads\/2011\/10\/111013_feuerwehr3.jpg 592w\" sizes=\"(max-width: 265px) 100vw, 265px\" \/><\/a>Fulda. In der vergangenen Woche veranstaltete die Jugendfeuerwehr der Stadt Fulda einen Tag der Berufsfeuerwehr f\u00fcr die 10-14 j\u00e4hrigen Jugendfeuerwehrleute. Der Feuerwehrst\u00fctzpunkt Fulda-Nord diente hierzu als \u201eFeuerwache\u201c mit eigener Leitstelle. Stadtjugendfeuerwehrwart Marco Taschner und das Ausbilderteam teilten die frisch gebackenen Berufsfeuerwehrleute auf die Fahrzeuge mit denen Sie die kommenden 24-Stunden mehrere Eins\u00e4tze aller Art abarbeiten sollten auf und wiesen sie ein. Nat\u00fcrlich gab es wie bei den \u201egro\u00dfen Feuerwehrleuten\u201c auch eine Leitstelle und Funkger\u00e4te. <!--more--><br \/>\nNoch w\u00e4hrend der ersten Ausbildungseinheit \u201eSprechfunk\u201c schrillte auch schon zum ersten Mal die Sirene und versetze die gesamte Mannschaft in Einsatzbereitschaft. Binnen wenigen Sekunden r\u00fcstete sich die Mannschaft aus und besetzte die Einsatzfahrzeuge. Das Einsatzstichwort \u201eKellerbrand\u201c sorgte f\u00fcr Aufregung beim Feuerwehrnachwuchs. Nach kurzer Einsatzfahrt auf dem Hof der Feuerwache, erreichten die jungen Helfer die Einsatzstelle in der Daimler-Benz Stra\u00dfe. Die Gruppenf\u00fchrer erkundeten die Einsatzlage und stellten eine Rauchentwicklung in einer Kellerwohnung fest. Unter Atemschutz gingen die ersten Trupps mit dem 1. Rohr in die Brandwohnung vor. Dabei retteten sie eine vermisste Person unverletzt aus der Wohnung.<br \/>\nErnstfall gut bestanden und hohe Motivation<\/p>\n<p><a href=\"http:\/\/www.fuldaer-nachrichten.de\/wp-content\/uploads\/2011\/10\/111013_feuerwehr1.jpg\"><img decoding=\"async\" class=\"alignnone size-thumbnail wp-image-91683\" title=\"111013_feuerwehr1\" src=\"http:\/\/www.fuldaer-nachrichten.de\/wp-content\/uploads\/2011\/10\/111013_feuerwehr1-265x176.jpg\" alt=\"\" width=\"265\" height=\"176\" srcset=\"https:\/\/www.fuldaernachrichten.de\/wp-content\/uploads\/2011\/10\/111013_feuerwehr1-265x176.jpg 265w, https:\/\/www.fuldaernachrichten.de\/wp-content\/uploads\/2011\/10\/111013_feuerwehr1.jpg 592w\" sizes=\"(max-width: 265px) 100vw, 265px\" \/> <\/a><a href=\"http:\/\/www.fuldaer-nachrichten.de\/wp-content\/uploads\/2011\/10\/111013_feuerwehr2.jpg\"><img decoding=\"async\" class=\"alignnone size-thumbnail wp-image-91684\" title=\"111013_feuerwehr2\" src=\"http:\/\/www.fuldaer-nachrichten.de\/wp-content\/uploads\/2011\/10\/111013_feuerwehr2-265x176.jpg\" alt=\"\" width=\"265\" height=\"176\" srcset=\"https:\/\/www.fuldaernachrichten.de\/wp-content\/uploads\/2011\/10\/111013_feuerwehr2-265x176.jpg 265w, https:\/\/www.fuldaernachrichten.de\/wp-content\/uploads\/2011\/10\/111013_feuerwehr2.jpg 592w\" sizes=\"(max-width: 265px) 100vw, 265px\" \/><\/a><\/p>\n<p>Sichtlich erfreut \u00fcber die Motivation und Leistungsf\u00e4higkeit seiner Jugendfeuerwehrleute zeigte sich der Leiter der Feuerwehr Fulda, Brandoberrat Thomas Hinz, der in der Einsatznachbesprechung betonte, dass die gute und umfangreiche Ausbildung, das w\u00f6chentliche Training und die hohe Motivation der Betreuerinnen und Betreuer sehr wertvoll sind.<\/p>\n<p><strong>Mehrere Eins\u00e4tze hintereinander forderten die Jugendlichen<\/strong><\/p>\n<p>Nach dem Mittagessen stand die Ausbildungseinheit \u201eAtemschutz\u201c auf dem Plan. Die Jugendfeuerwehrleute lernten die Atemschutzger\u00e4te kennen und konnten einmal wie die Gro\u00dfen durch die Atemschutz\u00fcbungstrecke kriechen. Hier war Fitness, Geschick und auch ein wenig Mut gefragt, da es dunkel, un\u00fcbersichtlich und hektisch war. Pl\u00f6tzlich ert\u00f6nte wieder die Sirene. Unter dem Einsatzstichwort \u201eVermisste Person im Wald\u201c fuhren die Jugendfeuerwehrleute in ein nahe gelegenes Waldst\u00fcck nach Dietershan und suchten unter Anleitung und Aufsicht des Zugf\u00fchrers die vermisste Person und konnten diese auch schnell im Dickicht ausfindig machen und retten.<\/p>\n<p><a href=\"..\/wp-content\/uploads\/2011\/10\/111013_feuerwehr5.jpg\"><img loading=\"lazy\" decoding=\"async\" class=\"alignnone size-thumbnail wp-image-91687\" title=\"111013_feuerwehr5\" src=\"..\/wp-content\/uploads\/2011\/10\/111013_feuerwehr5-265x176.jpg\" alt=\"\" width=\"265\" height=\"176\" srcset=\"https:\/\/www.fuldaernachrichten.de\/wp-content\/uploads\/2011\/10\/111013_feuerwehr5-265x176.jpg 265w, https:\/\/www.fuldaernachrichten.de\/wp-content\/uploads\/2011\/10\/111013_feuerwehr5.jpg 592w\" sizes=\"(max-width: 265px) 100vw, 265px\" \/><\/a> <a href=\"http:\/\/www.fuldaer-nachrichten.de\/wp-content\/uploads\/2011\/10\/111013_feuerwehr4.jpg\"><img loading=\"lazy\" decoding=\"async\" class=\"alignnone size-thumbnail wp-image-91686\" title=\"111013_feuerwehr4\" src=\"http:\/\/www.fuldaer-nachrichten.de\/wp-content\/uploads\/2011\/10\/111013_feuerwehr4-265x176.jpg\" alt=\"\" width=\"265\" height=\"176\" srcset=\"https:\/\/www.fuldaernachrichten.de\/wp-content\/uploads\/2011\/10\/111013_feuerwehr4-265x176.jpg 265w, https:\/\/www.fuldaernachrichten.de\/wp-content\/uploads\/2011\/10\/111013_feuerwehr4.jpg 592w\" sizes=\"(max-width: 265px) 100vw, 265px\" \/><\/a><\/p>\n<p>Auf der R\u00fcckfahrt kam es zu einem Folgeeinsatz: Ein brennender LKW, simuliert durch einen echten Reifenbrand, hielt die Jugendfeuerwehr in Atem, war dieses Mal sogar echte Flammen mit L\u00f6schwasser zu bek\u00e4mpfen. Aber auch diese Einsatzlage konnte \u2013 wie sich das f\u00fcr kleine Profis geh\u00f6rt \u2013 schnell unter Kontrolle gebracht werden. Nach der Ausbildungseinheit \u201eSteckleiter\u201c und dem gemeinsam zubereiteten Abendessen, kam es zu einem weiteren Einsatz \u201eMenschenrettung aus einer Grube\u201c. Satt und schon ein wenig m\u00fcde, war auch hier h\u00f6chste Konzentration erforderlich, da es gar nicht so leicht war, die verletzte Person mit einfachen Mitteln aus ihrer schwierigen Lage zu befreien. Hier erinnerte sich der ein oder andere an die vielen Stunden der Knotenkunde w\u00e4hrend der Ausbildung.<\/p>\n<p><a href=\"http:\/\/www.fuldaer-nachrichten.de\/wp-content\/uploads\/2011\/10\/111013_feuerwehr6.jpg\"><img loading=\"lazy\" decoding=\"async\" class=\"alignleft size-thumbnail wp-image-91688\" title=\"111013_feuerwehr6\" src=\"http:\/\/www.fuldaer-nachrichten.de\/wp-content\/uploads\/2011\/10\/111013_feuerwehr6-265x176.jpg\" alt=\"\" width=\"265\" height=\"176\" srcset=\"https:\/\/www.fuldaernachrichten.de\/wp-content\/uploads\/2011\/10\/111013_feuerwehr6-265x176.jpg 265w, https:\/\/www.fuldaernachrichten.de\/wp-content\/uploads\/2011\/10\/111013_feuerwehr6.jpg 592w\" sizes=\"(max-width: 265px) 100vw, 265px\" \/><\/a>Nach einem Filmabend kehrte die Nachtruhe ein, wenn da nicht noch um kurz vor Mitternacht ein Brandmeldealarm die Jugendfeuerwehrleute besch\u00e4ftigt h\u00e4tte. Gl\u00fccklicherweise konnte nach dem Eintreffen an der Einsatzstelle festgestellt werden, dass es sich nur um einen Fehlalarm handelte. Am n\u00e4chsten Morgen, um 07:15 Uhr war die Nacht dann auch schnell vorbei. Ein Verkehrsunfall forderte das schnelle Eingreifen. Nach diesem Einsatz packten alle mit an, um den St\u00fctzpunk Fulda-Nord wieder aufzur\u00e4umen.<\/p>\n<p><strong>Positives Fazit<\/strong><\/p>\n<p>Das Fazit dieses ereignisreichen Ausbildungstages war, dass die Kinder und Jugendlichen mit Feuereifer dabei waren und am liebsten noch einmal 24-Stunden Berufsfeuerwehr gespielt h\u00e4tten. Die Kameradschaft unter den Jugendfeuerwehrmitgliedern konnte gest\u00e4rkt werden und einige neue Freundschaften bildeten sich. So verbleibt dieser Tag allen in guter Erinnerung und macht Vorfreude auf das n\u00e4chste Event in der Jugendfeuerwehr der Stadt Fulda.<\/p>\n","protected":false},"excerpt":{"rendered":"<div class=\"tmnf_excerpt\"><p>Fulda. In der vergangenen Woche veranstaltete die Jugendfeuerwehr der Stadt Fulda einen Tag der Berufsfeuerwehr f\u00fcr die 10-14 j\u00e4hrigen Jugendfeuerwehrleute. Der Feuerwehrst\u00fctzpunkt Fulda-Nord diente hierzu als \u201eFeuerwache\u201c mit eigener Leitstelle. Stadtjugendfeuerwehrwart Marco Taschner und das Ausbilderteam teilten die frisch gebackenen Berufsfeuerwehrleute auf die Fahrzeuge mit denen Sie die kommenden 24-Stunden mehrere Eins\u00e4tze aller Art abarbeiten &hellip;<\/p>\n<\/div>","protected":false},"author":1,"featured_media":0,"comment_status":"closed","ping_status":"closed","sticky":false,"template":"","format":"standard","meta":{"footnotes":""},"categories":[1,71],"tags":[],"class_list":["post-91682","post","type-post","status-publish","format-standard","hentry","category-startseite","category-feuerwehr"],"_links":{"self":[{"href":"https:\/\/www.fuldaernachrichten.de\/index.php?rest_route=\/wp\/v2\/posts\/91682","targetHints":{"allow":["GET"]}}],"collection":[{"href":"https:\/\/www.fuldaernachrichten.de\/index.php?rest_route=\/wp\/v2\/posts"}],"about":[{"href":"https:\/\/www.fuldaernachrichten.de\/index.php?rest_route=\/wp\/v2\/types\/post"}],"author":[{"embeddable":true,"href":"https:\/\/www.fuldaernachrichten.de\/index.php?rest_route=\/wp\/v2\/users\/1"}],"replies":[{"embeddable":true,"href":"https:\/\/www.fuldaernachrichten.de\/index.php?rest_route=%2Fwp%2Fv2%2Fcomments&post=91682"}],"version-history":[{"count":0,"href":"https:\/\/www.fuldaernachrichten.de\/index.php?rest_route=\/wp\/v2\/posts\/91682\/revisions"}],"wp:attachment":[{"href":"https:\/\/www.fuldaernachrichten.de\/index.php?rest_route=%2Fwp%2Fv2%2Fmedia&parent=91682"}],"wp:term":[{"taxonomy":"category","embeddable":true,"href":"https:\/\/www.fuldaernachrichten.de\/index.php?rest_route=%2Fwp%2Fv2%2Fcategories&post=91682"},{"taxonomy":"post_tag","embeddable":true,"href":"https:\/\/www.fuldaernachrichten.de\/index.php?rest_route=%2Fwp%2Fv2%2Ftags&post=91682"}],"curies":[{"name":"wp","href":"https:\/\/api.w.org\/{rel}","templated":true}]}}