{"id":914,"date":"2007-01-22T12:00:34","date_gmt":"2007-01-22T11:00:34","guid":{"rendered":"http:\/\/www.schoene-nachrichten.de\/?p=914"},"modified":"2007-01-22T11:57:57","modified_gmt":"2007-01-22T10:57:57","slug":"teilnehmer-fur-hessentag-gesucht-bis-2-marz-bewerben","status":"publish","type":"post","link":"https:\/\/www.fuldaernachrichten.de\/?p=914","title":{"rendered":"Teilnehmer f\u00fcr Hessentag gesucht &#8211; Bis 2. M\u00e4rz bewerben"},"content":{"rendered":"<p>Der 47. Hessentag findet vom 1. bis 10. Juni 2007 in Butzbach statt. Den Abschluss bildet der Hessentagsfestumzug, der in diesem Jahr wieder unter dem Motto \u201eWir Hessen\u201c stehen wird. Interessierte Gruppen aus dem Landkreis Fulda k\u00f6nnen sich jetzt\u00c2\u00a0bei der Kreisverwaltung um eine Teilnahme bewerben.<\/p>\n<p>\u00c2\u00a0<\/p>\n<p><!--more-->Gesucht werden sowohl Motivwagen als auch Fu\u00df-, Musik- und Trachtengruppen. Da in den vergangenen Jahren die Zahl der Musikgruppen st\u00e4ndig zur\u00fcckgegangen ist, sind Bewerbungen von dieser Seite besonders erw\u00fcnscht. Sollten die eingehenden Bewerbungen das vorgegebene Kontingent \u00fcbersteigen, treffen die Landkreise und St\u00e4dte in eigener Zust\u00e4ndigkeit eine Auswahl. F\u00fcr jeden Festzugsbeitrag gibt es eine Unkostenpauschale, f\u00fcr die Teilnehmerinnen und Teilnehmer ein Verzehrgeld.<\/p>\n<p>\u00c2\u00a0<\/p>\n<p>Bewerbungen von Gruppen aus dem Kreisgebiet sind bis sp\u00e4testens Freitag, den 2. M\u00e4rz 2007, an das Referat f\u00fcr Presse- und \u00d6ffentlichkeitsarbeit des Landkreises Fulda, W\u00f6rthstra\u00dfe 15, in 36037 Fulda zu richten. Nach Weiterleitung der Anmeldung entscheidet die Staatskanzlei voraussichtlich bis Ende M\u00e4rz \u00fcber die Zulassung.<\/p>\n<p>\u00c2\u00a0<\/p>\n<p>\u00c2\u00a0<\/p>\n","protected":false},"excerpt":{"rendered":"<div class=\"tmnf_excerpt\"><p>Der 47. Hessentag findet vom 1. bis 10. Juni 2007 in Butzbach statt. Den Abschluss bildet der Hessentagsfestumzug, der in diesem Jahr wieder unter dem Motto \u201eWir Hessen\u201c stehen wird. Interessierte Gruppen aus dem Landkreis Fulda k\u00f6nnen sich jetzt\u00c2\u00a0bei der Kreisverwaltung um eine Teilnahme bewerben. \u00c2\u00a0<\/p>\n<\/div>","protected":false},"author":1,"featured_media":0,"comment_status":"closed","ping_status":"closed","sticky":false,"template":"","format":"standard","meta":{"footnotes":""},"categories":[1,44],"tags":[],"class_list":["post-914","post","type-post","status-publish","format-standard","hentry","category-startseite","category-kultur"],"_links":{"self":[{"href":"https:\/\/www.fuldaernachrichten.de\/index.php?rest_route=\/wp\/v2\/posts\/914","targetHints":{"allow":["GET"]}}],"collection":[{"href":"https:\/\/www.fuldaernachrichten.de\/index.php?rest_route=\/wp\/v2\/posts"}],"about":[{"href":"https:\/\/www.fuldaernachrichten.de\/index.php?rest_route=\/wp\/v2\/types\/post"}],"author":[{"embeddable":true,"href":"https:\/\/www.fuldaernachrichten.de\/index.php?rest_route=\/wp\/v2\/users\/1"}],"replies":[{"embeddable":true,"href":"https:\/\/www.fuldaernachrichten.de\/index.php?rest_route=%2Fwp%2Fv2%2Fcomments&post=914"}],"version-history":[{"count":0,"href":"https:\/\/www.fuldaernachrichten.de\/index.php?rest_route=\/wp\/v2\/posts\/914\/revisions"}],"wp:attachment":[{"href":"https:\/\/www.fuldaernachrichten.de\/index.php?rest_route=%2Fwp%2Fv2%2Fmedia&parent=914"}],"wp:term":[{"taxonomy":"category","embeddable":true,"href":"https:\/\/www.fuldaernachrichten.de\/index.php?rest_route=%2Fwp%2Fv2%2Fcategories&post=914"},{"taxonomy":"post_tag","embeddable":true,"href":"https:\/\/www.fuldaernachrichten.de\/index.php?rest_route=%2Fwp%2Fv2%2Ftags&post=914"}],"curies":[{"name":"wp","href":"https:\/\/api.w.org\/{rel}","templated":true}]}}