{"id":91260,"date":"2011-10-10T00:08:47","date_gmt":"2011-10-10T00:08:47","guid":{"rendered":"http:\/\/www.fuldaer-nachrichten.de\/?p=91260"},"modified":"2011-10-06T12:17:14","modified_gmt":"2011-10-06T12:17:14","slug":"familie-werden-sein-und-bleiben-deutsche-familienstiftung-und-familienschule-fulda-unterstutzen-junge-eltern","status":"publish","type":"post","link":"https:\/\/www.fuldaernachrichten.de\/?p=91260","title":{"rendered":"Familie werden, sein und bleiben  &#8211; Deutsche Familienstiftung und Familienschule Fulda unterst\u00fctzen junge Eltern"},"content":{"rendered":"<p><a title=\"Foto: Marzena Traber\" href=\"http:\/\/www.fuldaer-nachrichten.de\/wp-content\/uploads\/2011\/10\/111004_Familienschule_014.jpg\" rel=\"lightbox[roadtrip]\" target=\"_blank\"><img decoding=\"async\" src=\"http:\/\/www.fuldaer-nachrichten.de\/wp-content\/uploads\/2011\/10\/111004_Familienschule_014.jpg\" alt=\"111004_Familienschule_014.jpg\" width=\"560\" \/><\/a><\/p>\n<p>Fulda. Mutter, Vater, gemeinsames Kind \u2013 dazu trautes Heim und Gl\u00fcck allein. Viele Paare haben in der Phase der Familienplanung diese Idealvorstellung im Hinterkopf. Bis zur Geburt des Kindes. Dann dauert es meistens nur wenige Tage oder Wochen, bis man sich von seinem Wunschbild verabschiedet. Denn der Alltag mit einem S\u00e4ugling kann buchst\u00e4blich ein \u201eKnochenjob\u201c sein, der die jungen Eltern vor etliche Herausforderungen stellt.<\/p>\n<p><strong>Fotos (30):<\/strong> Marzena Traber<\/p>\n<p><a title=\"Foto: Marzena Traber\" href=\"http:\/\/www.fuldaer-nachrichten.de\/wp-content\/uploads\/2011\/10\/111004_Familienschule_032.jpg\" rel=\"lightbox[roadtrip]\" target=\"_blank\"><img decoding=\"async\" src=\"http:\/\/www.fuldaer-nachrichten.de\/wp-content\/uploads\/2011\/10\/111004_Familienschule_032.thumbnail.jpg\" alt=\"111004_Familienschule_032.jpg\" width=\"265\" \/><\/a> <a title=\"Foto: Marzena Traber\" href=\"http:\/\/www.fuldaer-nachrichten.de\/wp-content\/uploads\/2011\/10\/111004_Familienschule_031.jpg\" rel=\"lightbox[roadtrip]\" target=\"_blank\"><img decoding=\"async\" src=\"http:\/\/www.fuldaer-nachrichten.de\/wp-content\/uploads\/2011\/10\/111004_Familienschule_031.thumbnail.jpg\" alt=\"111004_Familienschule_031.jpg\" width=\"265\" \/><\/a><\/p>\n<p>Welche Herausforderungen das sein k\u00f6nnen, wei\u00df Julia Sp\u00e4tling, die seit f\u00fcnf Jahren die Familienschule Fulda im Gallasiniring 8 leitet und junge Eltern dabei unterst\u00fctzt, den Alltag als Familie zu meistern. \u201eJunge Paare haben meistens eine hohe Erwartungshaltung und sind nicht darauf vorbe-reitet, was sie als Eltern leisten m\u00fcssen. Sehr oft f\u00fchren Zeit- und Schlafmangel zu Konflikten. Bleiben die Probleme ungel\u00f6st, ger\u00e4t die Partnerschaft in Gefahr\u201c, wei\u00df die diplomierte Heilp\u00e4dagogin.<\/p>\n<p><a title=\"Foto: Marzena Traber\" href=\"http:\/\/www.fuldaer-nachrichten.de\/wp-content\/uploads\/2011\/10\/111004_Familienschule_033.jpg\" rel=\"lightbox[roadtrip]\" target=\"_blank\"><img decoding=\"async\" src=\"http:\/\/www.fuldaer-nachrichten.de\/wp-content\/uploads\/2011\/10\/111004_Familienschule_033.thumbnail.jpg\" alt=\"111004_Familienschule_033.jpg\" width=\"265\" \/><\/a> <a title=\"Foto: Marzena Traber\" href=\"http:\/\/www.fuldaer-nachrichten.de\/wp-content\/uploads\/2011\/10\/111004_Familienschule_034.jpg\" rel=\"lightbox[roadtrip]\" target=\"_blank\"><img decoding=\"async\" src=\"http:\/\/www.fuldaer-nachrichten.de\/wp-content\/uploads\/2011\/10\/111004_Familienschule_034.thumbnail.jpg\" alt=\"111004_Familienschule_034.jpg\" width=\"265\" \/><\/a><\/p>\n<p>Damit aus Liebespaaren Eltern werden, die sich gut verstehen, ihren Kindern ein stabiles Zuhause geben und dabei auch ihre Liebe jung halten k\u00f6nnen, hat die Familienschule Angebote und Kurse entwickelt, die speziell auf die Bed\u00fcrfnisse junger und werdender Eltern zugeschnitten sind. So wurden im ersten Schritt die Geburtsvorbereitungskurse inhaltlich um die Familienvorbereitung erweitert.<\/p>\n<p><a title=\"Foto: Marzena Traber\" href=\"http:\/\/www.fuldaer-nachrichten.de\/wp-content\/uploads\/2011\/10\/111004_Familienschule_024.jpg\" rel=\"lightbox[roadtrip]\" target=\"_blank\"><img decoding=\"async\" src=\"http:\/\/www.fuldaer-nachrichten.de\/wp-content\/uploads\/2011\/10\/111004_Familienschule_024.thumbnail.jpg\" alt=\"111004_Familienschule_024.jpg\" width=\"265\" \/><\/a> <a title=\"Foto: Marzena Traber\" href=\"http:\/\/www.fuldaer-nachrichten.de\/wp-content\/uploads\/2011\/10\/111004_Familienschule_023.jpg\" rel=\"lightbox[roadtrip]\" target=\"_blank\"><img decoding=\"async\" src=\"http:\/\/www.fuldaer-nachrichten.de\/wp-content\/uploads\/2011\/10\/111004_Familienschule_023.thumbnail.jpg\" alt=\"111004_Familienschule_023.jpg\" width=\"265\" \/><\/a><\/p>\n<p>Entsprechend ausgebildete Hebammen beleuchten beispielsweise mit den Teilnehmerinnen und Teilnehmern, wie man Eltern werden und dabei trotzdem ein Paar bleiben kann. Gleichzeitig werden Strategien und L\u00f6sungsans\u00e4tze zur partnerschaftlichen Kommunikation, zum Konfliktmanagement und zur Aufgabenverteilung vermittelt. \u201eDie Geburtsvorbereitungskurse\u201c, betont Julia Sp\u00e4tling, \u201esind f\u00fcr die Teilnehmer kostenlos, da Stadt und Landkreis Fulda sowie die Deutsche Familienstiftung gemeinsam die Finanzierung sicherstellen.\u201c<\/p>\n<p><a title=\"Foto: Marzena Traber\" href=\"http:\/\/www.fuldaer-nachrichten.de\/wp-content\/uploads\/2011\/10\/111004_Familienschule_013.jpg\" rel=\"lightbox[roadtrip]\" target=\"_blank\"><img decoding=\"async\" src=\"http:\/\/www.fuldaer-nachrichten.de\/wp-content\/uploads\/2011\/10\/111004_Familienschule_013.thumbnail.jpg\" alt=\"111004_Familienschule_013.jpg\" width=\"265\" \/><\/a>\u00c2\u00a0<a title=\"Foto: Marzena Traber\" href=\"http:\/\/www.fuldaer-nachrichten.de\/wp-content\/uploads\/2011\/10\/111004_Familienschule_021.jpg\" rel=\"lightbox[roadtrip]\" target=\"_blank\"><img decoding=\"async\" src=\"http:\/\/www.fuldaer-nachrichten.de\/wp-content\/uploads\/2011\/10\/111004_Familienschule_021.thumbnail.jpg\" alt=\"111004_Familienschule_021.jpg\" width=\"265\" \/><\/a><\/p>\n<p>Auch \u00fcber die Geburt und das Wochenbett hinaus finden junge Eltern in der Familienschule verschiedene Kurse wie Babymassage oder S\u00e4uglingspflege sowie Angebote, die M\u00fcttern und V\u00e4tern in den ersten drei Jahren dabei helfen, mit den schwierigen Seiten des neuen Familiengl\u00fccks besser umgehen und peu \u00c3\u00a0 peu in die Elternrolle hineinwachsen zu k\u00f6nnen. Unter anderem bieten Julia Sp\u00e4tling und ihr Kollege Dipl.-P\u00e4dagoge Remigiusz Gadomska auch kostenlose Beratungsgespr\u00e4che bei individuellen Problemstellungen an.<\/p>\n<p><a title=\"Foto: Marzena Traber\" href=\"http:\/\/www.fuldaer-nachrichten.de\/wp-content\/uploads\/2011\/10\/111004_Familienschule_027.jpg\" rel=\"lightbox[roadtrip]\" target=\"_blank\"><img decoding=\"async\" src=\"http:\/\/www.fuldaer-nachrichten.de\/wp-content\/uploads\/2011\/10\/111004_Familienschule_027.thumbnail.jpg\" alt=\"111004_Familienschule_027.jpg\" width=\"265\" \/><\/a>\u00c2\u00a0<a title=\"Foto: Marzena Traber\" href=\"http:\/\/www.fuldaer-nachrichten.de\/wp-content\/uploads\/2011\/10\/111004_Familienschule_028.jpg\" rel=\"lightbox[roadtrip]\" target=\"_blank\"><img decoding=\"async\" src=\"http:\/\/www.fuldaer-nachrichten.de\/wp-content\/uploads\/2011\/10\/111004_Familienschule_028.thumbnail.jpg\" alt=\"111004_Familienschule_028.jpg\" width=\"265\" \/><\/a><\/p>\n<p>Die Idee, junge Eltern bereits in der Phase der Familiengr\u00fcndung zu unterst\u00fctzen, geht auf Prof. Dr. Ludwig Sp\u00e4tling zur\u00fcck. Der Frauenarzt und Vater dreier Kinder hatte die Familienschule Fulda im Jahr 1999 ins Leben gerufen. Ein Jahr sp\u00e4ter gr\u00fcndete der Mediziner die Deutsche Familienstiftung, deren Ziel es ist, junge Familien zu st\u00e4rken und damit den Kindern ideale Voraussetzungen f\u00fcr eine gl\u00fcckliche und gesunde Kindheit zu geben.<\/p>\n<p><a title=\"Foto: Marzena Traber\" href=\"http:\/\/www.fuldaer-nachrichten.de\/wp-content\/uploads\/2011\/10\/111004_Familienschule_035.jpg\" rel=\"lightbox[roadtrip]\" target=\"_blank\"><img decoding=\"async\" src=\"http:\/\/www.fuldaer-nachrichten.de\/wp-content\/uploads\/2011\/10\/111004_Familienschule_035.thumbnail.jpg\" alt=\"111004_Familienschule_035.jpg\" width=\"265\" \/><\/a> <a title=\"Foto: Marzena Traber\" href=\"http:\/\/www.fuldaer-nachrichten.de\/wp-content\/uploads\/2011\/10\/111004_Familienschule_012.jpg\" rel=\"lightbox[roadtrip]\" target=\"_blank\"><img decoding=\"async\" src=\"http:\/\/www.fuldaer-nachrichten.de\/wp-content\/uploads\/2011\/10\/111004_Familienschule_012.thumbnail.jpg\" alt=\"111004_Familienschule_012.jpg\" width=\"265\" \/><\/a><\/p>\n<p>W\u00e4hrend in der Familienschule die Basisarbeit gemacht wird, sorgt die Stiftung nicht nur f\u00fcr die Finanzierung der Familienschule, sondern entwickelt auch neue Konzepte und Ideen, um Gesellschaft und Politik f\u00fcr die Bed\u00fcrfnisse junger Familien zu sensibilisieren. \u201eMit regelm\u00e4\u00dfigen Wettbewerben und Veranstaltungen f\u00fcr Multiplikatoren vermitteln wir Hintergrundwissen und tragen unsere Botschaften nach au\u00dfen\u201c, betont Julia Sp\u00e4tling. Warum gerade junge Familien eine nachhaltige Unterst\u00fctzung ben\u00f6tigen formuliert Prof. Dr. Ludwig Sp\u00e4tling wie folgt: \u201eMan muss der jungen Familie Mut machen, Familie zu werden, zu sein und zu bleiben&#8230;weil Kinder unsere Zukunft sind.\u201c (Dorit Heydenreich)<\/p>\n<p><a title=\"Foto: Marzena Traber\" href=\"http:\/\/www.fuldaer-nachrichten.de\/wp-content\/uploads\/2011\/10\/111004_Familienschule_001.jpg\" rel=\"lightbox[roadtrip]\" target=\"_blank\"><img decoding=\"async\" src=\"http:\/\/www.fuldaer-nachrichten.de\/wp-content\/uploads\/2011\/10\/111004_Familienschule_001.thumbnail.jpg\" alt=\"111004_Familienschule_001.jpg\" width=\"265\" \/><\/a> <a title=\"Foto: Marzena Traber\" href=\"http:\/\/www.fuldaer-nachrichten.de\/wp-content\/uploads\/2011\/10\/111004_Familienschule_002.jpg\" rel=\"lightbox[roadtrip]\" target=\"_blank\"><img decoding=\"async\" src=\"http:\/\/www.fuldaer-nachrichten.de\/wp-content\/uploads\/2011\/10\/111004_Familienschule_002.thumbnail.jpg\" alt=\"111004_Familienschule_002.jpg\" width=\"265\" \/><\/a><\/p>\n<p><a title=\"Foto: Marzena Traber\" href=\"http:\/\/www.fuldaer-nachrichten.de\/wp-content\/uploads\/2011\/10\/111004_Familienschule_015.jpg\" rel=\"lightbox[roadtrip]\" target=\"_blank\"><img decoding=\"async\" src=\"http:\/\/www.fuldaer-nachrichten.de\/wp-content\/uploads\/2011\/10\/111004_Familienschule_015.thumbnail.jpg\" alt=\"111004_Familienschule_015.jpg\" width=\"265\" \/><\/a> <a title=\"Foto: Marzena Traber\" href=\"http:\/\/www.fuldaer-nachrichten.de\/wp-content\/uploads\/2011\/10\/111004_Familienschule_016.jpg\" rel=\"lightbox[roadtrip]\" target=\"_blank\"><img decoding=\"async\" src=\"http:\/\/www.fuldaer-nachrichten.de\/wp-content\/uploads\/2011\/10\/111004_Familienschule_016.thumbnail.jpg\" alt=\"111004_Familienschule_016.jpg\" width=\"265\" \/><\/a><\/p>\n<p><a title=\"Foto: Marzena Traber\" href=\"http:\/\/www.fuldaer-nachrichten.de\/wp-content\/uploads\/2011\/10\/111004_Familienschule_017.jpg\" rel=\"lightbox[roadtrip]\" target=\"_blank\"><img decoding=\"async\" src=\"http:\/\/www.fuldaer-nachrichten.de\/wp-content\/uploads\/2011\/10\/111004_Familienschule_017.thumbnail.jpg\" alt=\"111004_Familienschule_017.jpg\" width=\"265\" \/><\/a> <a title=\"Foto: Marzena Traber\" href=\"http:\/\/www.fuldaer-nachrichten.de\/wp-content\/uploads\/2011\/10\/111004_Familienschule_018.jpg\" rel=\"lightbox[roadtrip]\" target=\"_blank\"><img decoding=\"async\" src=\"http:\/\/www.fuldaer-nachrichten.de\/wp-content\/uploads\/2011\/10\/111004_Familienschule_018.thumbnail.jpg\" alt=\"111004_Familienschule_018.jpg\" width=\"265\" \/><\/a><\/p>\n<p><a title=\"Foto: Marzena Traber\" href=\"http:\/\/www.fuldaer-nachrichten.de\/wp-content\/uploads\/2011\/10\/111004_Familienschule_003.jpg\" rel=\"lightbox[roadtrip]\" target=\"_blank\"><img decoding=\"async\" src=\"http:\/\/www.fuldaer-nachrichten.de\/wp-content\/uploads\/2011\/10\/111004_Familienschule_003.thumbnail.jpg\" alt=\"111004_Familienschule_003.jpg\" width=\"265\" \/><\/a> <a title=\"Foto: Marzena Traber\" href=\"http:\/\/www.fuldaer-nachrichten.de\/wp-content\/uploads\/2011\/10\/111004_Familienschule_004.jpg\" rel=\"lightbox[roadtrip]\" target=\"_blank\"><img decoding=\"async\" src=\"http:\/\/www.fuldaer-nachrichten.de\/wp-content\/uploads\/2011\/10\/111004_Familienschule_004.thumbnail.jpg\" alt=\"111004_Familienschule_004.jpg\" width=\"265\" \/><\/a><\/p>\n<p><a title=\"Foto: Marzena Traber\" href=\"http:\/\/www.fuldaer-nachrichten.de\/wp-content\/uploads\/2011\/10\/111004_Familienschule_019.jpg\" rel=\"lightbox[roadtrip]\" target=\"_blank\"><img decoding=\"async\" src=\"http:\/\/www.fuldaer-nachrichten.de\/wp-content\/uploads\/2011\/10\/111004_Familienschule_019.thumbnail.jpg\" alt=\"111004_Familienschule_019.jpg\" width=\"265\" \/><\/a> <a title=\"Foto: Marzena Traber\" href=\"http:\/\/www.fuldaer-nachrichten.de\/wp-content\/uploads\/2011\/10\/111004_Familienschule_020.jpg\" rel=\"lightbox[roadtrip]\" target=\"_blank\"><img decoding=\"async\" src=\"http:\/\/www.fuldaer-nachrichten.de\/wp-content\/uploads\/2011\/10\/111004_Familienschule_020.thumbnail.jpg\" alt=\"111004_Familienschule_020.jpg\" width=\"265\" \/><\/a><\/p>\n<p><a title=\"Foto: Marzena Traber\" href=\"http:\/\/www.fuldaer-nachrichten.de\/wp-content\/uploads\/2011\/10\/111004_Familienschule_022.jpg\" rel=\"lightbox[roadtrip]\" target=\"_blank\"><img decoding=\"async\" src=\"http:\/\/www.fuldaer-nachrichten.de\/wp-content\/uploads\/2011\/10\/111004_Familienschule_022.thumbnail.jpg\" alt=\"111004_Familienschule_022.jpg\" width=\"265\" \/><\/a> <a title=\"Foto: Marzena Traber\" href=\"http:\/\/www.fuldaer-nachrichten.de\/wp-content\/uploads\/2011\/10\/111004_Familienschule_014.jpg\" rel=\"lightbox[roadtrip]\" target=\"_blank\"><img decoding=\"async\" src=\"http:\/\/www.fuldaer-nachrichten.de\/wp-content\/uploads\/2011\/10\/111004_Familienschule_014.thumbnail.jpg\" alt=\"111004_Familienschule_014.jpg\" width=\"265\" \/><\/a><\/p>\n<p><a title=\"Foto: Marzena Traber\" href=\"http:\/\/www.fuldaer-nachrichten.de\/wp-content\/uploads\/2011\/10\/111004_Familienschule_005.jpg\" rel=\"lightbox[roadtrip]\" target=\"_blank\"><img decoding=\"async\" src=\"http:\/\/www.fuldaer-nachrichten.de\/wp-content\/uploads\/2011\/10\/111004_Familienschule_005.thumbnail.jpg\" alt=\"111004_Familienschule_005.jpg\" width=\"265\" \/><\/a> <a title=\"Foto: Marzena Traber\" href=\"http:\/\/www.fuldaer-nachrichten.de\/wp-content\/uploads\/2011\/10\/111004_Familienschule_006.jpg\" rel=\"lightbox[roadtrip]\" target=\"_blank\"><img decoding=\"async\" src=\"http:\/\/www.fuldaer-nachrichten.de\/wp-content\/uploads\/2011\/10\/111004_Familienschule_006.thumbnail.jpg\" alt=\"111004_Familienschule_006.jpg\" width=\"265\" \/><\/a><\/p>\n<p><a title=\"Foto: Marzena Traber\" href=\"http:\/\/www.fuldaer-nachrichten.de\/wp-content\/uploads\/2011\/10\/111004_Familienschule_025.jpg\" rel=\"lightbox[roadtrip]\" target=\"_blank\"><img decoding=\"async\" src=\"http:\/\/www.fuldaer-nachrichten.de\/wp-content\/uploads\/2011\/10\/111004_Familienschule_025.thumbnail.jpg\" alt=\"111004_Familienschule_025.jpg\" width=\"265\" \/><\/a>\u00c2\u00a0<a title=\"Foto: Marzena Traber\" href=\"http:\/\/www.fuldaer-nachrichten.de\/wp-content\/uploads\/2011\/10\/111004_Familienschule_029.jpg\" rel=\"lightbox[roadtrip]\" target=\"_blank\"><img decoding=\"async\" src=\"http:\/\/www.fuldaer-nachrichten.de\/wp-content\/uploads\/2011\/10\/111004_Familienschule_029.thumbnail.jpg\" alt=\"111004_Familienschule_029.jpg\" width=\"265\" \/><\/a><\/p>\n<p><a title=\"Foto: Marzena Traber\" href=\"http:\/\/www.fuldaer-nachrichten.de\/wp-content\/uploads\/2011\/10\/111004_Familienschule_011.jpg\" rel=\"lightbox[roadtrip]\" target=\"_blank\"><img decoding=\"async\" src=\"http:\/\/www.fuldaer-nachrichten.de\/wp-content\/uploads\/2011\/10\/111004_Familienschule_011.thumbnail.jpg\" alt=\"111004_Familienschule_011.jpg\" width=\"265\" \/><\/a> <a title=\"Foto: Marzena Traber\" href=\"http:\/\/www.fuldaer-nachrichten.de\/wp-content\/uploads\/2011\/10\/111004_Familienschule_008.jpg\" rel=\"lightbox[roadtrip]\" target=\"_blank\"><img decoding=\"async\" src=\"http:\/\/www.fuldaer-nachrichten.de\/wp-content\/uploads\/2011\/10\/111004_Familienschule_008.thumbnail.jpg\" alt=\"111004_Familienschule_008.jpg\" width=\"265\" \/><\/a><\/p>\n","protected":false},"excerpt":{"rendered":"<div class=\"tmnf_excerpt\"><p>Fulda. Mutter, Vater, gemeinsames Kind \u2013 dazu trautes Heim und Gl\u00fcck allein. Viele Paare haben in der Phase der Familienplanung diese Idealvorstellung im Hinterkopf. Bis zur Geburt des Kindes. Dann dauert es meistens nur wenige Tage oder Wochen, bis man sich von seinem Wunschbild verabschiedet. Denn der Alltag mit einem S\u00e4ugling kann buchst\u00e4blich ein \u201eKnochenjob\u201c &hellip;<\/p>\n<\/div>","protected":false},"author":1,"featured_media":0,"comment_status":"closed","ping_status":"closed","sticky":false,"template":"","format":"standard","meta":{"footnotes":""},"categories":[1,54,72,78],"tags":[],"class_list":["post-91260","post","type-post","status-publish","format-standard","hentry","category-startseite","category-bildergalerien","category-jugend","category-topthema"],"_links":{"self":[{"href":"https:\/\/www.fuldaernachrichten.de\/index.php?rest_route=\/wp\/v2\/posts\/91260","targetHints":{"allow":["GET"]}}],"collection":[{"href":"https:\/\/www.fuldaernachrichten.de\/index.php?rest_route=\/wp\/v2\/posts"}],"about":[{"href":"https:\/\/www.fuldaernachrichten.de\/index.php?rest_route=\/wp\/v2\/types\/post"}],"author":[{"embeddable":true,"href":"https:\/\/www.fuldaernachrichten.de\/index.php?rest_route=\/wp\/v2\/users\/1"}],"replies":[{"embeddable":true,"href":"https:\/\/www.fuldaernachrichten.de\/index.php?rest_route=%2Fwp%2Fv2%2Fcomments&post=91260"}],"version-history":[{"count":1,"href":"https:\/\/www.fuldaernachrichten.de\/index.php?rest_route=\/wp\/v2\/posts\/91260\/revisions"}],"predecessor-version":[{"id":91438,"href":"https:\/\/www.fuldaernachrichten.de\/index.php?rest_route=\/wp\/v2\/posts\/91260\/revisions\/91438"}],"wp:attachment":[{"href":"https:\/\/www.fuldaernachrichten.de\/index.php?rest_route=%2Fwp%2Fv2%2Fmedia&parent=91260"}],"wp:term":[{"taxonomy":"category","embeddable":true,"href":"https:\/\/www.fuldaernachrichten.de\/index.php?rest_route=%2Fwp%2Fv2%2Fcategories&post=91260"},{"taxonomy":"post_tag","embeddable":true,"href":"https:\/\/www.fuldaernachrichten.de\/index.php?rest_route=%2Fwp%2Fv2%2Ftags&post=91260"}],"curies":[{"name":"wp","href":"https:\/\/api.w.org\/{rel}","templated":true}]}}