{"id":91219,"date":"2011-09-30T00:10:41","date_gmt":"2011-09-30T00:10:41","guid":{"rendered":"http:\/\/www.fuldaer-nachrichten.de\/?p=91219"},"modified":"2011-09-29T17:02:09","modified_gmt":"2011-09-29T17:02:09","slug":"familienwochenende-in-mahlerts","status":"publish","type":"post","link":"https:\/\/www.fuldaernachrichten.de\/?p=91219","title":{"rendered":"Familienwochenende in Mahlerts"},"content":{"rendered":"<p><strong><\/strong>Hofbieber-Mahlerts. Die Kinder- und Jugendf\u00f6rderung des Landkreises Fulda sowie die Beratungsstelle f\u00fcr Eltern, Kinder und Jugendliche in Fulda bieten vom 7. bis 9. Oktober im Rh\u00f6n-Haus Mahlerts ein Familienwochenende an, f\u00fcr das noch einige Pl\u00e4tze frei sind. Dabei besteht auch Gelegenheit, Fragen rund um den Erziehungsalltag zu kl\u00e4ren. Die Kosten bei eigener An- und Abreise betragen zwanzig Euro f\u00fcr Erwachsene und zehn Euro f\u00fcr Kinder. Info und Anmeldungen unter 0661\/6006-486 oder 0661\/901578-21.<\/p>\n","protected":false},"excerpt":{"rendered":"<div class=\"tmnf_excerpt\"><p>Hofbieber-Mahlerts. Die Kinder- und Jugendf\u00f6rderung des Landkreises Fulda sowie die Beratungsstelle f\u00fcr Eltern, Kinder und Jugendliche in Fulda bieten vom 7. bis 9. Oktober im Rh\u00f6n-Haus Mahlerts ein Familienwochenende an, f\u00fcr das noch einige Pl\u00e4tze frei sind. Dabei besteht auch Gelegenheit, Fragen rund um den Erziehungsalltag zu kl\u00e4ren. Die Kosten bei eigener An- und Abreise &hellip;<\/p>\n<\/div>","protected":false},"author":1,"featured_media":0,"comment_status":"closed","ping_status":"closed","sticky":false,"template":"","format":"standard","meta":{"footnotes":""},"categories":[1],"tags":[],"class_list":["post-91219","post","type-post","status-publish","format-standard","hentry","category-startseite"],"_links":{"self":[{"href":"https:\/\/www.fuldaernachrichten.de\/index.php?rest_route=\/wp\/v2\/posts\/91219","targetHints":{"allow":["GET"]}}],"collection":[{"href":"https:\/\/www.fuldaernachrichten.de\/index.php?rest_route=\/wp\/v2\/posts"}],"about":[{"href":"https:\/\/www.fuldaernachrichten.de\/index.php?rest_route=\/wp\/v2\/types\/post"}],"author":[{"embeddable":true,"href":"https:\/\/www.fuldaernachrichten.de\/index.php?rest_route=\/wp\/v2\/users\/1"}],"replies":[{"embeddable":true,"href":"https:\/\/www.fuldaernachrichten.de\/index.php?rest_route=%2Fwp%2Fv2%2Fcomments&post=91219"}],"version-history":[{"count":0,"href":"https:\/\/www.fuldaernachrichten.de\/index.php?rest_route=\/wp\/v2\/posts\/91219\/revisions"}],"wp:attachment":[{"href":"https:\/\/www.fuldaernachrichten.de\/index.php?rest_route=%2Fwp%2Fv2%2Fmedia&parent=91219"}],"wp:term":[{"taxonomy":"category","embeddable":true,"href":"https:\/\/www.fuldaernachrichten.de\/index.php?rest_route=%2Fwp%2Fv2%2Fcategories&post=91219"},{"taxonomy":"post_tag","embeddable":true,"href":"https:\/\/www.fuldaernachrichten.de\/index.php?rest_route=%2Fwp%2Fv2%2Ftags&post=91219"}],"curies":[{"name":"wp","href":"https:\/\/api.w.org\/{rel}","templated":true}]}}