{"id":91211,"date":"2011-09-30T00:09:41","date_gmt":"2011-09-30T00:09:41","guid":{"rendered":"http:\/\/www.fuldaer-nachrichten.de\/?p=91211"},"modified":"2011-09-30T10:13:02","modified_gmt":"2011-09-30T10:13:02","slug":"sinne-scharfen-und-emotionen-wecken-picasso-ausstellung-in-der-kinderakademie-eroffnet","status":"publish","type":"post","link":"https:\/\/www.fuldaernachrichten.de\/?p=91211","title":{"rendered":"Sinne sch\u00e4rfen und Emotionen wecken \u2013 Picasso-Ausstellung in der Kinderakademie er\u00f6ffnet"},"content":{"rendered":"<p><a title=\"Foto: Marzena Traber\" href=\"http:\/\/www.fuldaer-nachrichten.de\/wp-content\/uploads\/2011\/09\/110929_KAF_094.jpg\" rel=\"lightbox[roadtrip]\" target=\"_blank\"><img decoding=\"async\" src=\"http:\/\/www.fuldaer-nachrichten.de\/wp-content\/uploads\/2011\/09\/110929_KAF_094.jpg\" alt=\"110929_KAF_094.jpg\" width=\"560\" \/><\/a><\/p>\n<p>Fulda. Kunst in Workshops und Ausstellungen ist seit Beginn ein fester Bestandteil der Konzeption und des Programms der Kinder-Akademie Fulda. Immer verfolgen die Ausstellungskonzepte den Wunsch, Kinder und Jugendliche, aber durchaus auch Erwachsene anzusprechen und ihnen einen K\u00fcnstler oder eine Kunstrichtung vorzustellen und n\u00e4her zu bringen. \u201eEs geht darum, die Sinne der Besucher in einer Weise zu sch\u00e4rfen, dass die Ausstellungen sie emotional ber\u00fchren und so in lebhafter Erinnerung bleiben\u201c, erkl\u00e4rt KAF-Gesch\u00e4ftsf\u00fchrerin Gabriele K\u00f6nig. In diesem Jahr zeigt die KAF Arbeiten von Pablo Picasso, der in einem Gespr\u00e4ch mit seinem Verleger 1932 sagte: \u201eDas Werk, das man malt, ist eine Art Tagebuch zu f\u00fchren.\u201c<\/p>\n<p><strong>Fotos (94):<\/strong> Marzena Traber<\/p>\n<p><a title=\"Foto: Marzena Traber\" href=\"http:\/\/www.fuldaer-nachrichten.de\/wp-content\/uploads\/2011\/09\/110929_KAF_041.jpg\" rel=\"lightbox[roadtrip]\" target=\"_blank\"><img decoding=\"async\" src=\"http:\/\/www.fuldaer-nachrichten.de\/wp-content\/uploads\/2011\/09\/110929_KAF_041.thumbnail.jpg\" alt=\"110929_KAF_041.jpg\" width=\"265\" \/><\/a> <a title=\"Foto: Marzena Traber\" href=\"http:\/\/www.fuldaer-nachrichten.de\/wp-content\/uploads\/2011\/09\/110929_KAF_042.jpg\" rel=\"lightbox[roadtrip]\" target=\"_blank\"><img decoding=\"async\" src=\"http:\/\/www.fuldaer-nachrichten.de\/wp-content\/uploads\/2011\/09\/110929_KAF_042.thumbnail.jpg\" alt=\"110929_KAF_042.jpg\" width=\"265\" \/><\/a><\/p>\n<p>Die in der Ausstellung gezeigten Werke sind in doppelter Hinsicht eine Art Tagebuch: Die Werke von Picasso zeigen in vielen F\u00e4llen ihn selbst, seine Kinder oder eine seiner Frauen. Neben den Originallithographien werden Fotografien des Iren Edward Quinn (1920\u20131997) gezeigt sowie Steinskulpturen aus Simbabwe. Denn Picasso selbst war von den afrikanischen Maske, der fremden Form und andersartigen \u00c4sthetik beeindruckt und gleicherma\u00dfen fasziniert. Diese Erfahrungen und Wahrnehmungen beeinflussten den Stil des K\u00fcnstlers und begr\u00fcndeten den Kubismus mit. In der Kinder Akademie sind Skulpturen von zwei K\u00fcnstlern zu sehen, die von sich behaupten, ihre Kunst w\u00e4re wesentlich von der Kunst Picassos gepr\u00e4gt.<\/p>\n<p><a title=\"Foto: Marzena Traber\" href=\"http:\/\/www.fuldaer-nachrichten.de\/wp-content\/uploads\/2011\/09\/110929_KAF_043.jpg\" rel=\"lightbox[roadtrip]\" target=\"_blank\"><img decoding=\"async\" src=\"http:\/\/www.fuldaer-nachrichten.de\/wp-content\/uploads\/2011\/09\/110929_KAF_043.thumbnail.jpg\" alt=\"110929_KAF_043.jpg\" width=\"265\" \/><\/a> <a title=\"Foto: Marzena Traber\" href=\"http:\/\/www.fuldaer-nachrichten.de\/wp-content\/uploads\/2011\/09\/110929_KAF_044.jpg\" rel=\"lightbox[roadtrip]\" target=\"_blank\"><img decoding=\"async\" src=\"http:\/\/www.fuldaer-nachrichten.de\/wp-content\/uploads\/2011\/09\/110929_KAF_044.thumbnail.jpg\" alt=\"110929_KAF_044.jpg\" width=\"265\" \/><\/a><\/p>\n<p>Am Donnerstag waren die Sch\u00fcler und Sch\u00fclerinnen der Klasse 4 der Astrid-Lindgren-Schule aus Fulda die Er\u00f6ffnungsg\u00e4ste dieser Ausstellung. Sie wurden von Carolin Ferres und Martina Grohn begleitet. Bei ihrem Rundgang durch die Ausstellung tauchten sie in die Bilderwelt Picassos ein, erfuhren die Grundlagen des Kubismus und wurden im Anschluss in den Werkr\u00e4umen der Kinder-Akademie selbst k\u00fcnstlerisch t\u00e4tig, in dem sie Portraits im Stil Picasso schufen. <a href=\"http:\/\/www.kaf.de\/\" target=\"_blank\">http:\/\/www.kaf.de\/<\/a><\/p>\n<p><a title=\"Foto: Marzena Traber\" href=\"http:\/\/www.fuldaer-nachrichten.de\/wp-content\/uploads\/2011\/09\/110929_KAF_039.jpg\" rel=\"lightbox[roadtrip]\" target=\"_blank\"><img fetchpriority=\"high\" decoding=\"async\" src=\"http:\/\/www.fuldaer-nachrichten.de\/wp-content\/uploads\/2011\/09\/110929_KAF_039.thumbnail.jpg\" alt=\"110929_KAF_039.jpg\" width=\"265\" height=\"409\" \/><\/a> <a title=\"Foto: Marzena Traber\" href=\"http:\/\/www.fuldaer-nachrichten.de\/wp-content\/uploads\/2011\/09\/110929_KAF_040.jpg\" rel=\"lightbox[roadtrip]\" target=\"_blank\"><img decoding=\"async\" src=\"http:\/\/www.fuldaer-nachrichten.de\/wp-content\/uploads\/2011\/09\/110929_KAF_040.thumbnail.jpg\" alt=\"110929_KAF_040.jpg\" width=\"265\" \/><\/a><\/p>\n<p><strong>\u00d6ffentliche F\u00fchrungen sind<\/strong><\/p>\n<p>Fr: 14.30 Uhr<br \/>\nSa\/So: 13.30, 14.30, 15.30 Uhr (\u00c4nderungen vorbehalten)<\/p>\n<p>F\u00fchrungen f\u00fcr Schulklassen und Gruppen nur nach telefonischer Voranmeldung. Einlass f\u00fcr Gruppen bereits ab 8.30 Uhr m\u00f6glich.<\/p>\n<p><strong>Eintrittspreise<\/strong><br \/>\nAusstellung inkl. Museum 4 \u00e2\u201a\u00ac p. P.<br \/>\nAusstellung inkl. Begleitprogramm 6 \u00e2\u201a\u00ac p. P.<br \/>\n(bei Schulklassen zwei Begleitpersonen frei)<\/p>\n<p><a title=\"Foto: Marzena Traber\" href=\"http:\/\/www.fuldaer-nachrichten.de\/wp-content\/uploads\/2011\/09\/110929_KAF_045.jpg\" rel=\"lightbox[roadtrip]\" target=\"_blank\"><img decoding=\"async\" src=\"http:\/\/www.fuldaer-nachrichten.de\/wp-content\/uploads\/2011\/09\/110929_KAF_045.thumbnail.jpg\" alt=\"110929_KAF_045.jpg\" width=\"265\" \/><\/a> <a title=\"Foto: Marzena Traber\" href=\"http:\/\/www.fuldaer-nachrichten.de\/wp-content\/uploads\/2011\/09\/110929_KAF_046.jpg\" rel=\"lightbox[roadtrip]\" target=\"_blank\"><img decoding=\"async\" src=\"http:\/\/www.fuldaer-nachrichten.de\/wp-content\/uploads\/2011\/09\/110929_KAF_046.thumbnail.jpg\" alt=\"110929_KAF_046.jpg\" width=\"265\" \/><\/a><\/p>\n<p><a title=\"Foto: Marzena Traber\" href=\"http:\/\/www.fuldaer-nachrichten.de\/wp-content\/uploads\/2011\/09\/110929_KAF_047.jpg\" rel=\"lightbox[roadtrip]\" target=\"_blank\"><img decoding=\"async\" src=\"http:\/\/www.fuldaer-nachrichten.de\/wp-content\/uploads\/2011\/09\/110929_KAF_047.thumbnail.jpg\" alt=\"110929_KAF_047.jpg\" width=\"265\" \/><\/a> <a title=\"Foto: Marzena Traber\" href=\"http:\/\/www.fuldaer-nachrichten.de\/wp-content\/uploads\/2011\/09\/110929_KAF_048.jpg\" rel=\"lightbox[roadtrip]\" target=\"_blank\"><img decoding=\"async\" src=\"http:\/\/www.fuldaer-nachrichten.de\/wp-content\/uploads\/2011\/09\/110929_KAF_048.thumbnail.jpg\" alt=\"110929_KAF_048.jpg\" width=\"265\" \/><\/a><\/p>\n<p><a title=\"Foto: Marzena Traber\" href=\"http:\/\/www.fuldaer-nachrichten.de\/wp-content\/uploads\/2011\/09\/110929_KAF_049.jpg\" rel=\"lightbox[roadtrip]\" target=\"_blank\"><img decoding=\"async\" src=\"http:\/\/www.fuldaer-nachrichten.de\/wp-content\/uploads\/2011\/09\/110929_KAF_049.thumbnail.jpg\" alt=\"110929_KAF_049.jpg\" width=\"265\" \/><\/a> <a title=\"Foto: Marzena Traber\" href=\"http:\/\/www.fuldaer-nachrichten.de\/wp-content\/uploads\/2011\/09\/110929_KAF_050.jpg\" rel=\"lightbox[roadtrip]\" target=\"_blank\"><img decoding=\"async\" src=\"http:\/\/www.fuldaer-nachrichten.de\/wp-content\/uploads\/2011\/09\/110929_KAF_050.thumbnail.jpg\" alt=\"110929_KAF_050.jpg\" width=\"265\" \/><\/a><\/p>\n<p><a title=\"Foto: Marzena Traber\" href=\"http:\/\/www.fuldaer-nachrichten.de\/wp-content\/uploads\/2011\/09\/110929_KAF_002.jpg\" rel=\"lightbox[roadtrip]\" target=\"_blank\"><img decoding=\"async\" src=\"http:\/\/www.fuldaer-nachrichten.de\/wp-content\/uploads\/2011\/09\/110929_KAF_002.thumbnail.jpg\" alt=\"110929_KAF_002.jpg\" width=\"265\" \/><\/a> <a title=\"Foto: Marzena Traber\" href=\"http:\/\/www.fuldaer-nachrichten.de\/wp-content\/uploads\/2011\/09\/110929_KAF_038.jpg\" rel=\"lightbox[roadtrip]\" target=\"_blank\"><img decoding=\"async\" src=\"http:\/\/www.fuldaer-nachrichten.de\/wp-content\/uploads\/2011\/09\/110929_KAF_038.thumbnail.jpg\" alt=\"110929_KAF_038.jpg\" width=\"265\" \/><\/a><\/p>\n<p><a title=\"Foto: Marzena Traber\" href=\"http:\/\/www.fuldaer-nachrichten.de\/wp-content\/uploads\/2011\/09\/110929_KAF_003.jpg\" rel=\"lightbox[roadtrip]\" target=\"_blank\"><img decoding=\"async\" src=\"http:\/\/www.fuldaer-nachrichten.de\/wp-content\/uploads\/2011\/09\/110929_KAF_003.thumbnail.jpg\" alt=\"110929_KAF_003.jpg\" width=\"265\" \/><\/a> <a title=\"Foto: Marzena Traber\" href=\"http:\/\/www.fuldaer-nachrichten.de\/wp-content\/uploads\/2011\/09\/110929_KAF_004.jpg\" rel=\"lightbox[roadtrip]\" target=\"_blank\"><img decoding=\"async\" src=\"http:\/\/www.fuldaer-nachrichten.de\/wp-content\/uploads\/2011\/09\/110929_KAF_004.thumbnail.jpg\" alt=\"110929_KAF_004.jpg\" width=\"265\" \/><\/a><\/p>\n<p><a title=\"Foto: Marzena Traber\" href=\"http:\/\/www.fuldaer-nachrichten.de\/wp-content\/uploads\/2011\/09\/110929_KAF_083.jpg\" rel=\"lightbox[roadtrip]\" target=\"_blank\"><img decoding=\"async\" src=\"http:\/\/www.fuldaer-nachrichten.de\/wp-content\/uploads\/2011\/09\/110929_KAF_083.thumbnail.jpg\" alt=\"110929_KAF_083.jpg\" width=\"265\" \/><\/a> <a title=\"Foto: Marzena Traber\" href=\"http:\/\/www.fuldaer-nachrichten.de\/wp-content\/uploads\/2011\/09\/110929_KAF_084.jpg\" rel=\"lightbox[roadtrip]\" target=\"_blank\"><img decoding=\"async\" src=\"http:\/\/www.fuldaer-nachrichten.de\/wp-content\/uploads\/2011\/09\/110929_KAF_084.thumbnail.jpg\" alt=\"110929_KAF_084.jpg\" width=\"265\" \/><\/a><\/p>\n<p><a title=\"Foto: Marzena Traber\" href=\"http:\/\/www.fuldaer-nachrichten.de\/wp-content\/uploads\/2011\/09\/110929_KAF_085.jpg\" rel=\"lightbox[roadtrip]\" target=\"_blank\"><img decoding=\"async\" src=\"http:\/\/www.fuldaer-nachrichten.de\/wp-content\/uploads\/2011\/09\/110929_KAF_085.thumbnail.jpg\" alt=\"110929_KAF_085.jpg\" width=\"265\" \/><\/a> <a title=\"Foto: Marzena Traber\" href=\"http:\/\/www.fuldaer-nachrichten.de\/wp-content\/uploads\/2011\/09\/110929_KAF_086.jpg\" rel=\"lightbox[roadtrip]\" target=\"_blank\"><img decoding=\"async\" src=\"http:\/\/www.fuldaer-nachrichten.de\/wp-content\/uploads\/2011\/09\/110929_KAF_086.thumbnail.jpg\" alt=\"110929_KAF_086.jpg\" width=\"265\" \/><\/a><\/p>\n<p><a title=\"Foto: Marzena Traber\" href=\"http:\/\/www.fuldaer-nachrichten.de\/wp-content\/uploads\/2011\/09\/110929_KAF_087.jpg\" rel=\"lightbox[roadtrip]\" target=\"_blank\"><img decoding=\"async\" src=\"http:\/\/www.fuldaer-nachrichten.de\/wp-content\/uploads\/2011\/09\/110929_KAF_087.thumbnail.jpg\" alt=\"110929_KAF_087.jpg\" width=\"265\" \/><\/a> <a title=\"Foto: Marzena Traber\" href=\"http:\/\/www.fuldaer-nachrichten.de\/wp-content\/uploads\/2011\/09\/110929_KAF_088.jpg\" rel=\"lightbox[roadtrip]\" target=\"_blank\"><img decoding=\"async\" src=\"http:\/\/www.fuldaer-nachrichten.de\/wp-content\/uploads\/2011\/09\/110929_KAF_088.thumbnail.jpg\" alt=\"110929_KAF_088.jpg\" width=\"265\" \/><\/a><\/p>\n<p><a title=\"Foto: Marzena Traber\" href=\"http:\/\/www.fuldaer-nachrichten.de\/wp-content\/uploads\/2011\/09\/110929_KAF_095.jpg\" rel=\"lightbox[roadtrip]\" target=\"_blank\"><img decoding=\"async\" src=\"http:\/\/www.fuldaer-nachrichten.de\/wp-content\/uploads\/2011\/09\/110929_KAF_095.thumbnail.jpg\" alt=\"110929_KAF_095.jpg\" width=\"265\" \/><\/a> <a title=\"Foto: Marzena Traber\" href=\"http:\/\/www.fuldaer-nachrichten.de\/wp-content\/uploads\/2011\/09\/110929_KAF_096.jpg\" rel=\"lightbox[roadtrip]\" target=\"_blank\"><img decoding=\"async\" src=\"http:\/\/www.fuldaer-nachrichten.de\/wp-content\/uploads\/2011\/09\/110929_KAF_096.thumbnail.jpg\" alt=\"110929_KAF_096.jpg\" width=\"265\" \/><\/a><\/p>\n<p><a title=\"Foto: Marzena Traber\" href=\"http:\/\/www.fuldaer-nachrichten.de\/wp-content\/uploads\/2011\/09\/110929_KAF_097.jpg\" rel=\"lightbox[roadtrip]\" target=\"_blank\"><img decoding=\"async\" src=\"http:\/\/www.fuldaer-nachrichten.de\/wp-content\/uploads\/2011\/09\/110929_KAF_097.thumbnail.jpg\" alt=\"110929_KAF_097.jpg\" width=\"265\" \/><\/a> <a title=\"Foto: Marzena Traber\" href=\"http:\/\/www.fuldaer-nachrichten.de\/wp-content\/uploads\/2011\/09\/110929_KAF_098.jpg\" rel=\"lightbox[roadtrip]\" target=\"_blank\"><img decoding=\"async\" src=\"http:\/\/www.fuldaer-nachrichten.de\/wp-content\/uploads\/2011\/09\/110929_KAF_098.thumbnail.jpg\" alt=\"110929_KAF_098.jpg\" width=\"265\" \/><\/a><\/p>\n<p><a title=\"Foto: Marzena Traber\" href=\"http:\/\/www.fuldaer-nachrichten.de\/wp-content\/uploads\/2011\/09\/110929_KAF_005.jpg\" rel=\"lightbox[roadtrip]\" target=\"_blank\"><img decoding=\"async\" src=\"http:\/\/www.fuldaer-nachrichten.de\/wp-content\/uploads\/2011\/09\/110929_KAF_005.thumbnail.jpg\" alt=\"110929_KAF_005.jpg\" width=\"265\" \/><\/a> <a title=\"Foto: Marzena Traber\" href=\"http:\/\/www.fuldaer-nachrichten.de\/wp-content\/uploads\/2011\/09\/110929_KAF_006.jpg\" rel=\"lightbox[roadtrip]\" target=\"_blank\"><img decoding=\"async\" src=\"http:\/\/www.fuldaer-nachrichten.de\/wp-content\/uploads\/2011\/09\/110929_KAF_006.thumbnail.jpg\" alt=\"110929_KAF_006.jpg\" width=\"265\" \/><\/a><\/p>\n<p><a title=\"Foto: Marzena Traber\" href=\"http:\/\/www.fuldaer-nachrichten.de\/wp-content\/uploads\/2011\/09\/110929_KAF_089.jpg\" rel=\"lightbox[roadtrip]\" target=\"_blank\"><img decoding=\"async\" src=\"http:\/\/www.fuldaer-nachrichten.de\/wp-content\/uploads\/2011\/09\/110929_KAF_089.thumbnail.jpg\" alt=\"110929_KAF_089.jpg\" width=\"265\" \/><\/a> <a title=\"Foto: Marzena Traber\" href=\"http:\/\/www.fuldaer-nachrichten.de\/wp-content\/uploads\/2011\/09\/110929_KAF_090.jpg\" rel=\"lightbox[roadtrip]\" target=\"_blank\"><img decoding=\"async\" src=\"http:\/\/www.fuldaer-nachrichten.de\/wp-content\/uploads\/2011\/09\/110929_KAF_090.thumbnail.jpg\" alt=\"110929_KAF_090.jpg\" width=\"265\" \/><\/a><\/p>\n<p><a title=\"Foto: Marzena Traber\" href=\"http:\/\/www.fuldaer-nachrichten.de\/wp-content\/uploads\/2011\/09\/110929_KAF_091.jpg\" rel=\"lightbox[roadtrip]\" target=\"_blank\"><img decoding=\"async\" src=\"http:\/\/www.fuldaer-nachrichten.de\/wp-content\/uploads\/2011\/09\/110929_KAF_091.thumbnail.jpg\" alt=\"110929_KAF_091.jpg\" width=\"265\" \/><\/a> <a title=\"Foto: Marzena Traber\" href=\"http:\/\/www.fuldaer-nachrichten.de\/wp-content\/uploads\/2011\/09\/110929_KAF_092.jpg\" rel=\"lightbox[roadtrip]\" target=\"_blank\"><img decoding=\"async\" src=\"http:\/\/www.fuldaer-nachrichten.de\/wp-content\/uploads\/2011\/09\/110929_KAF_092.thumbnail.jpg\" alt=\"110929_KAF_092.jpg\" width=\"265\" \/><\/a><\/p>\n<p><a title=\"Foto: Marzena Traber\" href=\"http:\/\/www.fuldaer-nachrichten.de\/wp-content\/uploads\/2011\/09\/110929_KAF_055.jpg\" rel=\"lightbox[roadtrip]\" target=\"_blank\"><img decoding=\"async\" src=\"http:\/\/www.fuldaer-nachrichten.de\/wp-content\/uploads\/2011\/09\/110929_KAF_055.thumbnail.jpg\" alt=\"110929_KAF_055.jpg\" width=\"265\" \/><\/a> <a title=\"Foto: Marzena Traber\" href=\"http:\/\/www.fuldaer-nachrichten.de\/wp-content\/uploads\/2011\/09\/110929_KAF_056.jpg\" rel=\"lightbox[roadtrip]\" target=\"_blank\"><img decoding=\"async\" src=\"http:\/\/www.fuldaer-nachrichten.de\/wp-content\/uploads\/2011\/09\/110929_KAF_056.thumbnail.jpg\" alt=\"110929_KAF_056.jpg\" width=\"265\" \/><\/a><\/p>\n<p><a title=\"Foto: Marzena Traber\" href=\"http:\/\/www.fuldaer-nachrichten.de\/wp-content\/uploads\/2011\/09\/110929_KAF_057.jpg\" rel=\"lightbox[roadtrip]\" target=\"_blank\"><img decoding=\"async\" src=\"http:\/\/www.fuldaer-nachrichten.de\/wp-content\/uploads\/2011\/09\/110929_KAF_057.thumbnail.jpg\" alt=\"110929_KAF_057.jpg\" width=\"265\" \/><\/a> <a title=\"Foto: Marzena Traber\" href=\"http:\/\/www.fuldaer-nachrichten.de\/wp-content\/uploads\/2011\/09\/110929_KAF_058.jpg\" rel=\"lightbox[roadtrip]\" target=\"_blank\"><img decoding=\"async\" src=\"http:\/\/www.fuldaer-nachrichten.de\/wp-content\/uploads\/2011\/09\/110929_KAF_058.thumbnail.jpg\" alt=\"110929_KAF_058.jpg\" width=\"265\" \/><\/a><\/p>\n<p><a title=\"Foto: Marzena Traber\" href=\"http:\/\/www.fuldaer-nachrichten.de\/wp-content\/uploads\/2011\/09\/110929_KAF_011.jpg\" rel=\"lightbox[roadtrip]\" target=\"_blank\"><img decoding=\"async\" src=\"http:\/\/www.fuldaer-nachrichten.de\/wp-content\/uploads\/2011\/09\/110929_KAF_011.thumbnail.jpg\" alt=\"110929_KAF_011.jpg\" width=\"265\" \/><\/a> <a title=\"Foto: Marzena Traber\" href=\"http:\/\/www.fuldaer-nachrichten.de\/wp-content\/uploads\/2011\/09\/110929_KAF_012.jpg\" rel=\"lightbox[roadtrip]\" target=\"_blank\"><img decoding=\"async\" src=\"http:\/\/www.fuldaer-nachrichten.de\/wp-content\/uploads\/2011\/09\/110929_KAF_012.thumbnail.jpg\" alt=\"110929_KAF_012.jpg\" width=\"265\" \/><\/a><\/p>\n<p><a title=\"Foto: Marzena Traber\" href=\"http:\/\/www.fuldaer-nachrichten.de\/wp-content\/uploads\/2011\/09\/110929_KAF_013.jpg\" rel=\"lightbox[roadtrip]\" target=\"_blank\"><img decoding=\"async\" src=\"http:\/\/www.fuldaer-nachrichten.de\/wp-content\/uploads\/2011\/09\/110929_KAF_013.thumbnail.jpg\" alt=\"110929_KAF_013.jpg\" width=\"265\" \/><\/a> <a title=\"Foto: Marzena Traber\" href=\"http:\/\/www.fuldaer-nachrichten.de\/wp-content\/uploads\/2011\/09\/110929_KAF_014.jpg\" rel=\"lightbox[roadtrip]\" target=\"_blank\"><img decoding=\"async\" src=\"http:\/\/www.fuldaer-nachrichten.de\/wp-content\/uploads\/2011\/09\/110929_KAF_014.thumbnail.jpg\" alt=\"110929_KAF_014.jpg\" width=\"265\" \/><\/a><\/p>\n<p><a title=\"Foto: Marzena Traber\" href=\"http:\/\/www.fuldaer-nachrichten.de\/wp-content\/uploads\/2011\/09\/110929_KAF_015.jpg\" rel=\"lightbox[roadtrip]\" target=\"_blank\"><img decoding=\"async\" src=\"http:\/\/www.fuldaer-nachrichten.de\/wp-content\/uploads\/2011\/09\/110929_KAF_015.thumbnail.jpg\" alt=\"110929_KAF_015.jpg\" width=\"265\" \/><\/a> <a title=\"Foto: Marzena Traber\" href=\"http:\/\/www.fuldaer-nachrichten.de\/wp-content\/uploads\/2011\/09\/110929_KAF_016.jpg\" rel=\"lightbox[roadtrip]\" target=\"_blank\"><img decoding=\"async\" src=\"http:\/\/www.fuldaer-nachrichten.de\/wp-content\/uploads\/2011\/09\/110929_KAF_016.thumbnail.jpg\" alt=\"110929_KAF_016.jpg\" width=\"265\" \/><\/a><\/p>\n<p><a title=\"Foto: Marzena Traber\" href=\"http:\/\/www.fuldaer-nachrichten.de\/wp-content\/uploads\/2011\/09\/110929_KAF_019.jpg\" rel=\"lightbox[roadtrip]\" target=\"_blank\"><img decoding=\"async\" src=\"http:\/\/www.fuldaer-nachrichten.de\/wp-content\/uploads\/2011\/09\/110929_KAF_019.thumbnail.jpg\" alt=\"110929_KAF_019.jpg\" width=\"265\" \/><\/a> <a title=\"Foto: Marzena Traber\" href=\"http:\/\/www.fuldaer-nachrichten.de\/wp-content\/uploads\/2011\/09\/110929_KAF_020.jpg\" rel=\"lightbox[roadtrip]\" target=\"_blank\"><img decoding=\"async\" src=\"http:\/\/www.fuldaer-nachrichten.de\/wp-content\/uploads\/2011\/09\/110929_KAF_020.thumbnail.jpg\" alt=\"110929_KAF_020.jpg\" width=\"265\" \/><\/a><\/p>\n<p><a title=\"Foto: Marzena Traber\" href=\"http:\/\/www.fuldaer-nachrichten.de\/wp-content\/uploads\/2011\/09\/110929_KAF_021.jpg\" rel=\"lightbox[roadtrip]\" target=\"_blank\"><img decoding=\"async\" src=\"http:\/\/www.fuldaer-nachrichten.de\/wp-content\/uploads\/2011\/09\/110929_KAF_021.thumbnail.jpg\" alt=\"110929_KAF_021.jpg\" width=\"265\" \/><\/a> <a title=\"Foto: Marzena Traber\" href=\"http:\/\/www.fuldaer-nachrichten.de\/wp-content\/uploads\/2011\/09\/110929_KAF_022.jpg\" rel=\"lightbox[roadtrip]\" target=\"_blank\"><img decoding=\"async\" src=\"http:\/\/www.fuldaer-nachrichten.de\/wp-content\/uploads\/2011\/09\/110929_KAF_022.thumbnail.jpg\" alt=\"110929_KAF_022.jpg\" width=\"265\" \/><\/a><\/p>\n<p><a title=\"Foto: Marzena Traber\" href=\"http:\/\/www.fuldaer-nachrichten.de\/wp-content\/uploads\/2011\/09\/110929_KAF_025.jpg\" rel=\"lightbox[roadtrip]\" target=\"_blank\"><img decoding=\"async\" src=\"http:\/\/www.fuldaer-nachrichten.de\/wp-content\/uploads\/2011\/09\/110929_KAF_025.thumbnail.jpg\" alt=\"110929_KAF_025.jpg\" width=\"265\" \/><\/a> <a title=\"Foto: Marzena Traber\" href=\"http:\/\/www.fuldaer-nachrichten.de\/wp-content\/uploads\/2011\/09\/110929_KAF_026.jpg\" rel=\"lightbox[roadtrip]\" target=\"_blank\"><img decoding=\"async\" src=\"http:\/\/www.fuldaer-nachrichten.de\/wp-content\/uploads\/2011\/09\/110929_KAF_026.thumbnail.jpg\" alt=\"110929_KAF_026.jpg\" width=\"265\" \/><\/a><\/p>\n<p><a title=\"Foto: Marzena Traber\" href=\"http:\/\/www.fuldaer-nachrichten.de\/wp-content\/uploads\/2011\/09\/110929_KAF_029.jpg\" rel=\"lightbox[roadtrip]\" target=\"_blank\"><img decoding=\"async\" src=\"http:\/\/www.fuldaer-nachrichten.de\/wp-content\/uploads\/2011\/09\/110929_KAF_029.thumbnail.jpg\" alt=\"110929_KAF_029.jpg\" width=\"265\" \/><\/a> <a title=\"Foto: Marzena Traber\" href=\"http:\/\/www.fuldaer-nachrichten.de\/wp-content\/uploads\/2011\/09\/110929_KAF_030.jpg\" rel=\"lightbox[roadtrip]\" target=\"_blank\"><img decoding=\"async\" src=\"http:\/\/www.fuldaer-nachrichten.de\/wp-content\/uploads\/2011\/09\/110929_KAF_030.thumbnail.jpg\" alt=\"110929_KAF_030.jpg\" width=\"265\" \/><\/a><\/p>\n<p><a title=\"Foto: Marzena Traber\" href=\"http:\/\/www.fuldaer-nachrichten.de\/wp-content\/uploads\/2011\/09\/110929_KAF_031.jpg\" rel=\"lightbox[roadtrip]\" target=\"_blank\"><img decoding=\"async\" src=\"http:\/\/www.fuldaer-nachrichten.de\/wp-content\/uploads\/2011\/09\/110929_KAF_031.thumbnail.jpg\" alt=\"110929_KAF_031.jpg\" width=\"265\" \/><\/a> <a title=\"Foto: Marzena Traber\" href=\"http:\/\/www.fuldaer-nachrichten.de\/wp-content\/uploads\/2011\/09\/110929_KAF_032.jpg\" rel=\"lightbox[roadtrip]\" target=\"_blank\"><img decoding=\"async\" src=\"http:\/\/www.fuldaer-nachrichten.de\/wp-content\/uploads\/2011\/09\/110929_KAF_032.thumbnail.jpg\" alt=\"110929_KAF_032.jpg\" width=\"265\" \/><\/a><\/p>\n<p><a title=\"Foto: Marzena Traber\" href=\"http:\/\/www.fuldaer-nachrichten.de\/wp-content\/uploads\/2011\/09\/110929_KAF_033.jpg\" rel=\"lightbox[roadtrip]\" target=\"_blank\"><img decoding=\"async\" src=\"http:\/\/www.fuldaer-nachrichten.de\/wp-content\/uploads\/2011\/09\/110929_KAF_033.thumbnail.jpg\" alt=\"110929_KAF_033.jpg\" width=\"265\" \/><\/a> <a title=\"Foto: Marzena Traber\" href=\"http:\/\/www.fuldaer-nachrichten.de\/wp-content\/uploads\/2011\/09\/110929_KAF_034.jpg\" rel=\"lightbox[roadtrip]\" target=\"_blank\"><img decoding=\"async\" src=\"http:\/\/www.fuldaer-nachrichten.de\/wp-content\/uploads\/2011\/09\/110929_KAF_034.thumbnail.jpg\" alt=\"110929_KAF_034.jpg\" width=\"265\" \/><\/a><\/p>\n<p><a title=\"Foto: Marzena Traber\" href=\"http:\/\/www.fuldaer-nachrichten.de\/wp-content\/uploads\/2011\/09\/110929_KAF_035.jpg\" rel=\"lightbox[roadtrip]\" target=\"_blank\"><img decoding=\"async\" src=\"http:\/\/www.fuldaer-nachrichten.de\/wp-content\/uploads\/2011\/09\/110929_KAF_035.thumbnail.jpg\" alt=\"110929_KAF_035.jpg\" width=\"265\" \/><\/a> <a title=\"Foto: Marzena Traber\" href=\"http:\/\/www.fuldaer-nachrichten.de\/wp-content\/uploads\/2011\/09\/110929_KAF_036.jpg\" rel=\"lightbox[roadtrip]\" target=\"_blank\"><img decoding=\"async\" src=\"http:\/\/www.fuldaer-nachrichten.de\/wp-content\/uploads\/2011\/09\/110929_KAF_036.thumbnail.jpg\" alt=\"110929_KAF_036.jpg\" width=\"265\" \/><\/a><\/p>\n<p><a title=\"Foto: Marzena Traber\" href=\"http:\/\/www.fuldaer-nachrichten.de\/wp-content\/uploads\/2011\/09\/110929_KAF_059.jpg\" rel=\"lightbox[roadtrip]\" target=\"_blank\"><img decoding=\"async\" src=\"http:\/\/www.fuldaer-nachrichten.de\/wp-content\/uploads\/2011\/09\/110929_KAF_059.thumbnail.jpg\" alt=\"110929_KAF_059.jpg\" width=\"265\" \/><\/a> <a title=\"Foto: Marzena Traber\" href=\"http:\/\/www.fuldaer-nachrichten.de\/wp-content\/uploads\/2011\/09\/110929_KAF_060.jpg\" rel=\"lightbox[roadtrip]\" target=\"_blank\"><img decoding=\"async\" src=\"http:\/\/www.fuldaer-nachrichten.de\/wp-content\/uploads\/2011\/09\/110929_KAF_060.thumbnail.jpg\" alt=\"110929_KAF_060.jpg\" width=\"265\" \/><\/a><\/p>\n<p><a title=\"Foto: Marzena Traber\" href=\"http:\/\/www.fuldaer-nachrichten.de\/wp-content\/uploads\/2011\/09\/110929_KAF_061.jpg\" rel=\"lightbox[roadtrip]\" target=\"_blank\"><img decoding=\"async\" src=\"http:\/\/www.fuldaer-nachrichten.de\/wp-content\/uploads\/2011\/09\/110929_KAF_061.thumbnail.jpg\" alt=\"110929_KAF_061.jpg\" width=\"265\" \/><\/a> <a title=\"Foto: Marzena Traber\" href=\"http:\/\/www.fuldaer-nachrichten.de\/wp-content\/uploads\/2011\/09\/110929_KAF_062.jpg\" rel=\"lightbox[roadtrip]\" target=\"_blank\"><img decoding=\"async\" src=\"http:\/\/www.fuldaer-nachrichten.de\/wp-content\/uploads\/2011\/09\/110929_KAF_062.thumbnail.jpg\" alt=\"110929_KAF_062.jpg\" width=\"265\" \/><\/a><\/p>\n<p><a title=\"Foto: Marzena Traber\" href=\"http:\/\/www.fuldaer-nachrichten.de\/wp-content\/uploads\/2011\/09\/110929_KAF_023.jpg\" rel=\"lightbox[roadtrip]\" target=\"_blank\"><img decoding=\"async\" src=\"http:\/\/www.fuldaer-nachrichten.de\/wp-content\/uploads\/2011\/09\/110929_KAF_023.thumbnail.jpg\" alt=\"110929_KAF_023.jpg\" width=\"265\" \/><\/a> <a title=\"Foto: Marzena Traber\" href=\"http:\/\/www.fuldaer-nachrichten.de\/wp-content\/uploads\/2011\/09\/110929_KAF_024.jpg\" rel=\"lightbox[roadtrip]\" target=\"_blank\"><img decoding=\"async\" src=\"http:\/\/www.fuldaer-nachrichten.de\/wp-content\/uploads\/2011\/09\/110929_KAF_024.thumbnail.jpg\" alt=\"110929_KAF_024.jpg\" width=\"265\" \/><\/a><\/p>\n<p><a title=\"Foto: Marzena Traber\" href=\"http:\/\/www.fuldaer-nachrichten.de\/wp-content\/uploads\/2011\/09\/110929_KAF_017.jpg\" rel=\"lightbox[roadtrip]\" target=\"_blank\"><img decoding=\"async\" src=\"http:\/\/www.fuldaer-nachrichten.de\/wp-content\/uploads\/2011\/09\/110929_KAF_017.thumbnail.jpg\" alt=\"110929_KAF_017.jpg\" width=\"265\" \/><\/a> <a title=\"Foto: Marzena Traber\" href=\"http:\/\/www.fuldaer-nachrichten.de\/wp-content\/uploads\/2011\/09\/110929_KAF_018.jpg\" rel=\"lightbox[roadtrip]\" target=\"_blank\"><img decoding=\"async\" src=\"http:\/\/www.fuldaer-nachrichten.de\/wp-content\/uploads\/2011\/09\/110929_KAF_018.thumbnail.jpg\" alt=\"110929_KAF_018.jpg\" width=\"265\" \/><\/a><\/p>\n<p><a title=\"Foto: Marzena Traber\" href=\"http:\/\/www.fuldaer-nachrichten.de\/wp-content\/uploads\/2011\/09\/110929_KAF_063.jpg\" rel=\"lightbox[roadtrip]\" target=\"_blank\"><img decoding=\"async\" src=\"http:\/\/www.fuldaer-nachrichten.de\/wp-content\/uploads\/2011\/09\/110929_KAF_063.thumbnail.jpg\" alt=\"110929_KAF_063.jpg\" width=\"265\" \/><\/a> <a title=\"Foto: Marzena Traber\" href=\"http:\/\/www.fuldaer-nachrichten.de\/wp-content\/uploads\/2011\/09\/110929_KAF_064.jpg\" rel=\"lightbox[roadtrip]\" target=\"_blank\"><img decoding=\"async\" src=\"http:\/\/www.fuldaer-nachrichten.de\/wp-content\/uploads\/2011\/09\/110929_KAF_064.thumbnail.jpg\" alt=\"110929_KAF_064.jpg\" width=\"265\" \/><\/a><\/p>\n<p><a title=\"Foto: Marzena Traber\" href=\"http:\/\/www.fuldaer-nachrichten.de\/wp-content\/uploads\/2011\/09\/110929_KAF_065.jpg\" rel=\"lightbox[roadtrip]\" target=\"_blank\"><img decoding=\"async\" src=\"http:\/\/www.fuldaer-nachrichten.de\/wp-content\/uploads\/2011\/09\/110929_KAF_065.thumbnail.jpg\" alt=\"110929_KAF_065.jpg\" width=\"265\" \/><\/a> <a title=\"Foto: Marzena Traber\" href=\"http:\/\/www.fuldaer-nachrichten.de\/wp-content\/uploads\/2011\/09\/110929_KAF_066.jpg\" rel=\"lightbox[roadtrip]\" target=\"_blank\"><img decoding=\"async\" src=\"http:\/\/www.fuldaer-nachrichten.de\/wp-content\/uploads\/2011\/09\/110929_KAF_066.thumbnail.jpg\" alt=\"110929_KAF_066.jpg\" width=\"265\" \/><\/a><\/p>\n<p><a title=\"Foto: Marzena Traber\" href=\"http:\/\/www.fuldaer-nachrichten.de\/wp-content\/uploads\/2011\/09\/110929_KAF_067.jpg\" rel=\"lightbox[roadtrip]\" target=\"_blank\"><img decoding=\"async\" src=\"http:\/\/www.fuldaer-nachrichten.de\/wp-content\/uploads\/2011\/09\/110929_KAF_067.thumbnail.jpg\" alt=\"110929_KAF_067.jpg\" width=\"265\" \/><\/a>\u00c2\u00a0<a title=\"Foto: Marzena Traber\" href=\"http:\/\/www.fuldaer-nachrichten.de\/wp-content\/uploads\/2011\/09\/110929_KAF_082.jpg\" rel=\"lightbox[roadtrip]\" target=\"_blank\"><img decoding=\"async\" src=\"http:\/\/www.fuldaer-nachrichten.de\/wp-content\/uploads\/2011\/09\/110929_KAF_082.thumbnail.jpg\" alt=\"110929_KAF_082.jpg\" width=\"265\" \/><\/a><\/p>\n<p><a title=\"Foto: Marzena Traber\" href=\"http:\/\/www.fuldaer-nachrichten.de\/wp-content\/uploads\/2011\/09\/110929_KAF_069.jpg\" rel=\"lightbox[roadtrip]\" target=\"_blank\"><img decoding=\"async\" src=\"http:\/\/www.fuldaer-nachrichten.de\/wp-content\/uploads\/2011\/09\/110929_KAF_069.thumbnail.jpg\" alt=\"110929_KAF_069.jpg\" width=\"265\" \/><\/a> <a title=\"Foto: Marzena Traber\" href=\"http:\/\/www.fuldaer-nachrichten.de\/wp-content\/uploads\/2011\/09\/110929_KAF_070.jpg\" rel=\"lightbox[roadtrip]\" target=\"_blank\"><img decoding=\"async\" src=\"http:\/\/www.fuldaer-nachrichten.de\/wp-content\/uploads\/2011\/09\/110929_KAF_070.thumbnail.jpg\" alt=\"110929_KAF_070.jpg\" width=\"265\" \/><\/a><\/p>\n<p><a title=\"Foto: Marzena Traber\" href=\"http:\/\/www.fuldaer-nachrichten.de\/wp-content\/uploads\/2011\/09\/110929_KAF_071.jpg\" rel=\"lightbox[roadtrip]\" target=\"_blank\"><img decoding=\"async\" src=\"http:\/\/www.fuldaer-nachrichten.de\/wp-content\/uploads\/2011\/09\/110929_KAF_071.thumbnail.jpg\" alt=\"110929_KAF_071.jpg\" width=\"265\" \/><\/a> <a title=\"Foto: Marzena Traber\" href=\"http:\/\/www.fuldaer-nachrichten.de\/wp-content\/uploads\/2011\/09\/110929_KAF_072.jpg\" rel=\"lightbox[roadtrip]\" target=\"_blank\"><img decoding=\"async\" src=\"http:\/\/www.fuldaer-nachrichten.de\/wp-content\/uploads\/2011\/09\/110929_KAF_072.thumbnail.jpg\" alt=\"110929_KAF_072.jpg\" width=\"265\" \/><\/a><\/p>\n<p><a title=\"Foto: Marzena Traber\" href=\"http:\/\/www.fuldaer-nachrichten.de\/wp-content\/uploads\/2011\/09\/110929_KAF_073.jpg\" rel=\"lightbox[roadtrip]\" target=\"_blank\"><img decoding=\"async\" src=\"http:\/\/www.fuldaer-nachrichten.de\/wp-content\/uploads\/2011\/09\/110929_KAF_073.thumbnail.jpg\" alt=\"110929_KAF_073.jpg\" width=\"265\" \/><\/a> <a title=\"Foto: Marzena Traber\" href=\"http:\/\/www.fuldaer-nachrichten.de\/wp-content\/uploads\/2011\/09\/110929_KAF_074.jpg\" rel=\"lightbox[roadtrip]\" target=\"_blank\"><img decoding=\"async\" src=\"http:\/\/www.fuldaer-nachrichten.de\/wp-content\/uploads\/2011\/09\/110929_KAF_074.thumbnail.jpg\" alt=\"110929_KAF_074.jpg\" width=\"265\" \/><\/a><\/p>\n<p><a title=\"Foto: Marzena Traber\" href=\"http:\/\/www.fuldaer-nachrichten.de\/wp-content\/uploads\/2011\/09\/110929_KAF_028.jpg\" rel=\"lightbox[roadtrip]\" target=\"_blank\"><img decoding=\"async\" src=\"http:\/\/www.fuldaer-nachrichten.de\/wp-content\/uploads\/2011\/09\/110929_KAF_028.thumbnail.jpg\" alt=\"110929_KAF_028.jpg\" width=\"265\" \/><\/a> <a title=\"Foto: Marzena Traber\" href=\"http:\/\/www.fuldaer-nachrichten.de\/wp-content\/uploads\/2011\/09\/110929_KAF_037.jpg\" rel=\"lightbox[roadtrip]\" target=\"_blank\"><img decoding=\"async\" src=\"http:\/\/www.fuldaer-nachrichten.de\/wp-content\/uploads\/2011\/09\/110929_KAF_037.thumbnail.jpg\" alt=\"110929_KAF_037.jpg\" width=\"265\" \/><\/a><\/p>\n<p><a title=\"Foto: Marzena Traber\" href=\"http:\/\/www.fuldaer-nachrichten.de\/wp-content\/uploads\/2011\/09\/110929_KAF_075.jpg\" rel=\"lightbox[roadtrip]\" target=\"_blank\"><img decoding=\"async\" src=\"http:\/\/www.fuldaer-nachrichten.de\/wp-content\/uploads\/2011\/09\/110929_KAF_075.thumbnail.jpg\" alt=\"110929_KAF_075.jpg\" width=\"265\" \/><\/a> <a title=\"Foto: Marzena Traber\" href=\"http:\/\/www.fuldaer-nachrichten.de\/wp-content\/uploads\/2011\/09\/110929_KAF_076.jpg\" rel=\"lightbox[roadtrip]\" target=\"_blank\"><img decoding=\"async\" src=\"http:\/\/www.fuldaer-nachrichten.de\/wp-content\/uploads\/2011\/09\/110929_KAF_076.thumbnail.jpg\" alt=\"110929_KAF_076.jpg\" width=\"265\" \/><\/a><\/p>\n<p><a title=\"Foto: Marzena Traber\" href=\"http:\/\/www.fuldaer-nachrichten.de\/wp-content\/uploads\/2011\/09\/110929_KAF_077.jpg\" rel=\"lightbox[roadtrip]\" target=\"_blank\"><img decoding=\"async\" src=\"http:\/\/www.fuldaer-nachrichten.de\/wp-content\/uploads\/2011\/09\/110929_KAF_077.thumbnail.jpg\" alt=\"110929_KAF_077.jpg\" width=\"265\" \/><\/a> <a title=\"Foto: Marzena Traber\" href=\"http:\/\/www.fuldaer-nachrichten.de\/wp-content\/uploads\/2011\/09\/110929_KAF_078.jpg\" rel=\"lightbox[roadtrip]\" target=\"_blank\"><img decoding=\"async\" src=\"http:\/\/www.fuldaer-nachrichten.de\/wp-content\/uploads\/2011\/09\/110929_KAF_078.thumbnail.jpg\" alt=\"110929_KAF_078.jpg\" width=\"265\" \/><\/a><\/p>\n<p><a title=\"Foto: Marzena Traber\" href=\"http:\/\/www.fuldaer-nachrichten.de\/wp-content\/uploads\/2011\/09\/110929_KAF_079.jpg\" rel=\"lightbox[roadtrip]\" target=\"_blank\"><img decoding=\"async\" src=\"http:\/\/www.fuldaer-nachrichten.de\/wp-content\/uploads\/2011\/09\/110929_KAF_079.thumbnail.jpg\" alt=\"110929_KAF_079.jpg\" width=\"265\" \/><\/a> <a title=\"Foto: Marzena Traber\" href=\"http:\/\/www.fuldaer-nachrichten.de\/wp-content\/uploads\/2011\/09\/110929_KAF_080.jpg\" rel=\"lightbox[roadtrip]\" target=\"_blank\"><img decoding=\"async\" src=\"http:\/\/www.fuldaer-nachrichten.de\/wp-content\/uploads\/2011\/09\/110929_KAF_080.thumbnail.jpg\" alt=\"110929_KAF_080.jpg\" width=\"265\" \/><\/a><\/p>\n<p><a title=\"Foto: Marzena Traber\" href=\"http:\/\/www.fuldaer-nachrichten.de\/wp-content\/uploads\/2011\/09\/110929_KAF_081.jpg\" rel=\"lightbox[roadtrip]\" target=\"_blank\"><img decoding=\"async\" src=\"http:\/\/www.fuldaer-nachrichten.de\/wp-content\/uploads\/2011\/09\/110929_KAF_081.thumbnail.jpg\" alt=\"110929_KAF_081.jpg\" width=\"265\" \/><\/a>\u00c2\u00a0<a title=\"Foto: Marzena Traber\" href=\"http:\/\/www.fuldaer-nachrichten.de\/wp-content\/uploads\/2011\/09\/110929_KAF_001.jpg\" rel=\"lightbox[roadtrip]\" target=\"_blank\"><img decoding=\"async\" src=\"http:\/\/www.fuldaer-nachrichten.de\/wp-content\/uploads\/2011\/09\/110929_KAF_001.thumbnail.jpg\" alt=\"110929_KAF_001.jpg\" width=\"265\" \/><\/a><\/p>\n<p><a title=\"Foto: Marzena Traber\" href=\"http:\/\/www.fuldaer-nachrichten.de\/wp-content\/uploads\/2011\/09\/110929_KAF_008.jpg\" rel=\"lightbox[roadtrip]\" target=\"_blank\"><img decoding=\"async\" src=\"http:\/\/www.fuldaer-nachrichten.de\/wp-content\/uploads\/2011\/09\/110929_KAF_008.thumbnail.jpg\" alt=\"110929_KAF_008.jpg\" width=\"265\" \/><\/a> <a title=\"Foto: Marzena Traber\" href=\"http:\/\/www.fuldaer-nachrichten.de\/wp-content\/uploads\/2011\/09\/110929_KAF_007.jpg\" rel=\"lightbox[roadtrip]\" target=\"_blank\"><img decoding=\"async\" src=\"http:\/\/www.fuldaer-nachrichten.de\/wp-content\/uploads\/2011\/09\/110929_KAF_007.thumbnail.jpg\" alt=\"110929_KAF_007.jpg\" width=\"265\" \/><\/a><\/p>\n<p><a title=\"Foto: Marzena Traber\" href=\"http:\/\/www.fuldaer-nachrichten.de\/wp-content\/uploads\/2011\/09\/110929_KAF_051.jpg\" rel=\"lightbox[roadtrip]\" target=\"_blank\"><img decoding=\"async\" src=\"http:\/\/www.fuldaer-nachrichten.de\/wp-content\/uploads\/2011\/09\/110929_KAF_051.thumbnail.jpg\" alt=\"110929_KAF_051.jpg\" width=\"265\" \/><\/a> <a title=\"Foto: Marzena Traber\" href=\"http:\/\/www.fuldaer-nachrichten.de\/wp-content\/uploads\/2011\/09\/110929_KAF_052.jpg\" rel=\"lightbox[roadtrip]\" target=\"_blank\"><img decoding=\"async\" src=\"http:\/\/www.fuldaer-nachrichten.de\/wp-content\/uploads\/2011\/09\/110929_KAF_052.thumbnail.jpg\" alt=\"110929_KAF_052.jpg\" width=\"265\" \/><\/a><\/p>\n<p><a title=\"Foto: Marzena Traber\" href=\"http:\/\/www.fuldaer-nachrichten.de\/wp-content\/uploads\/2011\/09\/110929_KAF_053.jpg\" rel=\"lightbox[roadtrip]\" target=\"_blank\"><img decoding=\"async\" src=\"http:\/\/www.fuldaer-nachrichten.de\/wp-content\/uploads\/2011\/09\/110929_KAF_053.thumbnail.jpg\" alt=\"110929_KAF_053.jpg\" width=\"265\" \/><\/a> <a title=\"Foto: Marzena Traber\" href=\"http:\/\/www.fuldaer-nachrichten.de\/wp-content\/uploads\/2011\/09\/110929_KAF_054.jpg\" rel=\"lightbox[roadtrip]\" target=\"_blank\"><img decoding=\"async\" src=\"http:\/\/www.fuldaer-nachrichten.de\/wp-content\/uploads\/2011\/09\/110929_KAF_054.thumbnail.jpg\" alt=\"110929_KAF_054.jpg\" width=\"265\" \/><\/a><\/p>\n<p><a title=\"Foto: Marzena Traber\" href=\"http:\/\/www.fuldaer-nachrichten.de\/wp-content\/uploads\/2011\/09\/110929_KAF_093.jpg\" rel=\"lightbox[roadtrip]\" target=\"_blank\"><img decoding=\"async\" src=\"http:\/\/www.fuldaer-nachrichten.de\/wp-content\/uploads\/2011\/09\/110929_KAF_093.thumbnail.jpg\" alt=\"110929_KAF_093.jpg\" width=\"265\" \/><\/a><\/p>\n<p>&nbsp;<\/p>\n","protected":false},"excerpt":{"rendered":"<div class=\"tmnf_excerpt\"><p>Fulda. Kunst in Workshops und Ausstellungen ist seit Beginn ein fester Bestandteil der Konzeption und des Programms der Kinder-Akademie Fulda. Immer verfolgen die Ausstellungskonzepte den Wunsch, Kinder und Jugendliche, aber durchaus auch Erwachsene anzusprechen und ihnen einen K\u00fcnstler oder eine Kunstrichtung vorzustellen und n\u00e4her zu bringen. \u201eEs geht darum, die Sinne der Besucher in einer &hellip;<\/p>\n<\/div>","protected":false},"author":1,"featured_media":0,"comment_status":"closed","ping_status":"closed","sticky":false,"template":"","format":"standard","meta":{"footnotes":""},"categories":[1,54,72,44,78],"tags":[],"class_list":["post-91211","post","type-post","status-publish","format-standard","hentry","category-startseite","category-bildergalerien","category-jugend","category-kultur","category-topthema"],"_links":{"self":[{"href":"https:\/\/www.fuldaernachrichten.de\/index.php?rest_route=\/wp\/v2\/posts\/91211","targetHints":{"allow":["GET"]}}],"collection":[{"href":"https:\/\/www.fuldaernachrichten.de\/index.php?rest_route=\/wp\/v2\/posts"}],"about":[{"href":"https:\/\/www.fuldaernachrichten.de\/index.php?rest_route=\/wp\/v2\/types\/post"}],"author":[{"embeddable":true,"href":"https:\/\/www.fuldaernachrichten.de\/index.php?rest_route=\/wp\/v2\/users\/1"}],"replies":[{"embeddable":true,"href":"https:\/\/www.fuldaernachrichten.de\/index.php?rest_route=%2Fwp%2Fv2%2Fcomments&post=91211"}],"version-history":[{"count":1,"href":"https:\/\/www.fuldaernachrichten.de\/index.php?rest_route=\/wp\/v2\/posts\/91211\/revisions"}],"predecessor-version":[{"id":91223,"href":"https:\/\/www.fuldaernachrichten.de\/index.php?rest_route=\/wp\/v2\/posts\/91211\/revisions\/91223"}],"wp:attachment":[{"href":"https:\/\/www.fuldaernachrichten.de\/index.php?rest_route=%2Fwp%2Fv2%2Fmedia&parent=91211"}],"wp:term":[{"taxonomy":"category","embeddable":true,"href":"https:\/\/www.fuldaernachrichten.de\/index.php?rest_route=%2Fwp%2Fv2%2Fcategories&post=91211"},{"taxonomy":"post_tag","embeddable":true,"href":"https:\/\/www.fuldaernachrichten.de\/index.php?rest_route=%2Fwp%2Fv2%2Ftags&post=91211"}],"curies":[{"name":"wp","href":"https:\/\/api.w.org\/{rel}","templated":true}]}}