{"id":91130,"date":"2011-09-28T00:15:17","date_gmt":"2011-09-28T00:15:17","guid":{"rendered":"http:\/\/www.fuldaer-nachrichten.de\/?p=91130"},"modified":"2011-09-27T17:39:42","modified_gmt":"2011-09-27T17:39:42","slug":"kuhlschrank-kunst-im-fuldaer-wohnstift-mediana","status":"publish","type":"post","link":"https:\/\/www.fuldaernachrichten.de\/?p=91130","title":{"rendered":"\u201eK\u00fchlschrank-Kunst\u201c im Fuldaer Wohnstift Mediana"},"content":{"rendered":"<p><strong><a href=\"http:\/\/www.fuldaer-nachrichten.de\/wp-content\/uploads\/2011\/09\/110927_Kunst.jpg\"><img fetchpriority=\"high\" decoding=\"async\" class=\"alignleft size-thumbnail wp-image-91131\" title=\"110927_Kunst\" src=\"http:\/\/www.fuldaer-nachrichten.de\/wp-content\/uploads\/2011\/09\/110927_Kunst-265x198.jpg\" alt=\"\" width=\"265\" height=\"198\" srcset=\"https:\/\/www.fuldaernachrichten.de\/wp-content\/uploads\/2011\/09\/110927_Kunst-265x198.jpg 265w, https:\/\/www.fuldaernachrichten.de\/wp-content\/uploads\/2011\/09\/110927_Kunst.jpg 592w\" sizes=\"(max-width: 265px) 100vw, 265px\" \/><\/a>Fulda. <\/strong>Der Blick in den K\u00fchlschrank ist ja meistens von der Frage bestimmt \u201eWas gibt es hier noch Leckeres zu essen?\u201c Die Erfahrung, dass ein solcher Blick durchaus auch ein \u00e4sthetisches Erlebnis werden kann, machten die Sch\u00fclerinnen und Sch\u00fcler aus dem Kunstkurs der 12b des Fuldaer Marianums. Ihre gro\u00dfformatigen, farbigen Grafiken zum K\u00fchlschrank-Innenleben sind derzeit im Wohnstift Mediana ausgestellt. <!--more--><\/p>\n<p>Bei der Vernissage stimmte Kunstlehrer Clemens Lutz nach der Begr\u00fc\u00dfung durch Stiftsleiterin Michaela Heller mit einem selbst geschriebenen Lied zur Gitarre auf das Thema ein und erl\u00e4uterte die Entwicklung der Bildgattung \u201eStillleben\u201c im kunstgeschichtlichen Kontext. Die Sch\u00fclerinnen Theresa Blum, Julia Goldbach, Marlena K\u00fcmmel und Milena Wehner erkl\u00e4rten den Senioren das Bildkonzept sowie den Herstellungsprozess.<\/p>\n<p>Zun\u00e4chst war daheim der offene K\u00fchlschrank fotografiert worden. Nach dieser Bildvorlage wurden dann im Kunstunterricht und zu Hause in vielen Stunden und mit Tausenden von Strichen die gro\u00dfformatigen Grafiken erarbeitet, wobei man die Themen \u201eStillleben\u201c sowie\u00c2\u00a0 \u201ePerspektive\u201c kombinierte und vertiefte. Die Damen und Herren im Wohnstift wurden von den Sch\u00fclerinnen bei der Ausstellungser\u00f6ffnung gebeten, zu den ausgeteilten Fotovorlagen die jeweiligen Grafik-Originale in der Pr\u00e4sentation zu suchen \u2013 ein willkommener Anlass, sich die Bilder genauer anzuschauen. Die Ausstellung im Wohnstift Mediana ist bis zum 31. Oktober auch f\u00fcr interessierte G\u00e4ste zu sehen.<\/p>\n","protected":false},"excerpt":{"rendered":"<div class=\"tmnf_excerpt\"><p>Fulda. Der Blick in den K\u00fchlschrank ist ja meistens von der Frage bestimmt \u201eWas gibt es hier noch Leckeres zu essen?\u201c Die Erfahrung, dass ein solcher Blick durchaus auch ein \u00e4sthetisches Erlebnis werden kann, machten die Sch\u00fclerinnen und Sch\u00fcler aus dem Kunstkurs der 12b des Fuldaer Marianums. Ihre gro\u00dfformatigen, farbigen Grafiken zum K\u00fchlschrank-Innenleben sind derzeit &hellip;<\/p>\n<\/div>","protected":false},"author":1,"featured_media":0,"comment_status":"closed","ping_status":"closed","sticky":false,"template":"","format":"standard","meta":{"footnotes":""},"categories":[1],"tags":[],"class_list":["post-91130","post","type-post","status-publish","format-standard","hentry","category-startseite"],"_links":{"self":[{"href":"https:\/\/www.fuldaernachrichten.de\/index.php?rest_route=\/wp\/v2\/posts\/91130","targetHints":{"allow":["GET"]}}],"collection":[{"href":"https:\/\/www.fuldaernachrichten.de\/index.php?rest_route=\/wp\/v2\/posts"}],"about":[{"href":"https:\/\/www.fuldaernachrichten.de\/index.php?rest_route=\/wp\/v2\/types\/post"}],"author":[{"embeddable":true,"href":"https:\/\/www.fuldaernachrichten.de\/index.php?rest_route=\/wp\/v2\/users\/1"}],"replies":[{"embeddable":true,"href":"https:\/\/www.fuldaernachrichten.de\/index.php?rest_route=%2Fwp%2Fv2%2Fcomments&post=91130"}],"version-history":[{"count":0,"href":"https:\/\/www.fuldaernachrichten.de\/index.php?rest_route=\/wp\/v2\/posts\/91130\/revisions"}],"wp:attachment":[{"href":"https:\/\/www.fuldaernachrichten.de\/index.php?rest_route=%2Fwp%2Fv2%2Fmedia&parent=91130"}],"wp:term":[{"taxonomy":"category","embeddable":true,"href":"https:\/\/www.fuldaernachrichten.de\/index.php?rest_route=%2Fwp%2Fv2%2Fcategories&post=91130"},{"taxonomy":"post_tag","embeddable":true,"href":"https:\/\/www.fuldaernachrichten.de\/index.php?rest_route=%2Fwp%2Fv2%2Ftags&post=91130"}],"curies":[{"name":"wp","href":"https:\/\/api.w.org\/{rel}","templated":true}]}}