{"id":91126,"date":"2011-09-28T00:09:29","date_gmt":"2011-09-28T00:09:29","guid":{"rendered":"http:\/\/www.fuldaer-nachrichten.de\/?p=91126"},"modified":"2011-09-27T17:40:42","modified_gmt":"2011-09-27T17:40:42","slug":"caritas-altenpflegeheim-st-josef-in-fulda-bei-mdk-prufung-mit-der-pflegenote-10-ausgezeichnet","status":"publish","type":"post","link":"https:\/\/www.fuldaernachrichten.de\/?p=91126","title":{"rendered":"Caritas Altenpflegeheim St. Josef in Fulda bei MDK-Pr\u00fcfung mit der Pflegenote 1,0 ausgezeichnet"},"content":{"rendered":"<p><strong>Fulda. <\/strong>Das Caritas Altenpflegeheim St. Josef verzeichnet gegen\u00fcber der letzten MDK-Pr\u00fcfung aus dem Jahr 2010 eine weitere Qualit\u00e4tssteigerung und erhielt dieses Jahr die hervorragende Note von 1,0 durch den Medizinischen Dienst der Krankenversicherung (kurz MDK). Pflegenoten bewerten allgemein die Leistungen und Qualit\u00e4t von Pflegeheimen und Pflegediensten. F\u00fcr den Kunden bietet eine Benotung die M\u00f6glichkeit, sich umfassend und objektiv \u00fcber die geleistete Arbeit einer Pflegeeinrichtung beziehungsweise eines Pflegedienstes zu informieren. W\u00e4hrend einer Pr\u00fcfung werden sich seitens des MDK die unterschiedlichsten Bereiche angeschaut und gem\u00e4\u00df dem Schulnotensystem bewertet.<!--more--><\/p>\n<p>Mit der Gesamtnote von 1,0 wird dem Caritas Altenpflegeheim St. Josef eine Pflegequalit\u00e4t attestiert, die \u00fcber dem Landesdurchschnitt von 1,3 liegt. \u201eWir freuen uns \u00fcber die hervorragende Pflegenote von 1,0 und sind stolz auf unsere Mitarbeiterinnen und Mitarbeiter, die t\u00e4glich eine qualitativ hochwertige Leistung erbringen\u201c, so Heimleiter Oliver Trousil. Die Verantwortlichen des St. Josef verzeichnen eine konstant sehr gute Benotung \u00fcber aller Bereiche hinweg \u2013 von der pflegerischen und medizinischen Versorgung \u00fcber die soziale Betreuung bis hin zur Unterkunft und Verpflegung. Der ausf\u00fchrliche Transparenzbericht, aus dem die Gesamtnote sowie die Benotung der verschiedenen Einzelbereiche hervorgehen, kann beispielsweise unter www.pflegelotse.de nachgelesen werden.<\/p>\n","protected":false},"excerpt":{"rendered":"<div class=\"tmnf_excerpt\"><p>Fulda. Das Caritas Altenpflegeheim St. Josef verzeichnet gegen\u00fcber der letzten MDK-Pr\u00fcfung aus dem Jahr 2010 eine weitere Qualit\u00e4tssteigerung und erhielt dieses Jahr die hervorragende Note von 1,0 durch den Medizinischen Dienst der Krankenversicherung (kurz MDK). Pflegenoten bewerten allgemein die Leistungen und Qualit\u00e4t von Pflegeheimen und Pflegediensten. F\u00fcr den Kunden bietet eine Benotung die M\u00f6glichkeit, sich &hellip;<\/p>\n<\/div>","protected":false},"author":1,"featured_media":0,"comment_status":"closed","ping_status":"closed","sticky":false,"template":"","format":"standard","meta":{"footnotes":""},"categories":[1],"tags":[],"class_list":["post-91126","post","type-post","status-publish","format-standard","hentry","category-startseite"],"_links":{"self":[{"href":"https:\/\/www.fuldaernachrichten.de\/index.php?rest_route=\/wp\/v2\/posts\/91126","targetHints":{"allow":["GET"]}}],"collection":[{"href":"https:\/\/www.fuldaernachrichten.de\/index.php?rest_route=\/wp\/v2\/posts"}],"about":[{"href":"https:\/\/www.fuldaernachrichten.de\/index.php?rest_route=\/wp\/v2\/types\/post"}],"author":[{"embeddable":true,"href":"https:\/\/www.fuldaernachrichten.de\/index.php?rest_route=\/wp\/v2\/users\/1"}],"replies":[{"embeddable":true,"href":"https:\/\/www.fuldaernachrichten.de\/index.php?rest_route=%2Fwp%2Fv2%2Fcomments&post=91126"}],"version-history":[{"count":0,"href":"https:\/\/www.fuldaernachrichten.de\/index.php?rest_route=\/wp\/v2\/posts\/91126\/revisions"}],"wp:attachment":[{"href":"https:\/\/www.fuldaernachrichten.de\/index.php?rest_route=%2Fwp%2Fv2%2Fmedia&parent=91126"}],"wp:term":[{"taxonomy":"category","embeddable":true,"href":"https:\/\/www.fuldaernachrichten.de\/index.php?rest_route=%2Fwp%2Fv2%2Fcategories&post=91126"},{"taxonomy":"post_tag","embeddable":true,"href":"https:\/\/www.fuldaernachrichten.de\/index.php?rest_route=%2Fwp%2Fv2%2Ftags&post=91126"}],"curies":[{"name":"wp","href":"https:\/\/api.w.org\/{rel}","templated":true}]}}